{"id":265744,"date":"2025-05-14T11:15:00","date_gmt":"2025-05-14T09:15:00","guid":{"rendered":"https:\/\/www.tucomarca.com\/wordpress\/segunda\/?p=265744"},"modified":"2025-05-14T20:17:48","modified_gmt":"2025-05-14T18:17:48","slug":"lsm-lartistica-de-xiva-en-el-seu-175-aniversari-dedica-els-concerte-del-mes-de-maig-als-socis","status":"publish","type":"post","link":"https:\/\/www.tucomarca.com\/wordpress\/segunda\/ca\/lsm-lartistica-de-xiva-en-el-seu-175-aniversari-dedica-els-concerte-del-mes-de-maig-als-socis\/","title":{"rendered":"L&#8217;SM \u201cL&#8217;Art\u00edstica de Xiva\u201d en el seu 175 aniversari, dedica els concerte del mes de maig als socis"},"content":{"rendered":"\n<h3 class=\"wp-block-heading\">El primer s&#8217;oferir\u00e0 dissabte que ve 17 de maig<\/h3>\n\n\n<div class=\"wp-block-image\">\n<figure class=\"alignleft size-large is-resized\"><img loading=\"lazy\" decoding=\"async\" width=\"722\" height=\"1024\" src=\"https:\/\/www.tucomarca.com\/wordpress\/segunda\/wp-content\/uploads\/2025\/05\/ChivaArtistica-722x1024.jpg\" alt=\"\" class=\"wp-image-265741\" style=\"width:358px;height:auto\" srcset=\"https:\/\/www.tucomarca.com\/wordpress\/segunda\/wp-content\/uploads\/2025\/05\/ChivaArtistica-722x1024.jpg 722w, https:\/\/www.tucomarca.com\/wordpress\/segunda\/wp-content\/uploads\/2025\/05\/ChivaArtistica-211x300.jpg 211w, https:\/\/www.tucomarca.com\/wordpress\/segunda\/wp-content\/uploads\/2025\/05\/ChivaArtistica-768x1090.jpg 768w, https:\/\/www.tucomarca.com\/wordpress\/segunda\/wp-content\/uploads\/2025\/05\/ChivaArtistica.jpg 886w\" sizes=\"auto, (max-width: 722px) 100vw, 722px\" \/><\/figure>\n<\/div>\n\n\n<p>La Societat Musical \u201cL&#8217;Art\u00edstica\u201d de Xiva ha programat dos concerts especials per a aquest mes de maig, dedicats especialment als seus socis\/as i simpatitzants.<\/p>\n\n\n\n<p>El primer s&#8217;oferir\u00e0 aquest pr\u00f2xim dissabte, 17 de maig, a les 19 hores, a la sala d&#8217;audicions de la Casa dela M\u00fasica i comptar\u00e0 amb la participaci\u00f3 de la Coral Verge del Castell, acompanyada pel grup de metalls i percussi\u00f3, i l&#8217;actuaci\u00f3 de l&#8217;Orquestra Maestro Garc\u00eda Navarro.<\/p>\n\n\n\n<p>La Coral oferir\u00e0 un especial repertori de m\u00fasica renaixentista que es caracteritza per la seua suau sonoritat. El programa estar\u00e0 basat en obres dels can\u00e7oners de Upsala i de Palacio, i tamb\u00e9 dels compositors Juan de l&#8217;Alzina.<\/p>\n\n\n\n<p>L&#8217;orquestra Maestro Garc\u00eda navarr\u00e9s oferir\u00e0 obres dels compositors francesos: Jean-Phillippe Rameau. Jean-Baptiste Lully i Georges Bizet.<\/p>\n\n\n\n<p>Per a finalitzar el concert, la Coral i l&#8217;Orquestra interpretaran conjuntament: SIGNUM de Tielman Susato.<\/p>\n\n\n\n<p>El segon concert s&#8217;oferir\u00e0 dissabte que ve 31 de maig per part de la Banda Simf\u00f2nica, i comptar\u00e0 amb l&#8217;estrena de la simfonia \u201cJalupe\u201d. Aquesta \u00e9s la tercera composici\u00f3 simf\u00f2nica del chivano Luis Serrano Alarc\u00f3n. D&#8217;aquest concert informarem pr\u00f2ximament.<\/p>\n","protected":false},"excerpt":{"rendered":"<div class=\"mh-excerpt\">El primer s&#8217;oferir\u00e0 dissabte que ve 17 de maig La Societat Musical \u201cL&#8217;Art\u00edstica\u201d de Xiva ha programat dos concerts especials per a aquest mes de maig, dedicats especialment als seus socis\/as i simpatitzants. El primer <a class=\"mh-excerpt-more\" href=\"https:\/\/www.tucomarca.com\/wordpress\/segunda\/ca\/lsm-lartistica-de-xiva-en-el-seu-175-aniversari-dedica-els-concerte-del-mes-de-maig-als-socis\/\" title=\"L&#8217;SM \u201cL&#8217;Art\u00edstica de Xiva\u201d en el seu 175 aniversari, dedica els concerte del mes de maig als socis\">[+] <\/a><\/div>\n","protected":false},"author":12,"featured_media":265742,"comment_status":"open","ping_status":"open","sticky":false,"template":"","format":"standard","meta":{"footnotes":""},"categories":[11019,11005,10894,10912,11007,10896,10975],"tags":[22352,11195,10914,14188],"class_list":{"0":"post-265744","1":"post","2":"type-post","3":"status-publish","4":"format-standard","5":"has-post-thumbnail","7":"category-agenda-ca","8":"category-canal-musica","9":"category-la-comarca-ca","10":"category-la-hoya-ca","11":"category-ocio-y-cultura-ca","12":"category-seccion-ca","13":"category-chiva-ca","14":"tag-175-aniversario-ca","15":"tag-chiva-ca","16":"tag-la-hoya-de-bunol-chiva-ca","17":"tag-sm-la-artistica-de-chiva-2-ca"},"_links":{"self":[{"href":"https:\/\/www.tucomarca.com\/wordpress\/segunda\/ca\/wp-json\/wp\/v2\/posts\/265744","targetHints":{"allow":["GET"]}}],"collection":[{"href":"https:\/\/www.tucomarca.com\/wordpress\/segunda\/ca\/wp-json\/wp\/v2\/posts"}],"about":[{"href":"https:\/\/www.tucomarca.com\/wordpress\/segunda\/ca\/wp-json\/wp\/v2\/types\/post"}],"author":[{"embeddable":true,"href":"https:\/\/www.tucomarca.com\/wordpress\/segunda\/ca\/wp-json\/wp\/v2\/users\/12"}],"replies":[{"embeddable":true,"href":"https:\/\/www.tucomarca.com\/wordpress\/segunda\/ca\/wp-json\/wp\/v2\/comments?post=265744"}],"version-history":[{"count":0,"href":"https:\/\/www.tucomarca.com\/wordpress\/segunda\/ca\/wp-json\/wp\/v2\/posts\/265744\/revisions"}],"wp:featuredmedia":[{"embeddable":true,"href":"https:\/\/www.tucomarca.com\/wordpress\/segunda\/ca\/wp-json\/wp\/v2\/media\/265742"}],"wp:attachment":[{"href":"https:\/\/www.tucomarca.com\/wordpress\/segunda\/ca\/wp-json\/wp\/v2\/media?parent=265744"}],"wp:term":[{"taxonomy":"category","embeddable":true,"href":"https:\/\/www.tucomarca.com\/wordpress\/segunda\/ca\/wp-json\/wp\/v2\/categories?post=265744"},{"taxonomy":"post_tag","embeddable":true,"href":"https:\/\/www.tucomarca.com\/wordpress\/segunda\/ca\/wp-json\/wp\/v2\/tags?post=265744"}],"curies":[{"name":"wp","href":"https:\/\/api.w.org\/{rel}","templated":true}]}}