{"id":265927,"date":"2025-05-15T11:30:00","date_gmt":"2025-05-15T09:30:00","guid":{"rendered":"https:\/\/www.tucomarca.com\/wordpress\/segunda\/?p=265927"},"modified":"2025-05-15T18:29:13","modified_gmt":"2025-05-15T16:29:13","slug":"quique-gonzalez-santiago-auseron-i-conociendo-rusia-encapcalen-el-cartell-musical-de-tierra-bobal-fest-que-tambe-acull-un-programa-dexperiencies-i-un-mercat-gastroartsane","status":"publish","type":"post","link":"https:\/\/www.tucomarca.com\/wordpress\/segunda\/ca\/quique-gonzalez-santiago-auseron-i-conociendo-rusia-encapcalen-el-cartell-musical-de-tierra-bobal-fest-que-tambe-acull-un-programa-dexperiencies-i-un-mercat-gastroartsane\/","title":{"rendered":"Quique Gonz\u00e1lez, Santiago Auser\u00f3n i Conociendo Rusia encap\u00e7alen el cartell musical de Tierra Bobal Fest que tamb\u00e9 acull un programa d&#8217;experi\u00e8ncies i un mercat Gastro(Art)Sane"},"content":{"rendered":"\n<h3 class=\"wp-block-heading\">Tierra Bobal Fest celebrar\u00e0 la seua tercera edici\u00f3 del 27 al 29 de juny en diversos escenaris de la comarca integrada pels municipis de Camporrobles, Caudete de las Fuentes, Xera, Fuenterrobles, Requena, Sinarques, Utiel, Venta del Moro i Villargordo del Cabriel. Els abonaments estan a la venda en tierrabobalfest.com.<\/h3>\n\n\n\n<h3 class=\"wp-block-heading\">En el cartell musical tamb\u00e9 es troben Josh Rouse, Guadi Galego i Lady Moon DJ.<\/h3>\n\n\n\n<h3 class=\"wp-block-heading\">La programaci\u00f3 compta tamb\u00e9 amb Experi\u00e8ncies (activitats vitivin\u00edcoles, visites patrimonials\u2026) i una proposta gastron\u00f2mica en la qual destaca com a novetat en aquesta edici\u00f3 el Mercat Gastro(Art)Sa, amb restaurants i productors locals.<\/h3>\n\n\n\n<p>El festival Tierra Bobal Fest anuncia el cartell complet de la seua tercera edici\u00f3. L&#8217;esdeveniment, que pertany a la marca Festivales territorio, tornar\u00e0 a la comarca d&#8217;Utiel-Requena del 27 al 29 de juny.<\/p>\n\n\n\n<p>Tierra Bobal Fest presenta una programaci\u00f3 que combina m\u00fasica en directe, patrimoni, vi i naturalesa. Amb concerts que es repartiran per diferents escenaris o cellers locals, el p\u00fablic podr\u00e0 gaudir en enclavaments especials d&#8217;artistes com Quique Gonz\u00e1lez, un referent del rock espanyol d&#8217;autor; Santiago Auser\u00f3n, conegut per formar part d&#8217;un dels grups m\u00e9s destacats de la Moguda Madrilenya, R\u00e0dio Futura; des de l&#8217;Argentina arribar\u00e0 Coneixent R\u00fassia, una de les bandes amb m\u00e9s projecci\u00f3 internacional de latinoam\u00e9rica i Premi Grammy Llat\u00ed a la Millor Can\u00e7\u00f3 Pop\/Rock per \u201cCinc hores menys\u201d. Completa el cartell l&#8217;estatunidenc Josh Rouse i des de Gal\u00edcia una de les seues artistes m\u00e9s destacades, Guadi Galego, que amb un estil personal fusiona pop i folk tradicional. La dj Lady Moon estar\u00e0 tamb\u00e9 en aquesta nova edici\u00f3 de Tierra Bobal Fest. Una proposta musical que mescla artistes de diferents territoris amb una marcada identitat pr\u00f2pia.<\/p>\n\n\n\n<p>La gastronomia comptar\u00e0 amb un lloc destacat en el festival. En aquesta edici\u00f3 es presentar\u00e0 per primera vegada el Mercat Gastro(Art)Sa, una proposta que comptar\u00e0 amb destacats restaurants i productors locals en un espai a mesura. El p\u00fablic podr\u00e0 viure el territori des dels productes, sabors de la seua terra i fins i tot des de l&#8217;artesania local, ja que hi haur\u00e0 diferents llocs. A m\u00e9s, en els diferents escenaris del festival hi haur\u00e0 proposades gastron\u00f2miques dels restaurants Garzar\u00e1n, Santolina i Cuina Cadani.<\/p>\n\n\n\n<p>Tierra Bobal Fest completa el seu cartell amb una proposta \u00fanica, la de posar el territori en un primer pla i que el p\u00fablic el gaudisca amb tots els sentits. Per a aix\u00f2, presenta la seua programaci\u00f3 d&#8217;Experi\u00e8ncies, entre les quals destaquen tastos com la del T\u00fanel del Vi, visites a cellers locals, turisme actiu, rutes guiades de senderisme o patrimonials, astroturismo i experi\u00e8ncies gastron\u00f2miques. Aquestes propostes ofereixen una immersi\u00f3 completa en el paisatge, la cultura i la enogastronom\u00eda de la regi\u00f3. Els detalls d&#8217;aquestes experi\u00e8ncies es donaran a con\u00e9ixer pr\u00f2ximament, al costat de les entrades que donaran acc\u00e9s a aquestes.<\/p>\n\n\n\n<p>Els abonaments, que donen acc\u00e9s a la programaci\u00f3 musical, ja es troben a la venda en la p\u00e0gina web del festival i pr\u00f2ximament estaran disponibles les entrades per a Experi\u00e8ncies. La tercera edici\u00f3 de Tierra Bobal Fest compta amb la col\u00b7laboraci\u00f3 de la Mancomunitat Interior Tierra del Vino.<\/p>\n\n\n\n<p><strong>Sobre Festivales Territorio<\/strong><\/p>\n\n\n\n<p>Festivales Territorio \u00e9s una marca creada per la promotora gallega i-radia Crega que agrupa una s\u00e8rie de festivals culturals dissenyats per a connectar profundament amb l&#8217;entorn en el qual se celebren. Aquests esdeveniments busquen posar en valor el patrimoni, la gastronomia, el vi i el paisatge de diferents comarques, promovent un turisme sostenible i de qualitat. Entre els festivals que integren aquesta marca es troben: 17\u00e9 Ribeira Sacra (18-20 de juliol), Esf\u00e8rica Rioja Alabesa (22-24 d&#8217;agost), Tierra Bobal Fest (27-29 de juliol), N\u00f3made Ontinyent &#8211; Terres Dels Alforins i Canari.<\/p>\n\n\n\n<p>Cadascun d&#8217;aquests festivals se celebra en entorns naturals \u00fanics de la pen\u00ednsula ib\u00e8rica i les seues illes, oferint una experi\u00e8ncia completa que conjumina m\u00fasica, art, terra i gastronomia. La programaci\u00f3 d&#8217;aquests esdeveniments es caracteritza per la seua qualitat i per advocar pel respecte i cura cap a l&#8217;entorn.<\/p>\n","protected":false},"excerpt":{"rendered":"<div class=\"mh-excerpt\">Tierra Bobal Fest celebrar\u00e0 la seua tercera edici\u00f3 del 27 al 29 de juny en diversos escenaris de la comarca integrada pels municipis de Camporrobles, Caudete de las Fuentes, Xera, Fuenterrobles, Requena, Sinarques, Utiel, Venta <a class=\"mh-excerpt-more\" href=\"https:\/\/www.tucomarca.com\/wordpress\/segunda\/ca\/quique-gonzalez-santiago-auseron-i-conociendo-rusia-encapcalen-el-cartell-musical-de-tierra-bobal-fest-que-tambe-acull-un-programa-dexperiencies-i-un-mercat-gastroartsane\/\" title=\"Quique Gonz\u00e1lez, Santiago Auser\u00f3n i Conociendo Rusia encap\u00e7alen el cartell musical de Tierra Bobal Fest que tamb\u00e9 acull un programa d&#8217;experi\u00e8ncies i un mercat Gastro(Art)Sane\">[+] <\/a><\/div>\n","protected":false},"author":12,"featured_media":265926,"comment_status":"open","ping_status":"open","sticky":false,"template":"","format":"standard","meta":{"footnotes":""},"categories":[11019,11031,11005,11032,11054,11055,10894,11007,10908,10909,10896,11058,11059,11060,11061],"tags":[11099,10910,12388,20650],"class_list":{"0":"post-265927","1":"post","2":"type-post","3":"status-publish","4":"format-standard","5":"has-post-thumbnail","7":"category-agenda-ca","8":"category-camporrobles-ca","9":"category-canal-musica","10":"category-caudete-ca","11":"category-chera-ca","12":"category-fuenterrobles-ca","13":"category-la-comarca-ca","14":"category-ocio-y-cultura-ca","15":"category-requena-ca","16":"category-requena-utiel-ca","17":"category-seccion-ca","18":"category-sinarcas-ca","19":"category-utiel-ca","20":"category-venta-del-moro-ca","21":"category-villargordo-del-cabriel-ca","22":"tag-requena-ca","23":"tag-requena-utiel-ca","24":"tag-tierra-bobal-ca","25":"tag-tierra-bobal-fest-ca"},"_links":{"self":[{"href":"https:\/\/www.tucomarca.com\/wordpress\/segunda\/ca\/wp-json\/wp\/v2\/posts\/265927","targetHints":{"allow":["GET"]}}],"collection":[{"href":"https:\/\/www.tucomarca.com\/wordpress\/segunda\/ca\/wp-json\/wp\/v2\/posts"}],"about":[{"href":"https:\/\/www.tucomarca.com\/wordpress\/segunda\/ca\/wp-json\/wp\/v2\/types\/post"}],"author":[{"embeddable":true,"href":"https:\/\/www.tucomarca.com\/wordpress\/segunda\/ca\/wp-json\/wp\/v2\/users\/12"}],"replies":[{"embeddable":true,"href":"https:\/\/www.tucomarca.com\/wordpress\/segunda\/ca\/wp-json\/wp\/v2\/comments?post=265927"}],"version-history":[{"count":0,"href":"https:\/\/www.tucomarca.com\/wordpress\/segunda\/ca\/wp-json\/wp\/v2\/posts\/265927\/revisions"}],"wp:featuredmedia":[{"embeddable":true,"href":"https:\/\/www.tucomarca.com\/wordpress\/segunda\/ca\/wp-json\/wp\/v2\/media\/265926"}],"wp:attachment":[{"href":"https:\/\/www.tucomarca.com\/wordpress\/segunda\/ca\/wp-json\/wp\/v2\/media?parent=265927"}],"wp:term":[{"taxonomy":"category","embeddable":true,"href":"https:\/\/www.tucomarca.com\/wordpress\/segunda\/ca\/wp-json\/wp\/v2\/categories?post=265927"},{"taxonomy":"post_tag","embeddable":true,"href":"https:\/\/www.tucomarca.com\/wordpress\/segunda\/ca\/wp-json\/wp\/v2\/tags?post=265927"}],"curies":[{"name":"wp","href":"https:\/\/api.w.org\/{rel}","templated":true}]}}