{"id":265999,"date":"2025-05-16T09:15:00","date_gmt":"2025-05-16T07:15:00","guid":{"rendered":"https:\/\/www.tucomarca.com\/wordpress\/segunda\/?p=265999"},"modified":"2025-05-16T09:27:46","modified_gmt":"2025-05-16T07:27:46","slug":"la-diputacio-presenta-el-cartell-del-seu-primer-festival-de-jazz-amb-big-bands-i-mitics-grups-de-la-provincia","status":"publish","type":"post","link":"https:\/\/www.tucomarca.com\/wordpress\/segunda\/ca\/la-diputacio-presenta-el-cartell-del-seu-primer-festival-de-jazz-amb-big-bands-i-mitics-grups-de-la-provincia\/","title":{"rendered":"La Diputaci\u00f3 presenta el cartell del seu primer festival de jazz amb Big bands i m\u00edtics grups de la prov\u00edncia"},"content":{"rendered":"\n<h3 class=\"wp-block-heading\">La primera edici\u00f3 de \u2018FEM-HO JAZZ, que se celebra entre el 15 de maig i el 12 de juliol, oferir\u00e0 concerts gratu\u00efts a Potries, Real, Meliana, Carcaixent i a la ciutat de Val\u00e8ncia.<\/h3>\n\n\n\n<h3 class=\"wp-block-heading\">El diputat de Cultura, Paco Teruel, destaca la creaci\u00f3 de la Federaci\u00f3 de Big bands de la provincia i la posada en marxa del festival de jazz en resposta a la creixent demanda dels municipis.<\/h3>\n\n\n\n<p>El Magatzem de Ribera de Carcaixent ser\u00e0 l&#8217;escenari de la primera cita del festival FEM-HO JAZZ de la Diputaci\u00f3 de Val\u00e8ncia, que comptar\u00e0 amb formacions com l&#8217;Original Dixieland Sedajazz, la Jove Big band Sedajazz i Arantxa Dom\u00ednguez i Ricardo Belda Quartet, entre altres. Aix\u00ed, este mat\u00ed s&#8217;ha donat a con\u00e9ixer la programaci\u00f3 del certamen, que portar\u00e0 la m\u00fasica jazz a quatre municipis de la prov\u00edncia: Potries, Real, Meliana i Carcaixent, i tamb\u00e9 a la ciutat de Val\u00e8ncia, amb tres concerts en el Centre Cultural La Benefic\u00e8ncia.<\/p>\n\n\n\n<p>El festival naix, tal com ha explicat el diputat de Cultura, Paco Teruel, \u201cdespr\u00e9s de detectar que la m\u00fasica jazz estava experimentant un notable increment tant en m\u00fasics com en agrupacions i adeptes; molts ajuntaments el sol\u00b7licitaven i moltes agrupacions demanaven poder tocar; calia articular una ferramenta per a posar-ho en marxa\u201d. Aix\u00ed, des de l&#8217;\u00e0rea de Cultura de la Diputaci\u00f3, es van posar en contacte amb referents del jazz a la prov\u00edncia com a Latino, Kako Rubio i Jos\u00e9 Usina. \u201cEn un temps r\u00e8cord -continua Teruel- ja ten\u00edem preparat el primer festival FEM-HO JAZZ de la Diputaci\u00f3 de Val\u00e8ncia i, cosa que \u00e9s m\u00e9s important, la creaci\u00f3 de la Federaci\u00f3 de Big bands de la prov\u00edncia\u201d.<\/p>\n\n\n\n<p>El festival arranca esta nit a Carcaixent amb un concert de la Federaci\u00f3 de Big bands de la prov\u00edncia de Val\u00e8ncia. \u201cHem aconseguit unir a totes les Big bands de la prov\u00edncia i hem creat la Federaci\u00f3; a m\u00e9s, hem aconseguit una cosa que per a mi era molt dif\u00edcil, ajuntar a un membre de cada Big band i que amb un assaig, facen un concert tan potent i m\u00edtic com el d&#8217;esta nit\u201d, ha assenyalat el president de la Federaci\u00f3, Jos\u00e9 Usina.<\/p>\n\n\n\n<p>El festival, que arribar\u00e0 a la Ribera Alta, la Safor i l&#8217;Horta Nord, a m\u00e9s de la ciutat de Val\u00e8ncia, est\u00e0 format per tres Big bands. En este sentit, Usina apunta que per a la Federaci\u00f3 \u201cera important que estigueren representades estes formacions en el festival, a m\u00e9s de tres grups de gent molt m\u00edtica com Ricardo Belda i Arantxa Dom\u00ednguez, professionals que porten molts anys en el jazz lluitant i realitzant projectes\u201d.<\/p>\n\n\n\n<figure class=\"wp-block-image size-large\"><img loading=\"lazy\" decoding=\"async\" width=\"1024\" height=\"666\" src=\"http:\/\/www.tucomarca.com\/wordpress\/segunda\/wp-content\/uploads\/2025\/05\/DipuFEM-HOJAZZ2-1024x666.jpg\" alt=\"\" class=\"wp-image-265996\" srcset=\"https:\/\/www.tucomarca.com\/wordpress\/segunda\/wp-content\/uploads\/2025\/05\/DipuFEM-HOJAZZ2-1024x666.jpg 1024w, https:\/\/www.tucomarca.com\/wordpress\/segunda\/wp-content\/uploads\/2025\/05\/DipuFEM-HOJAZZ2-300x195.jpg 300w, https:\/\/www.tucomarca.com\/wordpress\/segunda\/wp-content\/uploads\/2025\/05\/DipuFEM-HOJAZZ2-768x499.jpg 768w, https:\/\/www.tucomarca.com\/wordpress\/segunda\/wp-content\/uploads\/2025\/05\/DipuFEM-HOJAZZ2.jpg 1181w\" sizes=\"auto, (max-width: 1024px) 100vw, 1024px\" \/><\/figure>\n\n\n\n<p><strong>La ruta de \u2018FEM-HO JAZZ\u2019&nbsp;<\/strong><\/p>\n\n\n\n<p>FEM-HO JAZZ s&#8217;estrenar\u00e0 esta mateixa nit a Carcaixent a les 21.00 hores en el Magatzem de Ribera, amb un concert de la Federaci\u00f3 de Big bands de la Prov\u00edncia de Val\u00e8ncia. La segona cita tindr\u00e0 lloc este divendres, 16 de maig, a les 20.15 hores en el Centre Cultural La Benefic\u00e8ncia de Val\u00e8ncia, amb un concert d&#8217;Original Dixieland Sedajazz.<\/p>\n\n\n\n<p>La Diputaci\u00f3 portar\u00e0 el festival a Potries el 18 de maig, a les 19.30 hores, amb l&#8217;actuaci\u00f3 de la Jove Big band Sedajazz en la pla\u00e7a del Cup; aix\u00ed mateix, el jazz tornar\u00e0 a la Benefic\u00e8ncia el 30 de maig a les 20.15 hores de la m\u00e0 d&#8217;Arantxa Dom\u00ednguez i Ricardo Belda Quartet. El seg\u00fcent concert ser\u00e0 el 31 de maig tamb\u00e9 en la Benefic\u00e8ncia, a les 20.15 hores; en esta ocasi\u00f3 pujar\u00e0 a l&#8217;escenari Ester And\u00fajar Group.<\/p>\n\n\n\n<p>L&#8217;1 de juny, el certamen arribar\u00e0 a Real amb En Clau de Jazz Big band; l&#8217;actuaci\u00f3 ser\u00e0 a les 19.00 hores en la Casa de la Cultura. El festival conclour\u00e0 a Meliana el 12 de juliol en el Palauet de Noia, on actuar\u00e0 la L\u00edrica Big band Feat junt amb Eva Romero.<\/p>\n","protected":false},"excerpt":{"rendered":"<div class=\"mh-excerpt\">La primera edici\u00f3 de \u2018FEM-HO JAZZ, que se celebra entre el 15 de maig i el 12 de juliol, oferir\u00e0 concerts gratu\u00efts a Potries, Real, Meliana, Carcaixent i a la ciutat de Val\u00e8ncia. El diputat <a class=\"mh-excerpt-more\" href=\"https:\/\/www.tucomarca.com\/wordpress\/segunda\/ca\/la-diputacio-presenta-el-cartell-del-seu-primer-festival-de-jazz-amb-big-bands-i-mitics-grups-de-la-provincia\/\" title=\"La Diputaci\u00f3 presenta el cartell del seu primer festival de jazz amb Big bands i m\u00edtics grups de la prov\u00edncia\">[+] <\/a><\/div>\n","protected":false},"author":12,"featured_media":265995,"comment_status":"open","ping_status":"open","sticky":false,"template":"","format":"standard","meta":{"footnotes":""},"categories":[11019,11005,10894,10904,10902,11007,11051,10896],"tags":[11246,22381],"class_list":{"0":"post-265999","1":"post","2":"type-post","3":"status-publish","4":"format-standard","5":"has-post-thumbnail","7":"category-agenda-ca","8":"category-canal-musica","9":"category-la-comarca-ca","10":"category-sin-categorizar-ca","11":"category-la-ribera-ca","12":"category-ocio-y-cultura-ca","13":"category-real-de-montroi-ca","14":"category-seccion-ca","15":"tag-diputacio-de-valencia-ca","16":"tag-fem-ho-jazz-ca"},"_links":{"self":[{"href":"https:\/\/www.tucomarca.com\/wordpress\/segunda\/ca\/wp-json\/wp\/v2\/posts\/265999","targetHints":{"allow":["GET"]}}],"collection":[{"href":"https:\/\/www.tucomarca.com\/wordpress\/segunda\/ca\/wp-json\/wp\/v2\/posts"}],"about":[{"href":"https:\/\/www.tucomarca.com\/wordpress\/segunda\/ca\/wp-json\/wp\/v2\/types\/post"}],"author":[{"embeddable":true,"href":"https:\/\/www.tucomarca.com\/wordpress\/segunda\/ca\/wp-json\/wp\/v2\/users\/12"}],"replies":[{"embeddable":true,"href":"https:\/\/www.tucomarca.com\/wordpress\/segunda\/ca\/wp-json\/wp\/v2\/comments?post=265999"}],"version-history":[{"count":0,"href":"https:\/\/www.tucomarca.com\/wordpress\/segunda\/ca\/wp-json\/wp\/v2\/posts\/265999\/revisions"}],"wp:featuredmedia":[{"embeddable":true,"href":"https:\/\/www.tucomarca.com\/wordpress\/segunda\/ca\/wp-json\/wp\/v2\/media\/265995"}],"wp:attachment":[{"href":"https:\/\/www.tucomarca.com\/wordpress\/segunda\/ca\/wp-json\/wp\/v2\/media?parent=265999"}],"wp:term":[{"taxonomy":"category","embeddable":true,"href":"https:\/\/www.tucomarca.com\/wordpress\/segunda\/ca\/wp-json\/wp\/v2\/categories?post=265999"},{"taxonomy":"post_tag","embeddable":true,"href":"https:\/\/www.tucomarca.com\/wordpress\/segunda\/ca\/wp-json\/wp\/v2\/tags?post=265999"}],"curies":[{"name":"wp","href":"https:\/\/api.w.org\/{rel}","templated":true}]}}