{"id":266252,"date":"2025-05-19T08:15:00","date_gmt":"2025-05-19T06:15:00","guid":{"rendered":"https:\/\/www.tucomarca.com\/wordpress\/segunda\/?p=266252"},"modified":"2025-05-19T19:07:20","modified_gmt":"2025-05-19T17:07:20","slug":"musicata-jazz-quan-el-vi-sona-sona-a-jazz","status":"publish","type":"post","link":"https:\/\/www.tucomarca.com\/wordpress\/segunda\/ca\/musicata-jazz-quan-el-vi-sona-sona-a-jazz\/","title":{"rendered":"Musicata Jazz: quan el vi sona\u2026 sona a jazz"},"content":{"rendered":"\n<p>Divendres que ve 30 de maig, a les 19.30 hores, l&#8217;emblem\u00e0tic Pati de la Casa Alamanz\u00f3n a Utiel es transformar\u00e0 en escenari de MUSICATA JAZZ: un tast a l&#8217;aire lliure amb molt de ritme, sabor i una atmosfera que convida a quedar-se fins a l&#8217;\u00faltim concorde.<\/p>\n\n\n<div class=\"wp-block-image\">\n<figure class=\"alignleft size-large is-resized\"><img loading=\"lazy\" decoding=\"async\" width=\"724\" height=\"1024\" src=\"http:\/\/www.tucomarca.com\/wordpress\/segunda\/wp-content\/uploads\/2025\/05\/MusicataJAZZ-724x1024.jpg\" alt=\"\" class=\"wp-image-266251\" style=\"width:424px;height:auto\" srcset=\"https:\/\/www.tucomarca.com\/wordpress\/segunda\/wp-content\/uploads\/2025\/05\/MusicataJAZZ-724x1024.jpg 724w, https:\/\/www.tucomarca.com\/wordpress\/segunda\/wp-content\/uploads\/2025\/05\/MusicataJAZZ-212x300.jpg 212w, https:\/\/www.tucomarca.com\/wordpress\/segunda\/wp-content\/uploads\/2025\/05\/MusicataJAZZ-768x1086.jpg 768w, https:\/\/www.tucomarca.com\/wordpress\/segunda\/wp-content\/uploads\/2025\/05\/MusicataJAZZ.jpg 886w\" sizes=\"auto, (max-width: 724px) 100vw, 724px\" \/><\/figure>\n<\/div>\n\n\n<p>L&#8217;esdeveniment, obert al p\u00fablic fins a completar aforament, uneix vi i m\u00fasica en directe en un entorn carregat d&#8217;hist\u00f2ria i encant. Com en tots els bons plans de la DO, es cataran els vins seleccionats DO Utiel-Requena 2025: una cuidada selecci\u00f3 amb segell de qualitat que representa el millor de l&#8217;any.<br>La posada en escena est\u00e0 pensada per a assaborir l&#8217;arribada del bon temps i celebrar els xicotets plaers compartits. A la banda sonora posar\u00e0 veu el trio AMAJAZZ, que acompanyar\u00e0 el tast amb un repertori en directe pensat per a crear una experi\u00e8ncia envolupant i sensorial.<br>A m\u00e9s, l&#8217;equip del programa &#8220;Un pa\u00eds de vins&#8221; d&#8217;RTVE R\u00e0dio, dirigit per Manuel Moraga, ser\u00e0 present per a traslladar l&#8217;ess\u00e8ncia de la trobada a la seua audi\u00e8ncia en tot el pa\u00eds.<br>Apunta la data. Convida a qui vulgues. I prepara&#8217;t per a un pla diferent i amb flow.<br>Senzillament VAIG DIR VI\u2026 VAIG DIR UTIEL REQUENA.<br>Entrada lliure fins a completar aforament.<\/p>\n\n\n\n<p><\/p>\n","protected":false},"excerpt":{"rendered":"<div class=\"mh-excerpt\">Divendres que ve 30 de maig, a les 19.30 hores, l&#8217;emblem\u00e0tic Pati de la Casa Alamanz\u00f3n a Utiel es transformar\u00e0 en escenari de MUSICATA JAZZ: un tast a l&#8217;aire lliure amb molt de ritme, sabor <a class=\"mh-excerpt-more\" href=\"https:\/\/www.tucomarca.com\/wordpress\/segunda\/ca\/musicata-jazz-quan-el-vi-sona-sona-a-jazz\/\" title=\"Musicata Jazz: quan el vi sona\u2026 sona a jazz\">[+] <\/a><\/div>\n","protected":false},"author":12,"featured_media":266251,"comment_status":"open","ping_status":"open","sticky":false,"template":"","format":"standard","meta":{"footnotes":""},"categories":[11019,10905,11005,11006,10894,11007,10909,10896,11059],"tags":[12747,22411],"class_list":{"0":"post-266252","1":"post","2":"type-post","3":"status-publish","4":"format-standard","5":"has-post-thumbnail","7":"category-agenda-ca","8":"category-agricultura-la-comarca-ca","9":"category-canal-musica","10":"category-canal-vinos","11":"category-la-comarca-ca","12":"category-ocio-y-cultura-ca","13":"category-requena-utiel-ca","14":"category-seccion-ca","15":"category-utiel-ca","16":"tag-do-utiel-requena-ca","17":"tag-musicata-jazz-ca"},"_links":{"self":[{"href":"https:\/\/www.tucomarca.com\/wordpress\/segunda\/ca\/wp-json\/wp\/v2\/posts\/266252","targetHints":{"allow":["GET"]}}],"collection":[{"href":"https:\/\/www.tucomarca.com\/wordpress\/segunda\/ca\/wp-json\/wp\/v2\/posts"}],"about":[{"href":"https:\/\/www.tucomarca.com\/wordpress\/segunda\/ca\/wp-json\/wp\/v2\/types\/post"}],"author":[{"embeddable":true,"href":"https:\/\/www.tucomarca.com\/wordpress\/segunda\/ca\/wp-json\/wp\/v2\/users\/12"}],"replies":[{"embeddable":true,"href":"https:\/\/www.tucomarca.com\/wordpress\/segunda\/ca\/wp-json\/wp\/v2\/comments?post=266252"}],"version-history":[{"count":0,"href":"https:\/\/www.tucomarca.com\/wordpress\/segunda\/ca\/wp-json\/wp\/v2\/posts\/266252\/revisions"}],"wp:featuredmedia":[{"embeddable":true,"href":"https:\/\/www.tucomarca.com\/wordpress\/segunda\/ca\/wp-json\/wp\/v2\/media\/266251"}],"wp:attachment":[{"href":"https:\/\/www.tucomarca.com\/wordpress\/segunda\/ca\/wp-json\/wp\/v2\/media?parent=266252"}],"wp:term":[{"taxonomy":"category","embeddable":true,"href":"https:\/\/www.tucomarca.com\/wordpress\/segunda\/ca\/wp-json\/wp\/v2\/categories?post=266252"},{"taxonomy":"post_tag","embeddable":true,"href":"https:\/\/www.tucomarca.com\/wordpress\/segunda\/ca\/wp-json\/wp\/v2\/tags?post=266252"}],"curies":[{"name":"wp","href":"https:\/\/api.w.org\/{rel}","templated":true}]}}