{"id":266278,"date":"2025-05-19T11:00:00","date_gmt":"2025-05-19T09:00:00","guid":{"rendered":"https:\/\/www.tucomarca.com\/wordpress\/segunda\/?p=266278"},"modified":"2025-05-19T20:48:51","modified_gmt":"2025-05-19T18:48:51","slug":"delmundo-mila-presenta-el-seu-ultim-poemari-els-confins-del-no-res-a-xest","status":"publish","type":"post","link":"https:\/\/www.tucomarca.com\/wordpress\/segunda\/ca\/delmundo-mila-presenta-el-seu-ultim-poemari-els-confins-del-no-res-a-xest\/","title":{"rendered":"Fotogaler\u00eda: Delmundo Mil\u00e0 presenta el seu \u00faltim poemari, &#8216;Els confins del no-res&#8217;, a Xest"},"content":{"rendered":"\n<p>Divendres passat, 16 de maig, l&#8217;escriptor bu\u00f1olense Delmundo Mil\u00e0 va presentar el seu llibre &#8216;Els confins del no-res&#8217;, un treball po\u00e8tic retrospectiu, en format de quadern de viatge, fruit d&#8217;una visita que l&#8217;autor va fer a l&#8217;illa de La Palma.<\/p>\n\n\n\n<p>L&#8217;acte va ser presentat per la regidora de Cultura, M\u00aa \u00c1ngeles Llorente, qui va destacar la faceta m\u00e9s compromesa de Delmundo en un breu recorregut per la seua traject\u00f2ria. \u201cDelmundo Mil\u00e1 ha sigut un activista cultural i ecologista tota la seua vida; \u00e9s una persona sensible, apassionada, lluitadora en primera l\u00ednia, rebel, defensor a ultran\u00e7a de la lliure expressi\u00f3 i comprom\u00e9s amb el temps hist\u00f2ric que li ha tocat viure\u201d, explicava Llorente. \u201cHui presentem els seus segon llibre, Els confins del no-res, que Delmundo dedica als seus pares i que ens recitar\u00e0 acompanyat del grup Ecl\u00e8ctica 60\u201d.<\/p>\n\n\n\n<p>L&#8217;autor va agrair a la regidora les seues paraules i es va unir amb el seu discurs a fer un al\u00b7legat per a la defensa de l&#8217;Educaci\u00f3. \u201cM\u00aa \u00c1ngeles em va ensenyar a defensar de forma enfurida l&#8217;Educaci\u00f3, perqu\u00e8 \u00e9s l&#8217;\u00fanica eina que tindrem en el futur, si no defensem l&#8217;educaci\u00f3 el tindrem malament\u201d, apuntava Mil\u00e1.<\/p>\n\n\n\n<p>El poeta va anar intercalant els seus versos amb la m\u00fasica del duo Ecl\u00e8ctica 60, format per Modest Valent \u201cMoguttu\u201d, al tromb\u00f3, i Vitorino Santos, a la flauta.<\/p>\n\n\n\n<figure class=\"wp-block-gallery has-nested-images columns-2 is-cropped wp-block-gallery-1 is-layout-flex wp-block-gallery-is-layout-flex\">\n<figure class=\"wp-block-image size-large\"><img loading=\"lazy\" decoding=\"async\" width=\"1024\" height=\"682\" data-id=\"266261\" src=\"https:\/\/www.tucomarca.com\/wordpress\/segunda\/wp-content\/uploads\/2025\/05\/Cheste_Delmundo_1-1024x682.jpg\" alt=\"\" class=\"wp-image-266261\" srcset=\"https:\/\/www.tucomarca.com\/wordpress\/segunda\/wp-content\/uploads\/2025\/05\/Cheste_Delmundo_1-1024x682.jpg 1024w, https:\/\/www.tucomarca.com\/wordpress\/segunda\/wp-content\/uploads\/2025\/05\/Cheste_Delmundo_1-300x200.jpg 300w, https:\/\/www.tucomarca.com\/wordpress\/segunda\/wp-content\/uploads\/2025\/05\/Cheste_Delmundo_1-768x512.jpg 768w, https:\/\/www.tucomarca.com\/wordpress\/segunda\/wp-content\/uploads\/2025\/05\/Cheste_Delmundo_1.jpg 1181w\" sizes=\"auto, (max-width: 1024px) 100vw, 1024px\" \/><\/figure>\n\n\n\n<figure class=\"wp-block-image size-large\"><img loading=\"lazy\" decoding=\"async\" width=\"1024\" height=\"683\" data-id=\"266263\" src=\"https:\/\/www.tucomarca.com\/wordpress\/segunda\/wp-content\/uploads\/2025\/05\/Cheste_Delmundo_2-1024x683.jpg\" alt=\"\" class=\"wp-image-266263\" srcset=\"https:\/\/www.tucomarca.com\/wordpress\/segunda\/wp-content\/uploads\/2025\/05\/Cheste_Delmundo_2-1024x683.jpg 1024w, https:\/\/www.tucomarca.com\/wordpress\/segunda\/wp-content\/uploads\/2025\/05\/Cheste_Delmundo_2-300x200.jpg 300w, https:\/\/www.tucomarca.com\/wordpress\/segunda\/wp-content\/uploads\/2025\/05\/Cheste_Delmundo_2-768x512.jpg 768w, https:\/\/www.tucomarca.com\/wordpress\/segunda\/wp-content\/uploads\/2025\/05\/Cheste_Delmundo_2-1536x1024.jpg 1536w, https:\/\/www.tucomarca.com\/wordpress\/segunda\/wp-content\/uploads\/2025\/05\/Cheste_Delmundo_2-2048x1365.jpg 2048w\" sizes=\"auto, (max-width: 1024px) 100vw, 1024px\" \/><\/figure>\n\n\n\n<figure class=\"wp-block-image size-large\"><img loading=\"lazy\" decoding=\"async\" width=\"1024\" height=\"683\" data-id=\"266265\" src=\"https:\/\/www.tucomarca.com\/wordpress\/segunda\/wp-content\/uploads\/2025\/05\/Cheste_Delmundo_3-1024x683.jpg\" alt=\"\" class=\"wp-image-266265\" srcset=\"https:\/\/www.tucomarca.com\/wordpress\/segunda\/wp-content\/uploads\/2025\/05\/Cheste_Delmundo_3-1024x683.jpg 1024w, https:\/\/www.tucomarca.com\/wordpress\/segunda\/wp-content\/uploads\/2025\/05\/Cheste_Delmundo_3-300x200.jpg 300w, https:\/\/www.tucomarca.com\/wordpress\/segunda\/wp-content\/uploads\/2025\/05\/Cheste_Delmundo_3-768x512.jpg 768w, https:\/\/www.tucomarca.com\/wordpress\/segunda\/wp-content\/uploads\/2025\/05\/Cheste_Delmundo_3-1536x1024.jpg 1536w, https:\/\/www.tucomarca.com\/wordpress\/segunda\/wp-content\/uploads\/2025\/05\/Cheste_Delmundo_3-2048x1365.jpg 2048w\" sizes=\"auto, (max-width: 1024px) 100vw, 1024px\" \/><\/figure>\n\n\n\n<figure class=\"wp-block-image size-large\"><img loading=\"lazy\" decoding=\"async\" width=\"1024\" height=\"683\" data-id=\"266267\" src=\"https:\/\/www.tucomarca.com\/wordpress\/segunda\/wp-content\/uploads\/2025\/05\/Cheste_Delmundo_4-1024x683.jpg\" alt=\"\" class=\"wp-image-266267\" srcset=\"https:\/\/www.tucomarca.com\/wordpress\/segunda\/wp-content\/uploads\/2025\/05\/Cheste_Delmundo_4-1024x683.jpg 1024w, https:\/\/www.tucomarca.com\/wordpress\/segunda\/wp-content\/uploads\/2025\/05\/Cheste_Delmundo_4-300x200.jpg 300w, https:\/\/www.tucomarca.com\/wordpress\/segunda\/wp-content\/uploads\/2025\/05\/Cheste_Delmundo_4-768x512.jpg 768w, https:\/\/www.tucomarca.com\/wordpress\/segunda\/wp-content\/uploads\/2025\/05\/Cheste_Delmundo_4-1536x1024.jpg 1536w, https:\/\/www.tucomarca.com\/wordpress\/segunda\/wp-content\/uploads\/2025\/05\/Cheste_Delmundo_4-2048x1365.jpg 2048w\" sizes=\"auto, (max-width: 1024px) 100vw, 1024px\" \/><\/figure>\n\n\n\n<figure class=\"wp-block-image size-large\"><img loading=\"lazy\" decoding=\"async\" width=\"1024\" height=\"682\" data-id=\"266269\" src=\"https:\/\/www.tucomarca.com\/wordpress\/segunda\/wp-content\/uploads\/2025\/05\/Cheste_Delmundo_5-1024x682.jpg\" alt=\"\" class=\"wp-image-266269\" srcset=\"https:\/\/www.tucomarca.com\/wordpress\/segunda\/wp-content\/uploads\/2025\/05\/Cheste_Delmundo_5-1024x682.jpg 1024w, https:\/\/www.tucomarca.com\/wordpress\/segunda\/wp-content\/uploads\/2025\/05\/Cheste_Delmundo_5-300x200.jpg 300w, https:\/\/www.tucomarca.com\/wordpress\/segunda\/wp-content\/uploads\/2025\/05\/Cheste_Delmundo_5-768x512.jpg 768w, https:\/\/www.tucomarca.com\/wordpress\/segunda\/wp-content\/uploads\/2025\/05\/Cheste_Delmundo_5.jpg 1181w\" sizes=\"auto, (max-width: 1024px) 100vw, 1024px\" \/><\/figure>\n\n\n\n<figure class=\"wp-block-image size-large\"><img loading=\"lazy\" decoding=\"async\" width=\"1024\" height=\"682\" data-id=\"266271\" src=\"https:\/\/www.tucomarca.com\/wordpress\/segunda\/wp-content\/uploads\/2025\/05\/Cheste_Delmundo_6-1024x682.jpg\" alt=\"\" class=\"wp-image-266271\" srcset=\"https:\/\/www.tucomarca.com\/wordpress\/segunda\/wp-content\/uploads\/2025\/05\/Cheste_Delmundo_6-1024x682.jpg 1024w, https:\/\/www.tucomarca.com\/wordpress\/segunda\/wp-content\/uploads\/2025\/05\/Cheste_Delmundo_6-300x200.jpg 300w, https:\/\/www.tucomarca.com\/wordpress\/segunda\/wp-content\/uploads\/2025\/05\/Cheste_Delmundo_6-768x512.jpg 768w, https:\/\/www.tucomarca.com\/wordpress\/segunda\/wp-content\/uploads\/2025\/05\/Cheste_Delmundo_6.jpg 1181w\" sizes=\"auto, (max-width: 1024px) 100vw, 1024px\" \/><\/figure>\n\n\n\n<figure class=\"wp-block-image size-large\"><img loading=\"lazy\" decoding=\"async\" width=\"1024\" height=\"682\" data-id=\"266273\" src=\"https:\/\/www.tucomarca.com\/wordpress\/segunda\/wp-content\/uploads\/2025\/05\/Cheste_Delmundo_7-1024x682.jpg\" alt=\"\" class=\"wp-image-266273\" srcset=\"https:\/\/www.tucomarca.com\/wordpress\/segunda\/wp-content\/uploads\/2025\/05\/Cheste_Delmundo_7-1024x682.jpg 1024w, https:\/\/www.tucomarca.com\/wordpress\/segunda\/wp-content\/uploads\/2025\/05\/Cheste_Delmundo_7-300x200.jpg 300w, https:\/\/www.tucomarca.com\/wordpress\/segunda\/wp-content\/uploads\/2025\/05\/Cheste_Delmundo_7-768x512.jpg 768w, https:\/\/www.tucomarca.com\/wordpress\/segunda\/wp-content\/uploads\/2025\/05\/Cheste_Delmundo_7.jpg 1181w\" sizes=\"auto, (max-width: 1024px) 100vw, 1024px\" \/><\/figure>\n<\/figure>\n","protected":false},"excerpt":{"rendered":"<div class=\"mh-excerpt\">Divendres passat, 16 de maig, l&#8217;escriptor bu\u00f1olense Delmundo Mil\u00e0 va presentar el seu llibre &#8216;Els confins del no-res&#8217;, un treball po\u00e8tic retrospectiu, en format de quadern de viatge, fruit d&#8217;una visita que l&#8217;autor va fer <a class=\"mh-excerpt-more\" href=\"https:\/\/www.tucomarca.com\/wordpress\/segunda\/ca\/delmundo-mila-presenta-el-seu-ultim-poemari-els-confins-del-no-res-a-xest\/\" title=\"Fotogaler\u00eda: Delmundo Mil\u00e0 presenta el seu \u00faltim poemari, &#8216;Els confins del no-res&#8217;, a Xest\">[+] <\/a><\/div>\n","protected":false},"author":12,"featured_media":266277,"comment_status":"open","ping_status":"open","sticky":false,"template":"","format":"gallery","meta":{"footnotes":""},"categories":[10894,10912,11007,10896,10974],"tags":[11071,20003,10914],"class_list":{"0":"post-266278","1":"post","2":"type-post","3":"status-publish","4":"format-gallery","5":"has-post-thumbnail","7":"category-la-comarca-ca","8":"category-la-hoya-ca","9":"category-ocio-y-cultura-ca","10":"category-seccion-ca","11":"category-cheste-ca","12":"tag-cheste","13":"tag-delmundo-mila-ca","14":"tag-la-hoya-de-bunol-chiva-ca","15":"post_format-post-format-gallery"},"_links":{"self":[{"href":"https:\/\/www.tucomarca.com\/wordpress\/segunda\/ca\/wp-json\/wp\/v2\/posts\/266278","targetHints":{"allow":["GET"]}}],"collection":[{"href":"https:\/\/www.tucomarca.com\/wordpress\/segunda\/ca\/wp-json\/wp\/v2\/posts"}],"about":[{"href":"https:\/\/www.tucomarca.com\/wordpress\/segunda\/ca\/wp-json\/wp\/v2\/types\/post"}],"author":[{"embeddable":true,"href":"https:\/\/www.tucomarca.com\/wordpress\/segunda\/ca\/wp-json\/wp\/v2\/users\/12"}],"replies":[{"embeddable":true,"href":"https:\/\/www.tucomarca.com\/wordpress\/segunda\/ca\/wp-json\/wp\/v2\/comments?post=266278"}],"version-history":[{"count":0,"href":"https:\/\/www.tucomarca.com\/wordpress\/segunda\/ca\/wp-json\/wp\/v2\/posts\/266278\/revisions"}],"wp:featuredmedia":[{"embeddable":true,"href":"https:\/\/www.tucomarca.com\/wordpress\/segunda\/ca\/wp-json\/wp\/v2\/media\/266277"}],"wp:attachment":[{"href":"https:\/\/www.tucomarca.com\/wordpress\/segunda\/ca\/wp-json\/wp\/v2\/media?parent=266278"}],"wp:term":[{"taxonomy":"category","embeddable":true,"href":"https:\/\/www.tucomarca.com\/wordpress\/segunda\/ca\/wp-json\/wp\/v2\/categories?post=266278"},{"taxonomy":"post_tag","embeddable":true,"href":"https:\/\/www.tucomarca.com\/wordpress\/segunda\/ca\/wp-json\/wp\/v2\/tags?post=266278"}],"curies":[{"name":"wp","href":"https:\/\/api.w.org\/{rel}","templated":true}]}}