{"id":266347,"date":"2025-05-19T20:30:00","date_gmt":"2025-05-19T18:30:00","guid":{"rendered":"https:\/\/www.tucomarca.com\/wordpress\/segunda\/?p=266347"},"modified":"2025-05-20T10:07:19","modified_gmt":"2025-05-20T08:07:19","slug":"mor-un-menor-mentre-es-banyava-en-el-toll-manan-en-el-terme-municipal-de-bunyol","status":"publish","type":"post","link":"https:\/\/www.tucomarca.com\/wordpress\/segunda\/ca\/mor-un-menor-mentre-es-banyava-en-el-toll-manan-en-el-terme-municipal-de-bunyol\/","title":{"rendered":"Mor un menor mentre es banyava en el toll Ma\u00f1\u00e1n, en el terme municipal de Bunyol"},"content":{"rendered":"\n<p>Un menor, de 16 anys d&#8217;edat i que segons ha pogut saber <strong>tucomarca.com<\/strong> es trobava allotjat en l&#8217;alberg d&#8217;Alboraig, ha mort aquest dilluns mentre es banyava en el toll Ma\u00f1\u00e1n, una de les tolles naturals del riu Juanes que discorre en bona part pel terme municipal de Bunyol al qual pertany aquest enclavament natural i que limita amb els d&#8217;Alboraig i I\u00e0tova.<\/p>\n\n\n\n<p>Segons han confirmat fonts del consorci provincial de Bombers de Val\u00e8ncia, l&#8217;av\u00eds el van rebre a les 17,18 hores, concretament se&#8217;ls va alertar que hi havia &#8220;una persona que es podria estar ofegant en el toll Ma\u00f1\u00e1n, pertanyent al riu Juanes&#8221;.\u00a0<\/p>\n\n\n\n<p>Fins al lloc es van despla\u00e7ar rescatadors del Grup Especial de Rescat Aeri, GERA, amb l&#8217;helic\u00f2pter V-990 del Consorci dotat amb un metge; aix\u00ed com per via terrestre una dotaci\u00f3 de bombers del parc de Xiva.<\/p>\n\n\n\n<p>Tal com han confirmat des del Consorci Provincial, &#8220;en arribar els bombers, altres persones ja l&#8217;havien tret de l&#8217;aigua i l&#8217;estaven intentant reanimar amb RCP. El personal rescatista i sanitari de l&#8217;helic\u00f2pter del Consorci han seguit amb intents de reanimaci\u00f3 avan\u00e7ats, fins que han arribat els medis sanitaris de GVA, encara que finalment no hi ha hagut \u00e8xit&#8221;.<\/p>\n\n\n\n<p>Una vegada s&#8217;ha comptat amb l&#8217;autoritzaci\u00f3 de la Gu\u00e0rdia Civil, els bombers han extret via a\u00e8ria amb helic\u00f2pter a la v\u00edctima mortal.<\/p>\n","protected":false},"excerpt":{"rendered":"<div class=\"mh-excerpt\">Un menor, de 16 anys d&#8217;edat i que segons ha pogut saber tucomarca.com es trobava allotjat en l&#8217;alberg d&#8217;Alboraig, ha mort aquest dilluns mentre es banyava en el toll Ma\u00f1\u00e1n, una de les tolles naturals <a class=\"mh-excerpt-more\" href=\"https:\/\/www.tucomarca.com\/wordpress\/segunda\/ca\/mor-un-menor-mentre-es-banyava-en-el-toll-manan-en-el-terme-municipal-de-bunyol\/\" title=\"Mor un menor mentre es banyava en el toll Ma\u00f1\u00e1n, en el terme municipal de Bunyol\">[+] <\/a><\/div>\n","protected":false},"author":1,"featured_media":266350,"comment_status":"open","ping_status":"open","sticky":false,"template":"","format":"standard","meta":{"footnotes":""},"categories":[10973,10911,10898,10894,10904,10912,10896,10897],"tags":[11224,10913,10914],"class_list":{"0":"post-266347","1":"post","2":"type-post","3":"status-publish","4":"format-standard","5":"has-post-thumbnail","7":"category-alborache-ca","8":"category-bunol-ca","9":"category-ventana-ca","10":"category-la-comarca-ca","11":"category-sin-categorizar-ca","12":"category-la-hoya-ca","13":"category-seccion-ca","14":"category-sucesos-la-comarca-ca","15":"tag-alborache-ca","16":"tag-bunol-ca","17":"tag-la-hoya-de-bunol-chiva-ca"},"_links":{"self":[{"href":"https:\/\/www.tucomarca.com\/wordpress\/segunda\/ca\/wp-json\/wp\/v2\/posts\/266347","targetHints":{"allow":["GET"]}}],"collection":[{"href":"https:\/\/www.tucomarca.com\/wordpress\/segunda\/ca\/wp-json\/wp\/v2\/posts"}],"about":[{"href":"https:\/\/www.tucomarca.com\/wordpress\/segunda\/ca\/wp-json\/wp\/v2\/types\/post"}],"author":[{"embeddable":true,"href":"https:\/\/www.tucomarca.com\/wordpress\/segunda\/ca\/wp-json\/wp\/v2\/users\/1"}],"replies":[{"embeddable":true,"href":"https:\/\/www.tucomarca.com\/wordpress\/segunda\/ca\/wp-json\/wp\/v2\/comments?post=266347"}],"version-history":[{"count":0,"href":"https:\/\/www.tucomarca.com\/wordpress\/segunda\/ca\/wp-json\/wp\/v2\/posts\/266347\/revisions"}],"wp:featuredmedia":[{"embeddable":true,"href":"https:\/\/www.tucomarca.com\/wordpress\/segunda\/ca\/wp-json\/wp\/v2\/media\/266350"}],"wp:attachment":[{"href":"https:\/\/www.tucomarca.com\/wordpress\/segunda\/ca\/wp-json\/wp\/v2\/media?parent=266347"}],"wp:term":[{"taxonomy":"category","embeddable":true,"href":"https:\/\/www.tucomarca.com\/wordpress\/segunda\/ca\/wp-json\/wp\/v2\/categories?post=266347"},{"taxonomy":"post_tag","embeddable":true,"href":"https:\/\/www.tucomarca.com\/wordpress\/segunda\/ca\/wp-json\/wp\/v2\/tags?post=266347"}],"curies":[{"name":"wp","href":"https:\/\/api.w.org\/{rel}","templated":true}]}}