{"id":266435,"date":"2025-05-20T12:00:00","date_gmt":"2025-05-20T10:00:00","guid":{"rendered":"https:\/\/www.tucomarca.com\/wordpress\/segunda\/?p=266435"},"modified":"2025-05-20T18:13:38","modified_gmt":"2025-05-20T16:13:38","slug":"lliria-inicia-la-reparacio-de-la-carretera-de-vilamarxant-amb-lajuda-de-la-diputacio","status":"publish","type":"post","link":"https:\/\/www.tucomarca.com\/wordpress\/segunda\/ca\/lliria-inicia-la-reparacio-de-la-carretera-de-vilamarxant-amb-lajuda-de-la-diputacio\/","title":{"rendered":"Ll\u00edria inicia la reparaci\u00f3 de la carretera de Vilamarxant amb l&#8217;ajuda de la Diputaci\u00f3"},"content":{"rendered":"\n<h3 class=\"wp-block-heading\">La intervenci\u00f3, sufragada per la instituci\u00f3 provincial, permetr\u00e0 condicionar la carretera CV-3706, que suposa l&#8217;eixida natural des del municipi edet\u00e0 cap a la A-3 d&#8217;una banda, i a la CV-35 en l&#8217;altre sentit.<\/h3>\n\n\n\n<h3 class=\"wp-block-heading\">Una nova glorieta en els voltants del cementeri distribuir\u00e0 el tr\u00e0nsit en totes les direccions, i donar\u00e0 acc\u00e9s a les zones d&#8217;aparcament.<\/h3>\n\n\n\n<p>L&#8217;ajuntament de Lliria ha comen\u00e7at ja els treballs previs a l&#8217;inici de les obres que permetran millorar la carretera CV-3706, una vegada subscrit l&#8217;acta de replanteig en un acte al qual van acudir la diputada provincial de Carreteres, Reme Mazzolari, i l&#8217;alcalde del municipi, Joanma Miguel, el regidor de Mobilitat Sostenible i Camins de Ll\u00edria, Paco Garc\u00eda; aix\u00ed com t\u00e8cnics municipals i responsables de l&#8217;empresa constructora.<\/p>\n\n\n\n<p>A m\u00e9s de la reparaci\u00f3, pavimentaci\u00f3 i senyalitzaci\u00f3 del ferm per a millorar la seguretat del tr\u00e0nsit, una de les claus de la intervenci\u00f3 es troba en els voltants del cementeri, on se situar\u00e0 una glorieta que distribuir\u00e0 el tr\u00e0nsit en totes les direccions, i donar\u00e0 acc\u00e9s a les zones d&#8217;aparcament, en un punt que de manera recurrent presenta dificultats quant al tr\u00e0nsit de persones i vehicles que arriben des de diferents llocs.<\/p>\n\n\n\n<p>Esta actuaci\u00f3 s&#8217;emmarca en un conveni de col\u00b7laboraci\u00f3 pel qual l&#8217;ajuntament de Ll\u00edria ha aportat la redacci\u00f3 del projecte constructiu i ha licitat les obres i la Diputaci\u00f3 de Val\u00e8ncia les sufragar\u00e0 el cent per cent.<\/p>\n\n\n\n<p>La diputada de Carreteres, Reme Mazzolari, indica que \u201cs&#8217;ha adoptat esta f\u00f3rmula perqu\u00e8 era la que garantia l&#8217;efici\u00e8ncia dels recursos p\u00fablics, ja que l&#8217;ajuntament comptava amb un projecte, per\u00f2 no podia assumir el muntant econ\u00f2mic que suposa la intervenci\u00f3. Tornar a fer un projecte propi per part de la Diputaci\u00f3 suposava invertir diners en el que ja havia pagat l&#8217;ajuntament de Ll\u00edria i hauria retardat substancialment l&#8217;inici de les obres\u201d i ha incidit en qu\u00e8 \u201ces tractava d&#8217;una actuaci\u00f3 priorit\u00e0ria, perqu\u00e8 a m\u00e9s de millorar la comunicaci\u00f3 a l&#8217;entorn del cementeri, la carretera suposa la connexi\u00f3 natural amb l&#8217;A-3 a trav\u00e9s de la CV-50; i en sentit contrari, amb la CV-35, i que amb esta intervenci\u00f3 podran circular amb major seguretat i comoditat\u201d.<\/p>\n\n\n\n<p>Per part seua, el regidor de Ll\u00edria, Paco Garc\u00eda, incidix en qu\u00e8 \u201cla intervenci\u00f3 sobre la carretera de Vilamarxant suposar\u00e0 tamb\u00e9 la pacificaci\u00f3 del tr\u00e0nsit en tota la travessia, incrementant la seguretat de vehicles i vianants\u201d i recorda que \u201ceste \u00e9s un dels accessos principals a la ciutat de Ll\u00edria\u201d remarcant aix\u00ed que \u201cera una obra fonamental que gr\u00e0cies al suport de la Diputaci\u00f3 de Val\u00e8ncia donar\u00e0 resposta a una demanda ve\u00efnal molt important\u201d.<\/p>\n\n\n\n<figure class=\"wp-block-image size-large\"><img loading=\"lazy\" decoding=\"async\" width=\"1024\" height=\"771\" src=\"http:\/\/www.tucomarca.com\/wordpress\/segunda\/wp-content\/uploads\/2025\/05\/DipuInicio_lliria-1024x771.jpeg\" alt=\"\" class=\"wp-image-266430\" srcset=\"https:\/\/www.tucomarca.com\/wordpress\/segunda\/wp-content\/uploads\/2025\/05\/DipuInicio_lliria-1024x771.jpeg 1024w, https:\/\/www.tucomarca.com\/wordpress\/segunda\/wp-content\/uploads\/2025\/05\/DipuInicio_lliria-300x226.jpeg 300w, https:\/\/www.tucomarca.com\/wordpress\/segunda\/wp-content\/uploads\/2025\/05\/DipuInicio_lliria-768x578.jpeg 768w, https:\/\/www.tucomarca.com\/wordpress\/segunda\/wp-content\/uploads\/2025\/05\/DipuInicio_lliria-1536x1156.jpeg 1536w, https:\/\/www.tucomarca.com\/wordpress\/segunda\/wp-content\/uploads\/2025\/05\/DipuInicio_lliria-678x509.jpeg 678w, https:\/\/www.tucomarca.com\/wordpress\/segunda\/wp-content\/uploads\/2025\/05\/DipuInicio_lliria-326x245.jpeg 326w, https:\/\/www.tucomarca.com\/wordpress\/segunda\/wp-content\/uploads\/2025\/05\/DipuInicio_lliria-80x60.jpeg 80w, https:\/\/www.tucomarca.com\/wordpress\/segunda\/wp-content\/uploads\/2025\/05\/DipuInicio_lliria.jpeg 1600w\" sizes=\"auto, (max-width: 1024px) 100vw, 1024px\" \/><\/figure>\n\n\n\n<p>Millora de les <strong>connexions<\/strong><\/p>\n\n\n\n<p>Les millores de la CV-3706 no es limiten a la reparaci\u00f3, pavimentaci\u00f3 i senyalitzaci\u00f3 de la carretera, sin\u00f3 que possibilitar\u00e0 habilitar accessos des d&#8217;esta via a diferents ubicacions d&#8217;inter\u00e9s per als ve\u00efns de Ll\u00edria.<\/p>\n\n\n\n<p>Aix\u00ed, a m\u00e9s de la glorieta en els voltants del cementeri, la intervenci\u00f3 permetr\u00e0 accedir al cam\u00ed que condu\u00efx al Barranc dels Foies, mitjan\u00e7ant una nova intersecci\u00f3 que partir\u00e0 d&#8217;esta carretera.<\/p>\n\n\n\n<p>Aix\u00ed mateix, i per afavorir una major seguretat, el projecte constructiu aportat per l&#8217;ajuntament de Ll\u00edria preveu la il\u00b7luminaci\u00f3 de la carretera, que funciona a mode de travessia.<\/p>\n","protected":false},"excerpt":{"rendered":"<div class=\"mh-excerpt\">La intervenci\u00f3, sufragada per la instituci\u00f3 provincial, permetr\u00e0 condicionar la carretera CV-3706, que suposa l&#8217;eixida natural des del municipi edet\u00e0 cap a la A-3 d&#8217;una banda, i a la CV-35 en l&#8217;altre sentit. Una nova <a class=\"mh-excerpt-more\" href=\"https:\/\/www.tucomarca.com\/wordpress\/segunda\/ca\/lliria-inicia-la-reparacio-de-la-carretera-de-vilamarxant-amb-lajuda-de-la-diputacio\/\" title=\"Ll\u00edria inicia la reparaci\u00f3 de la carretera de Vilamarxant amb l&#8217;ajuda de la Diputaci\u00f3\">[+] <\/a><\/div>\n","protected":false},"author":12,"featured_media":266433,"comment_status":"open","ping_status":"open","sticky":false,"template":"","format":"standard","meta":{"footnotes":""},"categories":[10892,10898,10948,10894,10928,10947,10896],"tags":[10899,22422,11246,11070,19433],"class_list":{"0":"post-266435","1":"post","2":"type-post","3":"status-publish","4":"format-standard","5":"has-post-thumbnail","7":"category-camp-de-turia-ca","8":"category-ventana-ca","9":"category-infraestructuras-ca","10":"category-la-comarca-ca","11":"category-lliria-ca","12":"category-politica","13":"category-seccion-ca","14":"tag-camp-de-turia-ca","15":"tag-cv-3706-ca","16":"tag-diputacio-de-valencia-ca","17":"tag-lliria-ca","18":"tag-reme-mazzolari-ca"},"_links":{"self":[{"href":"https:\/\/www.tucomarca.com\/wordpress\/segunda\/ca\/wp-json\/wp\/v2\/posts\/266435","targetHints":{"allow":["GET"]}}],"collection":[{"href":"https:\/\/www.tucomarca.com\/wordpress\/segunda\/ca\/wp-json\/wp\/v2\/posts"}],"about":[{"href":"https:\/\/www.tucomarca.com\/wordpress\/segunda\/ca\/wp-json\/wp\/v2\/types\/post"}],"author":[{"embeddable":true,"href":"https:\/\/www.tucomarca.com\/wordpress\/segunda\/ca\/wp-json\/wp\/v2\/users\/12"}],"replies":[{"embeddable":true,"href":"https:\/\/www.tucomarca.com\/wordpress\/segunda\/ca\/wp-json\/wp\/v2\/comments?post=266435"}],"version-history":[{"count":0,"href":"https:\/\/www.tucomarca.com\/wordpress\/segunda\/ca\/wp-json\/wp\/v2\/posts\/266435\/revisions"}],"wp:featuredmedia":[{"embeddable":true,"href":"https:\/\/www.tucomarca.com\/wordpress\/segunda\/ca\/wp-json\/wp\/v2\/media\/266433"}],"wp:attachment":[{"href":"https:\/\/www.tucomarca.com\/wordpress\/segunda\/ca\/wp-json\/wp\/v2\/media?parent=266435"}],"wp:term":[{"taxonomy":"category","embeddable":true,"href":"https:\/\/www.tucomarca.com\/wordpress\/segunda\/ca\/wp-json\/wp\/v2\/categories?post=266435"},{"taxonomy":"post_tag","embeddable":true,"href":"https:\/\/www.tucomarca.com\/wordpress\/segunda\/ca\/wp-json\/wp\/v2\/tags?post=266435"}],"curies":[{"name":"wp","href":"https:\/\/api.w.org\/{rel}","templated":true}]}}