{"id":266451,"date":"2025-05-20T14:00:00","date_gmt":"2025-05-20T12:00:00","guid":{"rendered":"https:\/\/www.tucomarca.com\/wordpress\/segunda\/?p=266451"},"modified":"2025-05-20T14:07:06","modified_gmt":"2025-05-20T12:07:06","slug":"el-consell-destina-269-milions-a-la-reparacio-de-danys-de-la-dana-en-60-collegis-entre-ells-els-dalgemesi-bunyol-xest-xiva-lalcudia-riba-roja-setaigues-i-utiel","status":"publish","type":"post","link":"https:\/\/www.tucomarca.com\/wordpress\/segunda\/ca\/el-consell-destina-269-milions-a-la-reparacio-de-danys-de-la-dana-en-60-collegis-entre-ells-els-dalgemesi-bunyol-xest-xiva-lalcudia-riba-roja-setaigues-i-utiel\/","title":{"rendered":"El Consell destina 26,9 milions a la reparaci\u00f3 de danys de la DANA en 60 col\u00b7legis, entre ells els d&#8217;Algemes\u00ed, Bunyol, Xest, Xiva, l&#8217;Alc\u00fadia, Riba-roja, Setaig\u00fces i Utiel"},"content":{"rendered":"\n<h3 class=\"wp-block-heading\">L&#8217;objectiu d&#8217;aquesta contractaci\u00f3 \u00e9s garantir la volta a la normalitat dels centres educatius afectats en el menor termini de temps possible.<\/h3>\n\n\n\n<h3 class=\"wp-block-heading\">La Generalitat destina a aquestes actuacions un total de 26.894.234 euros.<\/h3>\n\n\n\n<p>La Generalitat destina 26,9 milions d&#8217;euros a la reparaci\u00f3 dels danys causats per les inundacions en seixanta centres escolars de vint-i-un pobles i els barris de Val\u00e8ncia afectats per la DANA del passat 29 d&#8217;octubre.<\/p>\n\n\n\n<p>El Consell ha autoritzat la contractaci\u00f3 d&#8217;emerg\u00e8ncia de les actuacions necess\u00e0ries per a la recuperaci\u00f3 dels centres educatius p\u00fablics, per a garantir la volta a la normalitat en el menor termini de temps possible, segons ha aprovat aquest dimarts el ple setmanal.<\/p>\n\n\n\n<p>Aquests danys han afectat un total de 60 centres educatius de la prov\u00edncia de Val\u00e8ncia, situats en els municipis d&#8217;Alaqu\u00e0s, Albal, Aldaia, Alfafar, Algemes\u00ed, Alginet, Benet\u00fasser, Beniparrell, Bunyol, Catarroja, Xest, Xiva, l\u2019Alcudia, Massanassa, Paiporta, Picanya, Riba-Roja, Sedav\u00ed, Setaig\u00fces, Utiel i Xirivella, aix\u00ed com les pedanies de Castellar-Oliveral, Forn de Alcedo i la Torre, de Val\u00e8ncia.<\/p>\n\n\n\n<p>Per a escometre les actuacions necess\u00e0ries i que aquests municipis puguen&nbsp;tornar a la normalitat en el menor termini de temps possible, la Generalitat destina un pressupost de 26.894.234 euros, que podran ser cofinan\u00e7ats amb fons de la Uni\u00f3 Europea.<\/p>\n\n\n\n<p>L&#8217;execuci\u00f3 de les obres \u00e9s a c\u00e0rrec de l&#8217;empresa p\u00fablica Tragsa i la seua filial Tragsatec, responsable de l&#8217;assist\u00e8ncia t\u00e8cnica i supervisi\u00f3.<\/p>\n\n\n\n<p>Concretament, l&#8217;empresa p\u00fablica Tragsa est\u00e0 duent a terme l&#8217;execuci\u00f3 de les obres amb un pressupost de 23.368.795 euros, mentre que la seua filial Tragsatec \u00e9s la responsable de l&#8217;assist\u00e8ncia t\u00e8cnica i supervisi\u00f3 de la sobres, amb un pressupost de 3.525.439 euros.<\/p>\n\n\n\n<p>En aquests moments hi ha en execuci\u00f3 40 obres, altres 7 estan ja acabades i 13 en proc\u00e9s d&#8217;escometre els treballs. Les actuacions m\u00e9s urgents consisteixen en la substituci\u00f3 de paviments, fusteries, instal\u00b7lacions el\u00e8ctriques, reposici\u00f3 de closos, calderes, ascensors i tabiquer\u00eda, entre altres.<\/p>\n\n\n\n<p>Aix\u00ed mateix, entre les reparacions s&#8217;han incl\u00f2s millores com a sistemes de drenatge o materials resistents per a afrontar possibles episodis clim\u00e0tics desfavorables.<\/p>\n","protected":false},"excerpt":{"rendered":"<div class=\"mh-excerpt\">L&#8217;objectiu d&#8217;aquesta contractaci\u00f3 \u00e9s garantir la volta a la normalitat dels centres educatius afectats en el menor termini de temps possible. La Generalitat destina a aquestes actuacions un total de 26.894.234 euros. La Generalitat destina <a class=\"mh-excerpt-more\" href=\"https:\/\/www.tucomarca.com\/wordpress\/segunda\/ca\/el-consell-destina-269-milions-a-la-reparacio-de-danys-de-la-dana-en-60-collegis-entre-ells-els-dalgemesi-bunyol-xest-xiva-lalcudia-riba-roja-setaigues-i-utiel\/\" title=\"El Consell destina 26,9 milions a la reparaci\u00f3 de danys de la DANA en 60 col\u00b7legis, entre ells els d&#8217;Algemes\u00ed, Bunyol, Xest, Xiva, l&#8217;Alc\u00fadia, Riba-roja, Setaig\u00fces i Utiel\">[+] <\/a><\/div>\n","protected":false},"author":1,"featured_media":242861,"comment_status":"open","ping_status":"open","sticky":false,"template":"","format":"standard","meta":{"footnotes":""},"categories":[10983,10911,10892,10898,10948,10995,10894,10904,10912,10902,10903,10947,10908,10909,10906,10896,10979,10897,11059,10974,10975],"tags":[15674,12254,10914,10910],"class_list":{"0":"post-266451","1":"post","2":"type-post","3":"status-publish","4":"format-standard","5":"has-post-thumbnail","7":"category-algemesi-ca","8":"category-bunol-ca","9":"category-camp-de-turia-ca","10":"category-ventana-ca","11":"category-infraestructuras-ca","12":"category-lalcudia-ca","13":"category-la-comarca-ca","14":"category-sin-categorizar-ca","15":"category-la-hoya-ca","16":"category-la-ribera-ca","17":"category-medio-ambiente-la-comarca-ca","18":"category-politica","19":"category-requena-ca","20":"category-requena-utiel-ca","21":"category-riba-roja-ca","22":"category-seccion-ca","23":"category-siete-aguas-ca","24":"category-sucesos-la-comarca-ca","25":"category-utiel-ca","26":"category-cheste-ca","27":"category-chiva-ca","28":"tag-camp-de-turia-2-ca","29":"tag-colegios-ca","30":"tag-la-hoya-de-bunol-chiva-ca","31":"tag-requena-utiel-ca"},"_links":{"self":[{"href":"https:\/\/www.tucomarca.com\/wordpress\/segunda\/ca\/wp-json\/wp\/v2\/posts\/266451","targetHints":{"allow":["GET"]}}],"collection":[{"href":"https:\/\/www.tucomarca.com\/wordpress\/segunda\/ca\/wp-json\/wp\/v2\/posts"}],"about":[{"href":"https:\/\/www.tucomarca.com\/wordpress\/segunda\/ca\/wp-json\/wp\/v2\/types\/post"}],"author":[{"embeddable":true,"href":"https:\/\/www.tucomarca.com\/wordpress\/segunda\/ca\/wp-json\/wp\/v2\/users\/1"}],"replies":[{"embeddable":true,"href":"https:\/\/www.tucomarca.com\/wordpress\/segunda\/ca\/wp-json\/wp\/v2\/comments?post=266451"}],"version-history":[{"count":0,"href":"https:\/\/www.tucomarca.com\/wordpress\/segunda\/ca\/wp-json\/wp\/v2\/posts\/266451\/revisions"}],"wp:featuredmedia":[{"embeddable":true,"href":"https:\/\/www.tucomarca.com\/wordpress\/segunda\/ca\/wp-json\/wp\/v2\/media\/242861"}],"wp:attachment":[{"href":"https:\/\/www.tucomarca.com\/wordpress\/segunda\/ca\/wp-json\/wp\/v2\/media?parent=266451"}],"wp:term":[{"taxonomy":"category","embeddable":true,"href":"https:\/\/www.tucomarca.com\/wordpress\/segunda\/ca\/wp-json\/wp\/v2\/categories?post=266451"},{"taxonomy":"post_tag","embeddable":true,"href":"https:\/\/www.tucomarca.com\/wordpress\/segunda\/ca\/wp-json\/wp\/v2\/tags?post=266451"}],"curies":[{"name":"wp","href":"https:\/\/api.w.org\/{rel}","templated":true}]}}