{"id":266527,"date":"2025-05-21T10:00:00","date_gmt":"2025-05-21T08:00:00","guid":{"rendered":"https:\/\/www.tucomarca.com\/wordpress\/segunda\/?p=266527"},"modified":"2025-05-21T13:46:33","modified_gmt":"2025-05-21T11:46:33","slug":"flow-cinema-danimacio-i-consciencia-ambiental-en-la-nova-sessio-de-viure-de-cinema-a-bunyol","status":"publish","type":"post","link":"https:\/\/www.tucomarca.com\/wordpress\/segunda\/ca\/flow-cinema-danimacio-i-consciencia-ambiental-en-la-nova-sessio-de-viure-de-cinema-a-bunyol\/","title":{"rendered":"&#8220;Flow&#8221;, cinema d&#8217;animaci\u00f3 i consci\u00e8ncia ambiental en la nova sessi\u00f3 de \u201cViure de Cinema\u201d a Bunyol"},"content":{"rendered":"\n<p>El cicle cinematogr\u00e0fic \u201cViure de Cinema\u201d 2025 continua aquest dijous 22 de maig amb la projecci\u00f3 de <strong>\u201cFlow, un m\u00f3n per salvar\u201d<\/strong>, en el <strong>Teatre Montecarlo de Bunyol a les 20.00 hores<\/strong>.<\/p>\n\n\n<div class=\"wp-block-image\">\n<figure class=\"alignleft size-large is-resized\"><img loading=\"lazy\" decoding=\"async\" width=\"717\" height=\"1024\" src=\"http:\/\/www.tucomarca.com\/wordpress\/segunda\/wp-content\/uploads\/2025\/05\/FlowVivirdeCine-717x1024.jpg\" alt=\"\" class=\"wp-image-266524\" style=\"width:409px;height:auto\" srcset=\"https:\/\/www.tucomarca.com\/wordpress\/segunda\/wp-content\/uploads\/2025\/05\/FlowVivirdeCine-717x1024.jpg 717w, https:\/\/www.tucomarca.com\/wordpress\/segunda\/wp-content\/uploads\/2025\/05\/FlowVivirdeCine-210x300.jpg 210w, https:\/\/www.tucomarca.com\/wordpress\/segunda\/wp-content\/uploads\/2025\/05\/FlowVivirdeCine-768x1097.jpg 768w, https:\/\/www.tucomarca.com\/wordpress\/segunda\/wp-content\/uploads\/2025\/05\/FlowVivirdeCine.jpg 886w\" sizes=\"auto, (max-width: 717px) 100vw, 717px\" \/><\/figure>\n<\/div>\n\n\n<p>La pel\u00b7l\u00edcula, una producci\u00f3 d&#8217;animaci\u00f3 letona dirigida per <strong>Gints Zilbalodis<\/strong>, ha sigut guardonada amb l&#8217;\u00d3scar i el Globo d&#8217;Or a Millor Pel\u00b7l\u00edcula d&#8217;Animaci\u00f3 en 2025, i es presenta com una experi\u00e8ncia sensorial \u00fanica: sense di\u00e0legs, amb una narrativa guiada exclusivament per la imatge i la m\u00fasica.<\/p>\n\n\n\n<p>\u201cFlow\u201d narra la hist\u00f2ria d&#8217;un gat negre que, despr\u00e9s d&#8217;una gran inundaci\u00f3 en un m\u00f3n on ja no existeix la humanitat, s&#8217;uneix a altres animals per a sobreviure. Junts han de cooperar i adaptar-se en un entorn devastat, en una rondalla que reflexiona sobre el canvi clim\u00e0tic i la conviv\u00e8ncia entre esp\u00e8cies.<\/p>\n\n\n\n<p>La pel\u00b7l\u00edcula, apta per a tots els p\u00fablics, \u00e9s a m\u00e9s una excel\u00b7lent oportunitat per a acostar als m\u00e9s joves al cinema dins del cicle. Des de l&#8217;organitzaci\u00f3 destaquen la seua innovadora proposta visual i el seu missatge ecol\u00f2gic com a valors clau d&#8217;aquesta nova sessi\u00f3.<a><\/a><\/p>\n","protected":false},"excerpt":{"rendered":"<div class=\"mh-excerpt\">El cicle cinematogr\u00e0fic \u201cViure de Cinema\u201d 2025 continua aquest dijous 22 de maig amb la projecci\u00f3 de \u201cFlow, un m\u00f3n per salvar\u201d, en el Teatre Montecarlo de Bunyol a les 20.00 hores. La pel\u00b7l\u00edcula, una <a class=\"mh-excerpt-more\" href=\"https:\/\/www.tucomarca.com\/wordpress\/segunda\/ca\/flow-cinema-danimacio-i-consciencia-ambiental-en-la-nova-sessio-de-viure-de-cinema-a-bunyol\/\" title=\"&#8220;Flow&#8221;, cinema d&#8217;animaci\u00f3 i consci\u00e8ncia ambiental en la nova sessi\u00f3 de \u201cViure de Cinema\u201d a Bunyol\">[+] <\/a><\/div>\n","protected":false},"author":12,"featured_media":266525,"comment_status":"open","ping_status":"open","sticky":false,"template":"","format":"standard","meta":{"footnotes":""},"categories":[11019,10911,10894,10912,11007,10896],"tags":[10913,22434,10914,22267],"class_list":{"0":"post-266527","1":"post","2":"type-post","3":"status-publish","4":"format-standard","5":"has-post-thumbnail","7":"category-agenda-ca","8":"category-bunol-ca","9":"category-la-comarca-ca","10":"category-la-hoya-ca","11":"category-ocio-y-cultura-ca","12":"category-seccion-ca","13":"tag-bunol-ca","14":"tag-flow-ca","15":"tag-la-hoya-de-bunol-chiva-ca","16":"tag-vivir-de-cine-2025-ca"},"_links":{"self":[{"href":"https:\/\/www.tucomarca.com\/wordpress\/segunda\/ca\/wp-json\/wp\/v2\/posts\/266527","targetHints":{"allow":["GET"]}}],"collection":[{"href":"https:\/\/www.tucomarca.com\/wordpress\/segunda\/ca\/wp-json\/wp\/v2\/posts"}],"about":[{"href":"https:\/\/www.tucomarca.com\/wordpress\/segunda\/ca\/wp-json\/wp\/v2\/types\/post"}],"author":[{"embeddable":true,"href":"https:\/\/www.tucomarca.com\/wordpress\/segunda\/ca\/wp-json\/wp\/v2\/users\/12"}],"replies":[{"embeddable":true,"href":"https:\/\/www.tucomarca.com\/wordpress\/segunda\/ca\/wp-json\/wp\/v2\/comments?post=266527"}],"version-history":[{"count":0,"href":"https:\/\/www.tucomarca.com\/wordpress\/segunda\/ca\/wp-json\/wp\/v2\/posts\/266527\/revisions"}],"wp:featuredmedia":[{"embeddable":true,"href":"https:\/\/www.tucomarca.com\/wordpress\/segunda\/ca\/wp-json\/wp\/v2\/media\/266525"}],"wp:attachment":[{"href":"https:\/\/www.tucomarca.com\/wordpress\/segunda\/ca\/wp-json\/wp\/v2\/media?parent=266527"}],"wp:term":[{"taxonomy":"category","embeddable":true,"href":"https:\/\/www.tucomarca.com\/wordpress\/segunda\/ca\/wp-json\/wp\/v2\/categories?post=266527"},{"taxonomy":"post_tag","embeddable":true,"href":"https:\/\/www.tucomarca.com\/wordpress\/segunda\/ca\/wp-json\/wp\/v2\/tags?post=266527"}],"curies":[{"name":"wp","href":"https:\/\/api.w.org\/{rel}","templated":true}]}}