{"id":266599,"date":"2025-05-21T14:00:00","date_gmt":"2025-05-21T12:00:00","guid":{"rendered":"https:\/\/www.tucomarca.com\/wordpress\/segunda\/?p=266599"},"modified":"2025-05-21T21:57:45","modified_gmt":"2025-05-21T19:57:45","slug":"la-diputada-de-serveis-socials-visita-la-mancomunitat-foia-de-bunyol-xiva-per-a-reforcar-la-collaboracio-amb-els-municipis","status":"publish","type":"post","link":"https:\/\/www.tucomarca.com\/wordpress\/segunda\/ca\/la-diputada-de-serveis-socials-visita-la-mancomunitat-foia-de-bunyol-xiva-per-a-reforcar-la-collaboracio-amb-els-municipis\/","title":{"rendered":"La diputada de Serveis Socials visita la Mancomunitat Foia de Bunyol-Xiva per a refor\u00e7ar la col\u00b7laboraci\u00f3 amb els municipis"},"content":{"rendered":"\n<p>La diputada de l&#8217;\u00e0rea de Serveis Socials de la Diputaci\u00f3 de Val\u00e8ncia, Inma Gonz\u00e1lez, ha visitat aquest dimecres la seu de la Mancomunitat Foia de Bunyol-Xiva en una trobada de treball centrat en con\u00e9ixer de primera m\u00e0 la realitat social dels municipis que la integren.<\/p>\n\n\n\n<p>Gonz\u00e1lez ha estat acompanyada pels alcaldes de Millars, Ricardo P\u00e9rez; Godelleta, Amparo Pardo; Bunyol, Virg\u00ednia Sanz; i Dosaig\u00fces, Toni D\u00edaz \u2014president actual de la Mancomunitat\u2014, aix\u00ed com representants de l&#8217;Ajuntament de Macastre. Tamb\u00e9 han participat membres de les associacions \u201cFam\u00edlies Valentes\u201d i \u201cNEU\u201d, que treballen en l&#8217;atenci\u00f3 a persones amb malalties mentals i neurodegeneratives.<\/p>\n\n\n\n<p>Aquest ha sigut la primera trobada d&#8217;aquestes caracter\u00edstiques en l&#8217;actual legislatura, permetent traslladar a la Diputaci\u00f3 les necessitats espec\u00edfiques en mat\u00e8ria de serveis socials d&#8217;una comarca que at\u00e9n els municipis de Dosaig\u00fces, Macastre, Millars, I\u00e0tova, Alboraig, Setaig\u00fces, Godelleta i Cortes de Pallars, a trav\u00e9s de personal t\u00e8cnic propi de la Mancomunitat.<\/p>\n\n\n\n<p>Durant la reuni\u00f3 s&#8217;han abordat reptes clau com la despoblaci\u00f3, la dificultat d&#8217;acc\u00e9s a recursos i la falta de serveis especialitzats. En aquest sentit, la diputada Gonz\u00e1lez ha mostrat la predisposici\u00f3 de la Diputaci\u00f3 a col\u00b7laborar estretament i complementar els recursos existents per a millorar l&#8217;atenci\u00f3 social en el territori.<\/p>\n\n\n\n<p>El president de la Mancomunitat, Toni D\u00edaz, ha valorat molt positivament la jornada i ha destacat que &#8220;aquest tipus de trobades permeten visibilitzar el treball diari dels professionals de serveis socials i detectar \u00e0rees clau per a impulsar millores reals en l&#8217;atenci\u00f3 a la ciutadania&#8221;. Aix\u00ed mateix, ha agra\u00eft la visita de la diputada, que \u201crefor\u00e7a el comprom\u00eds de la Diputaci\u00f3 amb el desenvolupament d&#8217;aquesta comarca\u201d, en l\u00ednia amb la recent visita del diputat de Desenvolupament Rural, Avelino Mascarell.<\/p>\n","protected":false},"excerpt":{"rendered":"<div class=\"mh-excerpt\">La diputada de l&#8217;\u00e0rea de Serveis Socials de la Diputaci\u00f3 de Val\u00e8ncia, Inma Gonz\u00e1lez, ha visitat aquest dimecres la seu de la Mancomunitat Foia de Bunyol-Xiva en una trobada de treball centrat en con\u00e9ixer de <a class=\"mh-excerpt-more\" href=\"https:\/\/www.tucomarca.com\/wordpress\/segunda\/ca\/la-diputada-de-serveis-socials-visita-la-mancomunitat-foia-de-bunyol-xiva-per-a-reforcar-la-collaboracio-amb-els-municipis\/\" title=\"La diputada de Serveis Socials visita la Mancomunitat Foia de Bunyol-Xiva per a refor\u00e7ar la col\u00b7laboraci\u00f3 amb els municipis\">[+] <\/a><\/div>\n","protected":false},"author":12,"featured_media":266598,"comment_status":"open","ping_status":"open","sticky":false,"template":"","format":"standard","meta":{"footnotes":""},"categories":[10911,10976,10977,10948,10963,10894,10912,10978,10970,10947,10896],"tags":[11246,10914,11514,13446],"class_list":{"0":"post-266599","1":"post","2":"type-post","3":"status-publish","4":"format-standard","5":"has-post-thumbnail","7":"category-bunol-ca","8":"category-dos-aguas-ca","9":"category-godelleta-ca","10":"category-infraestructuras-ca","11":"category-la-canal-de-navarres-ca","12":"category-la-comarca-ca","13":"category-la-hoya-ca","14":"category-macastre-ca","15":"category-millares-ca","16":"category-politica","17":"category-seccion-ca","18":"tag-diputacio-de-valencia-ca","19":"tag-la-hoya-de-bunol-chiva-ca","20":"tag-mancomunidad-de-la-hoya-de-bunol-chiva-ca","21":"tag-servicios-sociales-ca"},"_links":{"self":[{"href":"https:\/\/www.tucomarca.com\/wordpress\/segunda\/ca\/wp-json\/wp\/v2\/posts\/266599","targetHints":{"allow":["GET"]}}],"collection":[{"href":"https:\/\/www.tucomarca.com\/wordpress\/segunda\/ca\/wp-json\/wp\/v2\/posts"}],"about":[{"href":"https:\/\/www.tucomarca.com\/wordpress\/segunda\/ca\/wp-json\/wp\/v2\/types\/post"}],"author":[{"embeddable":true,"href":"https:\/\/www.tucomarca.com\/wordpress\/segunda\/ca\/wp-json\/wp\/v2\/users\/12"}],"replies":[{"embeddable":true,"href":"https:\/\/www.tucomarca.com\/wordpress\/segunda\/ca\/wp-json\/wp\/v2\/comments?post=266599"}],"version-history":[{"count":0,"href":"https:\/\/www.tucomarca.com\/wordpress\/segunda\/ca\/wp-json\/wp\/v2\/posts\/266599\/revisions"}],"wp:featuredmedia":[{"embeddable":true,"href":"https:\/\/www.tucomarca.com\/wordpress\/segunda\/ca\/wp-json\/wp\/v2\/media\/266598"}],"wp:attachment":[{"href":"https:\/\/www.tucomarca.com\/wordpress\/segunda\/ca\/wp-json\/wp\/v2\/media?parent=266599"}],"wp:term":[{"taxonomy":"category","embeddable":true,"href":"https:\/\/www.tucomarca.com\/wordpress\/segunda\/ca\/wp-json\/wp\/v2\/categories?post=266599"},{"taxonomy":"post_tag","embeddable":true,"href":"https:\/\/www.tucomarca.com\/wordpress\/segunda\/ca\/wp-json\/wp\/v2\/tags?post=266599"}],"curies":[{"name":"wp","href":"https:\/\/api.w.org\/{rel}","templated":true}]}}