{"id":266640,"date":"2025-05-22T12:30:00","date_gmt":"2025-05-22T10:30:00","guid":{"rendered":"https:\/\/www.tucomarca.com\/wordpress\/segunda\/?p=266640"},"modified":"2025-05-22T18:35:58","modified_gmt":"2025-05-22T16:35:58","slug":"la-generalitat-i-la-diputacio-de-valencia-collaboren-en-la-millora-de-camins-dinteres-territorial-que-coincideixen-amb-el-tracat-de-vies-pecuaries","status":"publish","type":"post","link":"https:\/\/www.tucomarca.com\/wordpress\/segunda\/ca\/la-generalitat-i-la-diputacio-de-valencia-collaboren-en-la-millora-de-camins-dinteres-territorial-que-coincideixen-amb-el-tracat-de-vies-pecuaries\/","title":{"rendered":"La Generalitat i la Diputaci\u00f3 de Val\u00e8ncia col\u00b7laboren en la millora de camins d&#8217;inter\u00e9s territorial que coincideixen amb el tra\u00e7at de vies pecu\u00e0ries"},"content":{"rendered":"\n<h3 class=\"wp-block-heading\">El conveni, amb una vig\u00e8ncia inicial de quatre anys, refor\u00e7a la cooperaci\u00f3 entre aquestes administracions.<\/h3>\n\n\n\n<h3 class=\"wp-block-heading\">El secretari auton\u00f2mic de Medi Ambient assegura que l&#8217;acord es basa en \u201cla necessitat de facilitar les actuacions en aquells punts pels quals passa una via pecu\u00e0ria\u201d.<\/h3>\n\n\n\n<p>La Conselleria de Medi Ambient, Infraestructures i Territori ha publicat en el Diari Oficial de la Generalitat Valenciana (DOGV) el conveni marc de col\u00b7laboraci\u00f3 amb la Diputaci\u00f3 de Val\u00e8ncia, per a la millora dels camins d&#8217;inter\u00e9s territorial coincidents, \u00edntegrament o en part, amb el tra\u00e7at de vies pecu\u00e0ries.<\/p>\n\n\n\n<p>Tal com ha destacat el secretari auton\u00f2mic de Medi Ambient i Territori, Ra\u00fal M\u00e8rida, el conveni es fonamenta en \u201cla necessitat de facilitar les actuacions en aquells punts pels quals passa una via pecu\u00e0ria\u201d. I ha explicat que \u201caquestes vies antigament servien per al tr\u00e0nsit del bestiar i algunes estan en des\u00fas\u201d.<\/p>\n\n\n\n<p>Aquest conveni t\u00e9 l&#8217;objectiu de millorar els camins d&#8217;inter\u00e9s territorial que coincideixen totalment o parcialment amb el tra\u00e7at de vies pecu\u00e0ries. A m\u00e9s, estableix un marc d&#8217;actuaci\u00f3 conjunta, que permet compatibilitzar els usos tradicionals i actuals de les vies pecu\u00e0ries amb la necessitat de condicionament i millora dels trams viaris que resulten essencials per a la vertebraci\u00f3 del territori.<\/p>\n\n\n\n<p>En aquesta l\u00ednia, M\u00e8rida ha assegurat que, amb aquest acord, la Generalitat busca la compatibilitat entre \u201cla protecci\u00f3 del medi ambient i de les persones en el marc de la sostenibilitat\u201d.<\/p>\n\n\n\n<p>D&#8217;aquesta manera, la Diputaci\u00f3 formular\u00e0 consulta a la Direcci\u00f3 Territorial de Val\u00e8ncia sobre la possibilitat de dur a terme les labors de condicionament. Una vegada analitzada la petici\u00f3 formulada per la Diputaci\u00f3, determinar\u00e0 la possibilitat de dur a terme les actuacions sol\u00b7licitades, emetent informe favorable o desfavorable segons corresponga.<\/p>\n\n\n\n<p>Per part seua, la Diputaci\u00f3 es compromet a finan\u00e7ar, contractar i executar les obres de condicionament del tram de la via pecu\u00e0ria, a dirigir l&#8217;execuci\u00f3 d&#8217;aquestes obres, i dur a terme el control de qualitat dels materials emprats, per al que designar\u00e0 un facultatiu director de les obres. Tamb\u00e9, a rebre del contractista les obres a la seua finalitzaci\u00f3, aix\u00ed com a senyalitzar de manera visible el tram de la via pecu\u00e0ria com a \u2018via pecu\u00e0ria\u2019.<\/p>\n\n\n\n<p>La Comunitat Valenciana compta amb una xarxa de m\u00e9s de 14.000 quil\u00f2metres de vies pecu\u00e0ries, elements multifuncionals que no sols estan destinats al tr\u00e0nsit ramader, sin\u00f3 que tamb\u00e9 permeten usos agr\u00edcoles, recreatius i mediambientals. Part d&#8217;aquestes vies presenten, d&#8217;altra banda, una funcionalitat complement\u00e0ria a la xarxa local de carreteres, cobrint d\u00e8ficits, acurtant itineraris o donant acc\u00e9s a llocs d&#8217;inter\u00e9s o a nuclis habitats.<\/p>\n\n\n\n<p>El conveni, amb una vig\u00e8ncia inicial de quatre anys, refor\u00e7a la cooperaci\u00f3 entre aquestes administracions, conjuminant esfor\u00e7os amb l&#8217;objectiu de millorar la connectivitat del territori de la Comunitat Valenciana. A m\u00e9s, a fi de donar compliment als objectius i obligacions derivats del present conveni, es constituir\u00e0 un \u00f2rgan mixt de seguiment i control, que resoldr\u00e0 les discrep\u00e0ncies que pogueren sorgir entre les parts signants.<\/p>\n","protected":false},"excerpt":{"rendered":"<div class=\"mh-excerpt\">El conveni, amb una vig\u00e8ncia inicial de quatre anys, refor\u00e7a la cooperaci\u00f3 entre aquestes administracions. El secretari auton\u00f2mic de Medi Ambient assegura que l&#8217;acord es basa en \u201cla necessitat de facilitar les actuacions en aquells <a class=\"mh-excerpt-more\" href=\"https:\/\/www.tucomarca.com\/wordpress\/segunda\/ca\/la-generalitat-i-la-diputacio-de-valencia-collaboren-en-la-millora-de-camins-dinteres-territorial-que-coincideixen-amb-el-tracat-de-vies-pecuaries\/\" title=\"La Generalitat i la Diputaci\u00f3 de Val\u00e8ncia col\u00b7laboren en la millora de camins d&#8217;inter\u00e9s territorial que coincideixen amb el tra\u00e7at de vies pecu\u00e0ries\">[+] <\/a><\/div>\n","protected":false},"author":12,"featured_media":266639,"comment_status":"open","ping_status":"open","sticky":false,"template":"","format":"standard","meta":{"footnotes":""},"categories":[10898,10948,10894,10904,10903,10947,10896],"tags":[11246,11498],"class_list":{"0":"post-266640","1":"post","2":"type-post","3":"status-publish","4":"format-standard","5":"has-post-thumbnail","7":"category-ventana-ca","8":"category-infraestructuras-ca","9":"category-la-comarca-ca","10":"category-sin-categorizar-ca","11":"category-medio-ambiente-la-comarca-ca","12":"category-politica","13":"category-seccion-ca","14":"tag-diputacio-de-valencia-ca","15":"tag-generalitat-valenciana-ca"},"_links":{"self":[{"href":"https:\/\/www.tucomarca.com\/wordpress\/segunda\/ca\/wp-json\/wp\/v2\/posts\/266640","targetHints":{"allow":["GET"]}}],"collection":[{"href":"https:\/\/www.tucomarca.com\/wordpress\/segunda\/ca\/wp-json\/wp\/v2\/posts"}],"about":[{"href":"https:\/\/www.tucomarca.com\/wordpress\/segunda\/ca\/wp-json\/wp\/v2\/types\/post"}],"author":[{"embeddable":true,"href":"https:\/\/www.tucomarca.com\/wordpress\/segunda\/ca\/wp-json\/wp\/v2\/users\/12"}],"replies":[{"embeddable":true,"href":"https:\/\/www.tucomarca.com\/wordpress\/segunda\/ca\/wp-json\/wp\/v2\/comments?post=266640"}],"version-history":[{"count":0,"href":"https:\/\/www.tucomarca.com\/wordpress\/segunda\/ca\/wp-json\/wp\/v2\/posts\/266640\/revisions"}],"wp:featuredmedia":[{"embeddable":true,"href":"https:\/\/www.tucomarca.com\/wordpress\/segunda\/ca\/wp-json\/wp\/v2\/media\/266639"}],"wp:attachment":[{"href":"https:\/\/www.tucomarca.com\/wordpress\/segunda\/ca\/wp-json\/wp\/v2\/media?parent=266640"}],"wp:term":[{"taxonomy":"category","embeddable":true,"href":"https:\/\/www.tucomarca.com\/wordpress\/segunda\/ca\/wp-json\/wp\/v2\/categories?post=266640"},{"taxonomy":"post_tag","embeddable":true,"href":"https:\/\/www.tucomarca.com\/wordpress\/segunda\/ca\/wp-json\/wp\/v2\/tags?post=266640"}],"curies":[{"name":"wp","href":"https:\/\/api.w.org\/{rel}","templated":true}]}}