{"id":266684,"date":"2025-05-22T08:15:00","date_gmt":"2025-05-22T06:15:00","guid":{"rendered":"https:\/\/www.tucomarca.com\/wordpress\/segunda\/?p=266684"},"modified":"2025-05-22T18:31:57","modified_gmt":"2025-05-22T16:31:57","slug":"cultura-enalteix-la-labor-dels-professionals-en-la-recuperacio-darxius-i-gestio-documental","status":"publish","type":"post","link":"https:\/\/www.tucomarca.com\/wordpress\/segunda\/ca\/cultura-enalteix-la-labor-dels-professionals-en-la-recuperacio-darxius-i-gestio-documental\/","title":{"rendered":"Cultura enalteix la labor dels professionals en la recuperaci\u00f3 d&#8217;arxius i gesti\u00f3 documental"},"content":{"rendered":"\n<h3 class=\"wp-block-heading\">El director general&nbsp;de Cultura participa en les XII Jornades de la Associaci\u00f3 d\u2019Arxivers i Gestors de Documents Valencians (AAV)<\/h3>\n\n\n\n<p>El director general de Cultura, Miquel Nadal, ha subratllat el comprom\u00eds del Govern valenci\u00e0 amb la conservaci\u00f3 del patrimoni documental, en les XII Jornades de la Associaci\u00f3 d\u2019Arxivers i Gestors de Documents Valencians (AAV), que se celebren durant aquest dijous i divendres en el Centre Cultural La Nau de la Universitat de Val\u00e8ncia. Tamb\u00e9 ha participat la directora del Institut Valenci\u00e0 de Conservaci\u00f3, Restauraci\u00f3 i Investigaci\u00f3 (IVCR+i), Gemma Contreras.<\/p>\n\n\n\n<p>Durant la inauguraci\u00f3, Miquel Nadal ha mostrat el suport de la Conselleria d&#8217;Educaci\u00f3, Cultura, Universitats i Ocupaci\u00f3 a la labor fonamental que exerceixen els professionals de l&#8217;arxiv\u00edstica i la gesti\u00f3 documental, particularment en contextos d&#8217;emerg\u00e8ncia com les inundacions del passat octubre.<\/p>\n\n\n\n<p>En aquest sentit, la Direcci\u00f3 General de Cultura ha refor\u00e7at la plantilla del IVCR+i mitjan\u00e7ant la contractaci\u00f3 de cinc especialistes, amb una inversi\u00f3 de 125.000 euros, per a continuar amb les tasques de recuperaci\u00f3 dels arxius municipals afectats.&nbsp;<\/p>\n\n\n\n<p>Els treballs es desenvolupen en una superf\u00edcie habilitada de 10.000 metres quadrats en Fira Val\u00e8ncia, que els assistents a les jornades podran visitar guiats per la directora del IVCR+i.&nbsp;<\/p>\n\n\n\n<p>Per part seua, Gemma Contreras ha assenyalat que entre les actuacions ja iniciades destaquen la restauraci\u00f3 de documents hist\u00f2rics de l&#8217;Arxiu Municipal d&#8217;Alfafar (com a pl\u00e0nols parcel\u00b7laris i llibres comptables del sindicat arrosser), aix\u00ed com la recuperaci\u00f3 de documents oficials relatius a la riuada de 1957 a Aldaia, que constitueixen un testimoniatge clau sobre l&#8217;impacte dels desastres naturals en el territori valenci\u00e0.<\/p>\n\n\n\n<p>Sota el lema &#8216;Despr\u00e9s del desastre: recuperar arxius, preservar la mem\u00f2ria&#8217;, les jornades aborden els desafiaments que planteja la protecci\u00f3 i recuperaci\u00f3 d&#8217;arxius afectats per cat\u00e0strofes, aix\u00ed com la rellev\u00e0ncia de la mem\u00f2ria documental en la construcci\u00f3 d&#8217;una societat conscient i resilient.<\/p>\n\n\n\n<p>Les jornades compten amb la participaci\u00f3 de referents internacionals en preservaci\u00f3 digital, com els membres del projecte InterPARES i la reconeguda experta Luciana Duranti, els qui han compartit experi\u00e8ncies i estrat\u00e8gies per a afrontar la conservaci\u00f3 documental en situacions de crisis.<\/p>\n\n\n\n<p>Amb aquesta participaci\u00f3, la Conselleria reafirma la seua voluntat de col\u00b7laboraci\u00f3 amb l&#8217;\u00e0mbit arxiv\u00edstic, aix\u00ed com la seua aposta decidida per la innovaci\u00f3, la investigaci\u00f3 i la formaci\u00f3 cont\u00ednua com a pilars per a garantir la preservaci\u00f3 de la mem\u00f2ria col\u00b7lectiva.<a><\/a><\/p>\n","protected":false},"excerpt":{"rendered":"<div class=\"mh-excerpt\">El director general&nbsp;de Cultura participa en les XII Jornades de la Associaci\u00f3 d\u2019Arxivers i Gestors de Documents Valencians (AAV) El director general de Cultura, Miquel Nadal, ha subratllat el comprom\u00eds del Govern valenci\u00e0 amb la <a class=\"mh-excerpt-more\" href=\"https:\/\/www.tucomarca.com\/wordpress\/segunda\/ca\/cultura-enalteix-la-labor-dels-professionals-en-la-recuperacio-darxius-i-gestio-documental\/\" title=\"Cultura enalteix la labor dels professionals en la recuperaci\u00f3 d&#8217;arxius i gesti\u00f3 documental\">[+] <\/a><\/div>\n","protected":false},"author":12,"featured_media":266682,"comment_status":"open","ping_status":"open","sticky":false,"template":"","format":"standard","meta":{"footnotes":""},"categories":[21466,10904,11007,10896],"tags":[15409,11199,15856],"class_list":{"0":"post-266684","1":"post","2":"type-post","3":"status-publish","4":"format-standard","5":"has-post-thumbnail","7":"category-dana-ca","8":"category-sin-categorizar-ca","9":"category-ocio-y-cultura-ca","10":"category-seccion-ca","11":"tag-dana-2-ca","12":"tag-la-comunitat-ca","13":"tag-ocio-y-cultura-ca"},"_links":{"self":[{"href":"https:\/\/www.tucomarca.com\/wordpress\/segunda\/ca\/wp-json\/wp\/v2\/posts\/266684","targetHints":{"allow":["GET"]}}],"collection":[{"href":"https:\/\/www.tucomarca.com\/wordpress\/segunda\/ca\/wp-json\/wp\/v2\/posts"}],"about":[{"href":"https:\/\/www.tucomarca.com\/wordpress\/segunda\/ca\/wp-json\/wp\/v2\/types\/post"}],"author":[{"embeddable":true,"href":"https:\/\/www.tucomarca.com\/wordpress\/segunda\/ca\/wp-json\/wp\/v2\/users\/12"}],"replies":[{"embeddable":true,"href":"https:\/\/www.tucomarca.com\/wordpress\/segunda\/ca\/wp-json\/wp\/v2\/comments?post=266684"}],"version-history":[{"count":0,"href":"https:\/\/www.tucomarca.com\/wordpress\/segunda\/ca\/wp-json\/wp\/v2\/posts\/266684\/revisions"}],"wp:featuredmedia":[{"embeddable":true,"href":"https:\/\/www.tucomarca.com\/wordpress\/segunda\/ca\/wp-json\/wp\/v2\/media\/266682"}],"wp:attachment":[{"href":"https:\/\/www.tucomarca.com\/wordpress\/segunda\/ca\/wp-json\/wp\/v2\/media?parent=266684"}],"wp:term":[{"taxonomy":"category","embeddable":true,"href":"https:\/\/www.tucomarca.com\/wordpress\/segunda\/ca\/wp-json\/wp\/v2\/categories?post=266684"},{"taxonomy":"post_tag","embeddable":true,"href":"https:\/\/www.tucomarca.com\/wordpress\/segunda\/ca\/wp-json\/wp\/v2\/tags?post=266684"}],"curies":[{"name":"wp","href":"https:\/\/api.w.org\/{rel}","templated":true}]}}