{"id":266702,"date":"2025-05-22T08:00:00","date_gmt":"2025-05-22T06:00:00","guid":{"rendered":"https:\/\/www.tucomarca.com\/wordpress\/segunda\/?p=266702"},"modified":"2025-05-23T14:02:41","modified_gmt":"2025-05-23T12:02:41","slug":"la-ud-mancomunidad-la-hoya-obri-el-periode-dinscripcio-per-a-la-temporada-2025-2026","status":"publish","type":"post","link":"https:\/\/www.tucomarca.com\/wordpress\/segunda\/ca\/la-ud-mancomunidad-la-hoya-obri-el-periode-dinscripcio-per-a-la-temporada-2025-2026\/","title":{"rendered":"La UD Mancomunidad La Hoya obri el per\u00edode d&#8217;inscripci\u00f3 per a la temporada 2025\/2026"},"content":{"rendered":"\n<p>La Uni\u00f3n Deportiva Mancomunidad La Hoya ha obert oficialment el termini d&#8217;inscripci\u00f3 per a jugadors i jugadores de cara a la temporada 2025\/2026. El club ha habilitat un sistema que contempla tant la renovaci\u00f3 d&#8217;inscripcions de temporades anteriors com les noves altes.<\/p>\n\n\n<div class=\"wp-block-image\">\n<figure class=\"alignleft size-large is-resized\"><img loading=\"lazy\" decoding=\"async\" width=\"724\" height=\"1024\" src=\"http:\/\/www.tucomarca.com\/wordpress\/segunda\/wp-content\/uploads\/2025\/05\/UDMancomunidad-724x1024.jpg\" alt=\"\" class=\"wp-image-266699\" style=\"width:351px;height:auto\" srcset=\"https:\/\/www.tucomarca.com\/wordpress\/segunda\/wp-content\/uploads\/2025\/05\/UDMancomunidad-724x1024.jpg 724w, https:\/\/www.tucomarca.com\/wordpress\/segunda\/wp-content\/uploads\/2025\/05\/UDMancomunidad-212x300.jpg 212w, https:\/\/www.tucomarca.com\/wordpress\/segunda\/wp-content\/uploads\/2025\/05\/UDMancomunidad-768x1086.jpg 768w, https:\/\/www.tucomarca.com\/wordpress\/segunda\/wp-content\/uploads\/2025\/05\/UDMancomunidad-1086x1536.jpg 1086w, https:\/\/www.tucomarca.com\/wordpress\/segunda\/wp-content\/uploads\/2025\/05\/UDMancomunidad.jpg 1131w\" sizes=\"auto, (max-width: 724px) 100vw, 724px\" \/><\/figure>\n<\/div>\n\n\n<p>Des de l&#8217;organitzaci\u00f3 expliquen que el proc\u00e9s d&#8217;inscripci\u00f3 s&#8217;ha dissenyat amb un enfocament diferenciat: els qui ja formaven part del club \u00fanicament hauran de confirmar algunes dades, mentre que les noves incorporacions hauran d&#8217;aportar tota la informaci\u00f3 necess\u00e0ria per a la tramitaci\u00f3 de la fitxa federativa.<\/p>\n\n\n\n<p>A m\u00e9s, aquesta nova temporada vindr\u00e0 acompanyada de l&#8217;estrena d&#8217;un nou equipament, el cost del qual est\u00e0 ja detallat juntament amb les quotes i instruccions d&#8217;inscripci\u00f3.<\/p>\n\n\n\n<p>Com a incentiu, la UD Mancomunitat La Foia ofereix un descompte especial en la quota d&#8217;inscripci\u00f3 als qui formalitzen la seua participaci\u00f3 abans del pr\u00f2xim 15 de juny.<a><\/a><\/p>\n","protected":false},"excerpt":{"rendered":"<div class=\"mh-excerpt\">La Uni\u00f3n Deportiva Mancomunidad La Hoya ha obert oficialment el termini d&#8217;inscripci\u00f3 per a jugadors i jugadores de cara a la temporada 2025\/2026. El club ha habilitat un sistema que contempla tant la renovaci\u00f3 d&#8217;inscripcions <a class=\"mh-excerpt-more\" href=\"https:\/\/www.tucomarca.com\/wordpress\/segunda\/ca\/la-ud-mancomunidad-la-hoya-obri-el-periode-dinscripcio-per-a-la-temporada-2025-2026\/\" title=\"La UD Mancomunidad La Hoya obri el per\u00edode d&#8217;inscripci\u00f3 per a la temporada 2025\/2026\">[+] <\/a><\/div>\n","protected":false},"author":12,"featured_media":266700,"comment_status":"open","ping_status":"open","sticky":false,"template":"","format":"standard","meta":{"footnotes":""},"categories":[11015,11003,10894,10912,10896],"tags":[10914,17238],"class_list":{"0":"post-266702","1":"post","2":"type-post","3":"status-publish","4":"format-standard","5":"has-post-thumbnail","7":"category-canal-futbol","8":"category-sports","9":"category-la-comarca-ca","10":"category-la-hoya-ca","11":"category-seccion-ca","12":"tag-la-hoya-de-bunol-chiva-ca","13":"tag-ud-mancomunidad-la-hoya-ca"},"_links":{"self":[{"href":"https:\/\/www.tucomarca.com\/wordpress\/segunda\/ca\/wp-json\/wp\/v2\/posts\/266702","targetHints":{"allow":["GET"]}}],"collection":[{"href":"https:\/\/www.tucomarca.com\/wordpress\/segunda\/ca\/wp-json\/wp\/v2\/posts"}],"about":[{"href":"https:\/\/www.tucomarca.com\/wordpress\/segunda\/ca\/wp-json\/wp\/v2\/types\/post"}],"author":[{"embeddable":true,"href":"https:\/\/www.tucomarca.com\/wordpress\/segunda\/ca\/wp-json\/wp\/v2\/users\/12"}],"replies":[{"embeddable":true,"href":"https:\/\/www.tucomarca.com\/wordpress\/segunda\/ca\/wp-json\/wp\/v2\/comments?post=266702"}],"version-history":[{"count":0,"href":"https:\/\/www.tucomarca.com\/wordpress\/segunda\/ca\/wp-json\/wp\/v2\/posts\/266702\/revisions"}],"wp:featuredmedia":[{"embeddable":true,"href":"https:\/\/www.tucomarca.com\/wordpress\/segunda\/ca\/wp-json\/wp\/v2\/media\/266700"}],"wp:attachment":[{"href":"https:\/\/www.tucomarca.com\/wordpress\/segunda\/ca\/wp-json\/wp\/v2\/media?parent=266702"}],"wp:term":[{"taxonomy":"category","embeddable":true,"href":"https:\/\/www.tucomarca.com\/wordpress\/segunda\/ca\/wp-json\/wp\/v2\/categories?post=266702"},{"taxonomy":"post_tag","embeddable":true,"href":"https:\/\/www.tucomarca.com\/wordpress\/segunda\/ca\/wp-json\/wp\/v2\/tags?post=266702"}],"curies":[{"name":"wp","href":"https:\/\/api.w.org\/{rel}","templated":true}]}}