{"id":266759,"date":"2025-05-22T13:45:00","date_gmt":"2025-05-22T11:45:00","guid":{"rendered":"https:\/\/www.tucomarca.com\/wordpress\/segunda\/?p=266759"},"modified":"2025-05-22T22:20:16","modified_gmt":"2025-05-22T20:20:16","slug":"la-generalitat-denuncia-que-nomes-el-10-de-les-families-afectades-per-la-dana-han-rebut-les-ajudes-promeses-pel-govern","status":"publish","type":"post","link":"https:\/\/www.tucomarca.com\/wordpress\/segunda\/ca\/la-generalitat-denuncia-que-nomes-el-10-de-les-families-afectades-per-la-dana-han-rebut-les-ajudes-promeses-pel-govern\/","title":{"rendered":"Denuncien des del Consell que nom\u00e9s el 10% de les fam\u00edlies afectades per la DANA han rebut les ajudes promeses pel Govern central"},"content":{"rendered":"\n<p>Des del Consell han expressat aquest dijous durant la visita de Pedro S\u00e1nchez a Val\u00e8ncia el seu malestar pel que consideren una resposta \u201cincomprensible\u201d del Govern central davant la trag\u00e8dia provocada per la DANA que va afectar greument a la Comunitat Valenciana el passat octubre.<\/p>\n\n\n\n<p>Des de l&#8217;Executiu auton\u00f2mic critiquen &#8220;que set mesos despr\u00e9s del desastre, a penes el 9,65% de les fam\u00edlies valencianes que van sol\u00b7licitar ajudes de primera necessitat hagen rebut algun tipus de compensaci\u00f3 econ\u00f2mica. En xifres, aix\u00f2 es tradueix en qu\u00e8 nom\u00e9s 4.210 fam\u00edlies han sigut ateses de les m\u00e9s de 43.000 que van presentar sol\u00b7licitud&#8221;, tal com han recordat des del Consell.<\/p>\n\n\n\n<p>\u201cEl deute pendent del president S\u00e1nchez en la seua visita a Val\u00e8ncia \u00e9s amb les 39.000 fam\u00edlies que encara continuen esperant les ajudes que el Govern va prometre\u201d, han subratllat des de la Generalitat, insistint que la situaci\u00f3 \u00e9s &#8220;insostenible per a milers de llars que l&#8217;han perdut tot o han patit greus danys materials&#8221;.<\/p>\n\n\n\n<p>Des del govern valenci\u00e0 reclamen &#8220;celeritat en el pagament de les ajudes compromeses&#8221; i exigeixen a l&#8217;Executiu central &#8220;que complisca amb la seua responsabilitat amb els ciutadans afectats per aquesta cat\u00e0strofe.<\/p>\n\n\n\n<figure class=\"wp-block-image size-large is-resized\"><img loading=\"lazy\" decoding=\"async\" width=\"1024\" height=\"724\" src=\"http:\/\/www.tucomarca.com\/wordpress\/segunda\/wp-content\/uploads\/2025\/05\/AyudasGVAvsMoncloa-1024x724.jpg\" alt=\"\" class=\"wp-image-266750\" style=\"width:840px;height:auto\" srcset=\"https:\/\/www.tucomarca.com\/wordpress\/segunda\/wp-content\/uploads\/2025\/05\/AyudasGVAvsMoncloa-1024x724.jpg 1024w, https:\/\/www.tucomarca.com\/wordpress\/segunda\/wp-content\/uploads\/2025\/05\/AyudasGVAvsMoncloa-300x212.jpg 300w, https:\/\/www.tucomarca.com\/wordpress\/segunda\/wp-content\/uploads\/2025\/05\/AyudasGVAvsMoncloa-768x543.jpg 768w, https:\/\/www.tucomarca.com\/wordpress\/segunda\/wp-content\/uploads\/2025\/05\/AyudasGVAvsMoncloa.jpg 1181w\" sizes=\"auto, (max-width: 1024px) 100vw, 1024px\" \/><\/figure>\n","protected":false},"excerpt":{"rendered":"<div class=\"mh-excerpt\">Des del Consell han expressat aquest dijous durant la visita de Pedro S\u00e1nchez a Val\u00e8ncia el seu malestar pel que consideren una resposta \u201cincomprensible\u201d del Govern central davant la trag\u00e8dia provocada per la DANA que <a class=\"mh-excerpt-more\" href=\"https:\/\/www.tucomarca.com\/wordpress\/segunda\/ca\/la-generalitat-denuncia-que-nomes-el-10-de-les-families-afectades-per-la-dana-han-rebut-les-ajudes-promeses-pel-govern\/\" title=\"Denuncien des del Consell que nom\u00e9s el 10% de les fam\u00edlies afectades per la DANA han rebut les ajudes promeses pel Govern central\">[+] <\/a><\/div>\n","protected":false},"author":1,"featured_media":243679,"comment_status":"open","ping_status":"open","sticky":false,"template":"","format":"standard","meta":{"footnotes":""},"categories":[21466,10898,10948,10894,10904,10903,10947,10896,10897],"tags":[21788,15409,11498],"class_list":{"0":"post-266759","1":"post","2":"type-post","3":"status-publish","4":"format-standard","5":"has-post-thumbnail","7":"category-dana-ca","8":"category-ventana-ca","9":"category-infraestructuras-ca","10":"category-la-comarca-ca","11":"category-sin-categorizar-ca","12":"category-medio-ambiente-la-comarca-ca","13":"category-politica","14":"category-seccion-ca","15":"category-sucesos-la-comarca-ca","16":"tag-ayudas-dana-ca","17":"tag-dana-2-ca","18":"tag-generalitat-valenciana-ca"},"_links":{"self":[{"href":"https:\/\/www.tucomarca.com\/wordpress\/segunda\/ca\/wp-json\/wp\/v2\/posts\/266759","targetHints":{"allow":["GET"]}}],"collection":[{"href":"https:\/\/www.tucomarca.com\/wordpress\/segunda\/ca\/wp-json\/wp\/v2\/posts"}],"about":[{"href":"https:\/\/www.tucomarca.com\/wordpress\/segunda\/ca\/wp-json\/wp\/v2\/types\/post"}],"author":[{"embeddable":true,"href":"https:\/\/www.tucomarca.com\/wordpress\/segunda\/ca\/wp-json\/wp\/v2\/users\/1"}],"replies":[{"embeddable":true,"href":"https:\/\/www.tucomarca.com\/wordpress\/segunda\/ca\/wp-json\/wp\/v2\/comments?post=266759"}],"version-history":[{"count":0,"href":"https:\/\/www.tucomarca.com\/wordpress\/segunda\/ca\/wp-json\/wp\/v2\/posts\/266759\/revisions"}],"wp:featuredmedia":[{"embeddable":true,"href":"https:\/\/www.tucomarca.com\/wordpress\/segunda\/ca\/wp-json\/wp\/v2\/media\/243679"}],"wp:attachment":[{"href":"https:\/\/www.tucomarca.com\/wordpress\/segunda\/ca\/wp-json\/wp\/v2\/media?parent=266759"}],"wp:term":[{"taxonomy":"category","embeddable":true,"href":"https:\/\/www.tucomarca.com\/wordpress\/segunda\/ca\/wp-json\/wp\/v2\/categories?post=266759"},{"taxonomy":"post_tag","embeddable":true,"href":"https:\/\/www.tucomarca.com\/wordpress\/segunda\/ca\/wp-json\/wp\/v2\/tags?post=266759"}],"curies":[{"name":"wp","href":"https:\/\/api.w.org\/{rel}","templated":true}]}}