{"id":266822,"date":"2025-05-23T11:30:00","date_gmt":"2025-05-23T09:30:00","guid":{"rendered":"https:\/\/www.tucomarca.com\/wordpress\/segunda\/?p=266822"},"modified":"2025-05-23T13:55:20","modified_gmt":"2025-05-23T11:55:20","slug":"detingut-un-home-que-empunyant-un-ganivet-i-un-martell-va-intentar-robar-un-local-dapostes-a-naquera","status":"publish","type":"post","link":"https:\/\/www.tucomarca.com\/wordpress\/segunda\/ca\/detingut-un-home-que-empunyant-un-ganivet-i-un-martell-va-intentar-robar-un-local-dapostes-a-naquera\/","title":{"rendered":"Detingut un home que empunyant un ganivet i un martell va intentar robar un local d&#8217;apostes a N\u00e0quera"},"content":{"rendered":"\n<h3 class=\"wp-block-heading\">Malgrat no fer-se amb el bot\u00ed, va causar danys en l&#8217;establiment per valor de 7.000 euros.<\/h3>\n\n\n\n<p>Detingut un home que va entrar amb un ganivet i un martell en un local d&#8217;apostes de N\u00e0quera per a robar la recaptaci\u00f3 de la m\u00e0quina. Malgrat no fer-se amb la recaptaci\u00f3, va causar danys per valor de 7.000 euros.<\/p>\n\n\n\n<p>El passat dos d&#8217;abril, en un establiment de jocs i apostes de N\u00e0quera (Val\u00e8ncia), va entrar un home encaputxat empunyant un ganivet. Va llan\u00e7ar a un dels clients de l&#8217;establiment al s\u00f2l. En veure-ho, un altre client i la treballadora del local es van amagar en el bany per a evitar patir danys.<\/p>\n\n\n\n<figure class=\"wp-block-gallery has-nested-images columns-2 is-cropped wp-block-gallery-1 is-layout-flex wp-block-gallery-is-layout-flex\">\n<figure class=\"wp-block-image size-large\"><img loading=\"lazy\" decoding=\"async\" width=\"1024\" height=\"576\" data-id=\"266807\" src=\"https:\/\/www.tucomarca.com\/wordpress\/segunda\/wp-content\/uploads\/2025\/05\/op_donar_valencia_editado_01-1024x576.jpg\" alt=\"\" class=\"wp-image-266807\" srcset=\"https:\/\/www.tucomarca.com\/wordpress\/segunda\/wp-content\/uploads\/2025\/05\/op_donar_valencia_editado_01-1024x576.jpg 1024w, https:\/\/www.tucomarca.com\/wordpress\/segunda\/wp-content\/uploads\/2025\/05\/op_donar_valencia_editado_01-300x169.jpg 300w, https:\/\/www.tucomarca.com\/wordpress\/segunda\/wp-content\/uploads\/2025\/05\/op_donar_valencia_editado_01-768x432.jpg 768w, https:\/\/www.tucomarca.com\/wordpress\/segunda\/wp-content\/uploads\/2025\/05\/op_donar_valencia_editado_01-1536x864.jpg 1536w, https:\/\/www.tucomarca.com\/wordpress\/segunda\/wp-content\/uploads\/2025\/05\/op_donar_valencia_editado_01-678x381.jpg 678w, https:\/\/www.tucomarca.com\/wordpress\/segunda\/wp-content\/uploads\/2025\/05\/op_donar_valencia_editado_01.jpg 1920w\" sizes=\"auto, (max-width: 1024px) 100vw, 1024px\" \/><\/figure>\n\n\n\n<figure class=\"wp-block-image size-large\"><img loading=\"lazy\" decoding=\"async\" width=\"1024\" height=\"576\" data-id=\"266809\" src=\"https:\/\/www.tucomarca.com\/wordpress\/segunda\/wp-content\/uploads\/2025\/05\/op_donar_valencia_editado_02-1024x576.jpg\" alt=\"\" class=\"wp-image-266809\" srcset=\"https:\/\/www.tucomarca.com\/wordpress\/segunda\/wp-content\/uploads\/2025\/05\/op_donar_valencia_editado_02-1024x576.jpg 1024w, https:\/\/www.tucomarca.com\/wordpress\/segunda\/wp-content\/uploads\/2025\/05\/op_donar_valencia_editado_02-300x169.jpg 300w, https:\/\/www.tucomarca.com\/wordpress\/segunda\/wp-content\/uploads\/2025\/05\/op_donar_valencia_editado_02-768x432.jpg 768w, https:\/\/www.tucomarca.com\/wordpress\/segunda\/wp-content\/uploads\/2025\/05\/op_donar_valencia_editado_02-1536x864.jpg 1536w, https:\/\/www.tucomarca.com\/wordpress\/segunda\/wp-content\/uploads\/2025\/05\/op_donar_valencia_editado_02-678x381.jpg 678w, https:\/\/www.tucomarca.com\/wordpress\/segunda\/wp-content\/uploads\/2025\/05\/op_donar_valencia_editado_02.jpg 1920w\" sizes=\"auto, (max-width: 1024px) 100vw, 1024px\" \/><\/figure>\n\n\n\n<figure class=\"wp-block-image size-large\"><img loading=\"lazy\" decoding=\"async\" width=\"1024\" height=\"576\" data-id=\"266811\" src=\"https:\/\/www.tucomarca.com\/wordpress\/segunda\/wp-content\/uploads\/2025\/05\/op_donar_valencia_editado_03-1024x576.jpg\" alt=\"\" class=\"wp-image-266811\" srcset=\"https:\/\/www.tucomarca.com\/wordpress\/segunda\/wp-content\/uploads\/2025\/05\/op_donar_valencia_editado_03-1024x576.jpg 1024w, https:\/\/www.tucomarca.com\/wordpress\/segunda\/wp-content\/uploads\/2025\/05\/op_donar_valencia_editado_03-300x169.jpg 300w, https:\/\/www.tucomarca.com\/wordpress\/segunda\/wp-content\/uploads\/2025\/05\/op_donar_valencia_editado_03-768x432.jpg 768w, https:\/\/www.tucomarca.com\/wordpress\/segunda\/wp-content\/uploads\/2025\/05\/op_donar_valencia_editado_03-1536x864.jpg 1536w, https:\/\/www.tucomarca.com\/wordpress\/segunda\/wp-content\/uploads\/2025\/05\/op_donar_valencia_editado_03-678x381.jpg 678w, https:\/\/www.tucomarca.com\/wordpress\/segunda\/wp-content\/uploads\/2025\/05\/op_donar_valencia_editado_03.jpg 1920w\" sizes=\"auto, (max-width: 1024px) 100vw, 1024px\" \/><\/figure>\n\n\n\n<figure class=\"wp-block-image size-large\"><img loading=\"lazy\" decoding=\"async\" width=\"1024\" height=\"576\" data-id=\"266813\" src=\"https:\/\/www.tucomarca.com\/wordpress\/segunda\/wp-content\/uploads\/2025\/05\/op_donar_valencia_editado_04-1024x576.jpg\" alt=\"\" class=\"wp-image-266813\" srcset=\"https:\/\/www.tucomarca.com\/wordpress\/segunda\/wp-content\/uploads\/2025\/05\/op_donar_valencia_editado_04-1024x576.jpg 1024w, https:\/\/www.tucomarca.com\/wordpress\/segunda\/wp-content\/uploads\/2025\/05\/op_donar_valencia_editado_04-300x169.jpg 300w, https:\/\/www.tucomarca.com\/wordpress\/segunda\/wp-content\/uploads\/2025\/05\/op_donar_valencia_editado_04-768x432.jpg 768w, https:\/\/www.tucomarca.com\/wordpress\/segunda\/wp-content\/uploads\/2025\/05\/op_donar_valencia_editado_04-1536x864.jpg 1536w, https:\/\/www.tucomarca.com\/wordpress\/segunda\/wp-content\/uploads\/2025\/05\/op_donar_valencia_editado_04-678x381.jpg 678w, https:\/\/www.tucomarca.com\/wordpress\/segunda\/wp-content\/uploads\/2025\/05\/op_donar_valencia_editado_04.jpg 1920w\" sizes=\"auto, (max-width: 1024px) 100vw, 1024px\" \/><\/figure>\n\n\n\n<figure class=\"wp-block-image size-large\"><img loading=\"lazy\" decoding=\"async\" width=\"1024\" height=\"576\" data-id=\"266815\" src=\"https:\/\/www.tucomarca.com\/wordpress\/segunda\/wp-content\/uploads\/2025\/05\/op_donar_valencia_editado_05-1024x576.jpg\" alt=\"\" class=\"wp-image-266815\" srcset=\"https:\/\/www.tucomarca.com\/wordpress\/segunda\/wp-content\/uploads\/2025\/05\/op_donar_valencia_editado_05-1024x576.jpg 1024w, https:\/\/www.tucomarca.com\/wordpress\/segunda\/wp-content\/uploads\/2025\/05\/op_donar_valencia_editado_05-300x169.jpg 300w, https:\/\/www.tucomarca.com\/wordpress\/segunda\/wp-content\/uploads\/2025\/05\/op_donar_valencia_editado_05-768x432.jpg 768w, https:\/\/www.tucomarca.com\/wordpress\/segunda\/wp-content\/uploads\/2025\/05\/op_donar_valencia_editado_05-1536x864.jpg 1536w, https:\/\/www.tucomarca.com\/wordpress\/segunda\/wp-content\/uploads\/2025\/05\/op_donar_valencia_editado_05-678x381.jpg 678w, https:\/\/www.tucomarca.com\/wordpress\/segunda\/wp-content\/uploads\/2025\/05\/op_donar_valencia_editado_05.jpg 1920w\" sizes=\"auto, (max-width: 1024px) 100vw, 1024px\" \/><\/figure>\n\n\n\n<figure class=\"wp-block-image size-large\"><img loading=\"lazy\" decoding=\"async\" width=\"1024\" height=\"576\" data-id=\"266819\" src=\"https:\/\/www.tucomarca.com\/wordpress\/segunda\/wp-content\/uploads\/2025\/05\/op_donar_valencia_editado_07-1024x576.jpg\" alt=\"\" class=\"wp-image-266819\" srcset=\"https:\/\/www.tucomarca.com\/wordpress\/segunda\/wp-content\/uploads\/2025\/05\/op_donar_valencia_editado_07-1024x576.jpg 1024w, https:\/\/www.tucomarca.com\/wordpress\/segunda\/wp-content\/uploads\/2025\/05\/op_donar_valencia_editado_07-300x169.jpg 300w, https:\/\/www.tucomarca.com\/wordpress\/segunda\/wp-content\/uploads\/2025\/05\/op_donar_valencia_editado_07-768x432.jpg 768w, https:\/\/www.tucomarca.com\/wordpress\/segunda\/wp-content\/uploads\/2025\/05\/op_donar_valencia_editado_07-1536x864.jpg 1536w, https:\/\/www.tucomarca.com\/wordpress\/segunda\/wp-content\/uploads\/2025\/05\/op_donar_valencia_editado_07-678x381.jpg 678w, https:\/\/www.tucomarca.com\/wordpress\/segunda\/wp-content\/uploads\/2025\/05\/op_donar_valencia_editado_07.jpg 1920w\" sizes=\"auto, (max-width: 1024px) 100vw, 1024px\" \/><\/figure>\n<\/figure>\n\n\n\n<p>L&#8217;assaltant va traure d&#8217;una motxilla un martell i va comen\u00e7ar a colpejar una de les m\u00e0quines de joc amb la intenci\u00f3 d&#8217;extraure el caixet\u00ed on es guarda els diners de les apostes i els premis.<\/p>\n\n\n\n<p>Aprofitant que l&#8217;agressor es trobava colpejant la m\u00e0quina, el client que havia sigut llan\u00e7at al s\u00f2l va aprofitar per a fugir del local. En adonar-se que ja no es trobava all\u00ed, l&#8217;autor dels fets va fugir del local sense la recaptaci\u00f3, havent causat uns 7.000 euros de danys a la m\u00e0quina de joc.<\/p>\n\n\n\n<p>En con\u00e9ixer dels fets, els agents del Lloc Principal de B\u00e9tera (Val\u00e8ncia) van realitzar diverses gestions que van permetre determinar la identitat de l&#8217;assaltant.<\/p>\n\n\n\n<p>Durant el registre del domicili del presumpte autor es va trobar el ganivet i la roba que va utilitzar eixe dia, elements determinants per a provar la seua participaci\u00f3 en el fet. Amb aquestes proves, es va detindre a l&#8217;autor 47 anys, ve\u00ed de la localitat al qual se li imputa un delicte de robatori amb viol\u00e8ncia.<\/p>\n\n\n\n<p>Les dilig\u00e8ncies van ser entregades en el Jutjat de Primera Inst\u00e0ncia i Instrucci\u00f3 n\u00famero 8 de Ll\u00edria.<\/p>\n","protected":false},"excerpt":{"rendered":"<div class=\"mh-excerpt\">Malgrat no fer-se amb el bot\u00ed, va causar danys en l&#8217;establiment per valor de 7.000 euros. Detingut un home que va entrar amb un ganivet i un martell en un local d&#8217;apostes de N\u00e0quera per <a class=\"mh-excerpt-more\" href=\"https:\/\/www.tucomarca.com\/wordpress\/segunda\/ca\/detingut-un-home-que-empunyant-un-ganivet-i-un-martell-va-intentar-robar-un-local-dapostes-a-naquera\/\" title=\"Detingut un home que empunyant un ganivet i un martell va intentar robar un local d&#8217;apostes a N\u00e0quera\">[+] <\/a><\/div>\n","protected":false},"author":12,"featured_media":266818,"comment_status":"open","ping_status":"open","sticky":false,"template":"","format":"gallery","meta":{"footnotes":""},"categories":[10892,10898,10894,10936,10896,10897],"tags":[10899,11118,11134,15742],"class_list":{"0":"post-266822","1":"post","2":"type-post","3":"status-publish","4":"format-gallery","5":"has-post-thumbnail","7":"category-camp-de-turia-ca","8":"category-ventana-ca","9":"category-la-comarca-ca","10":"category-naquera-ca","11":"category-seccion-ca","12":"category-sucesos-la-comarca-ca","13":"tag-camp-de-turia-ca","14":"tag-guardia-civil-ca","15":"tag-naquera-ca","16":"tag-robo-con-violencia-ca","17":"post_format-post-format-gallery"},"_links":{"self":[{"href":"https:\/\/www.tucomarca.com\/wordpress\/segunda\/ca\/wp-json\/wp\/v2\/posts\/266822","targetHints":{"allow":["GET"]}}],"collection":[{"href":"https:\/\/www.tucomarca.com\/wordpress\/segunda\/ca\/wp-json\/wp\/v2\/posts"}],"about":[{"href":"https:\/\/www.tucomarca.com\/wordpress\/segunda\/ca\/wp-json\/wp\/v2\/types\/post"}],"author":[{"embeddable":true,"href":"https:\/\/www.tucomarca.com\/wordpress\/segunda\/ca\/wp-json\/wp\/v2\/users\/12"}],"replies":[{"embeddable":true,"href":"https:\/\/www.tucomarca.com\/wordpress\/segunda\/ca\/wp-json\/wp\/v2\/comments?post=266822"}],"version-history":[{"count":0,"href":"https:\/\/www.tucomarca.com\/wordpress\/segunda\/ca\/wp-json\/wp\/v2\/posts\/266822\/revisions"}],"wp:featuredmedia":[{"embeddable":true,"href":"https:\/\/www.tucomarca.com\/wordpress\/segunda\/ca\/wp-json\/wp\/v2\/media\/266818"}],"wp:attachment":[{"href":"https:\/\/www.tucomarca.com\/wordpress\/segunda\/ca\/wp-json\/wp\/v2\/media?parent=266822"}],"wp:term":[{"taxonomy":"category","embeddable":true,"href":"https:\/\/www.tucomarca.com\/wordpress\/segunda\/ca\/wp-json\/wp\/v2\/categories?post=266822"},{"taxonomy":"post_tag","embeddable":true,"href":"https:\/\/www.tucomarca.com\/wordpress\/segunda\/ca\/wp-json\/wp\/v2\/tags?post=266822"}],"curies":[{"name":"wp","href":"https:\/\/api.w.org\/{rel}","templated":true}]}}