{"id":266835,"date":"2025-05-23T10:30:00","date_gmt":"2025-05-23T08:30:00","guid":{"rendered":"https:\/\/www.tucomarca.com\/wordpress\/segunda\/?p=266835"},"modified":"2025-05-23T18:15:04","modified_gmt":"2025-05-23T16:15:04","slug":"utiel-requena-busquen-startups-per-a-donar-suport-a-la-digitalitzacio-dels-sectors-del-vi-i-el-turisme","status":"publish","type":"post","link":"https:\/\/www.tucomarca.com\/wordpress\/segunda\/ca\/utiel-requena-busquen-startups-per-a-donar-suport-a-la-digitalitzacio-dels-sectors-del-vi-i-el-turisme\/","title":{"rendered":"Utiel-Requena busquen startups per a donar suport a la digitalitzaci\u00f3 dels sectors del vi i el turisme"},"content":{"rendered":"\n<h3 class=\"wp-block-heading\">La iniciativa est\u00e0 organitzada per l&#8217;acceleradora corporativa d&#8217;innovaci\u00f3 Innsomnia i impulsada per la Diputaci\u00f3 de Val\u00e8ncia i la Mancomunitat de l&#8217;Interior Tierra del Vino.<\/h3>\n\n\n\n<p>Amb l&#8217;objectiu de donar suport a la digitalitzaci\u00f3 i el desenvolupament productiu de la comarca Utiel-Requena, la Diputaci\u00f3 de Val\u00e8ncia i la Mancomunitat de l&#8217;Interior Tierra del Vino amb el suport de l&#8217;acceleradora corporativa, Innsomnia, han llan\u00e7at el programa d&#8217;innovaci\u00f3 oberta \u201cO-R Innova\u201d per a connectar solucions tecnol\u00f2giques amb les corporacions i negocis que formen el teixit empresarial de la zona.<\/p>\n\n\n\n<p>La iniciativa cerca promoure i potenciar la incorporaci\u00f3 d&#8217;innovaci\u00f3 tecnol\u00f2gica en dos sectors estrat\u00e8gics de la zona com s\u00f3n el vitivin\u00edcola i el tur\u00edstic. Aix\u00f2 mitjan\u00e7ant la connexi\u00f3 i col\u00b7laboraci\u00f3 amb startups que compten amb solucions i\/o capacitats tecnol\u00f2giques per a donar resposta a cinc reptes identificats i prioritzats per empreses del territori.<\/p>\n\n\n<div class=\"wp-block-image\">\n<figure class=\"alignleft size-large is-resized\"><img loading=\"lazy\" decoding=\"async\" width=\"819\" height=\"1024\" src=\"http:\/\/www.tucomarca.com\/wordpress\/segunda\/wp-content\/uploads\/2025\/05\/MITV_URINNOVA-819x1024.jpeg\" alt=\"\" class=\"wp-image-266832\" style=\"width:429px;height:auto\" srcset=\"https:\/\/www.tucomarca.com\/wordpress\/segunda\/wp-content\/uploads\/2025\/05\/MITV_URINNOVA-819x1024.jpeg 819w, https:\/\/www.tucomarca.com\/wordpress\/segunda\/wp-content\/uploads\/2025\/05\/MITV_URINNOVA-240x300.jpeg 240w, https:\/\/www.tucomarca.com\/wordpress\/segunda\/wp-content\/uploads\/2025\/05\/MITV_URINNOVA-768x960.jpeg 768w, https:\/\/www.tucomarca.com\/wordpress\/segunda\/wp-content\/uploads\/2025\/05\/MITV_URINNOVA.jpeg 1080w\" sizes=\"auto, (max-width: 819px) 100vw, 819px\" \/><\/figure>\n<\/div>\n\n\n<p>Es tracta de desafiaments associats a la mobilitat de persones i la interconnexi\u00f3 amb infraestructures; l&#8217;atracci\u00f3, capacitaci\u00f3 i gesti\u00f3 de talent; m\u00e0rqueting, vendes i operacions en relaci\u00f3 amb la creaci\u00f3 i comercialitzaci\u00f3 de productes, aix\u00ed com la generaci\u00f3 de continguts. Al seu torn, els reptes tamb\u00e9 aborden la generaci\u00f3 de comunitat i posicionament de la zona, seguit d&#8217;una optimitzaci\u00f3 de l&#8217;activitat agr\u00edcola que augmente la productivitat i puga aplicar-se al entramando empresarial existent.<\/p>\n\n\n\n<p>Per a Camila Hurtado, Lead Project Manager en Innsomnia, \u201cla innovaci\u00f3 i la tecnologia s\u00f3n motors clau per al desenvolupament de les economies. No obstant aix\u00f2, hui enfrontem el desafiament d&#8217;ampliar i descentralitzar el seu impacte, portant-lo m\u00e9s enll\u00e0 de les grans ciutats. \u00c9s fonamental potenciar el desenvolupament productiu de zones rurals que alberguen ind\u00fastries estrat\u00e8giques, com la vitivinicultura i el turisme, i que requereixen incorporar solucions tecnol\u00f2giques per a augmentar la seua competitivitat, fer els seus territoris m\u00e9s atractius i generar un impacte positiu en la qualitat de vida dels seus habitants\u201d.<\/p>\n\n\n\n<figure class=\"wp-block-image size-large\"><img loading=\"lazy\" decoding=\"async\" width=\"1024\" height=\"461\" src=\"http:\/\/www.tucomarca.com\/wordpress\/segunda\/wp-content\/uploads\/2025\/05\/MITV-proyecto-innovacion-1024x461.jpeg\" alt=\"\" class=\"wp-image-266894\" srcset=\"https:\/\/www.tucomarca.com\/wordpress\/segunda\/wp-content\/uploads\/2025\/05\/MITV-proyecto-innovacion-1024x461.jpeg 1024w, https:\/\/www.tucomarca.com\/wordpress\/segunda\/wp-content\/uploads\/2025\/05\/MITV-proyecto-innovacion-300x135.jpeg 300w, https:\/\/www.tucomarca.com\/wordpress\/segunda\/wp-content\/uploads\/2025\/05\/MITV-proyecto-innovacion-768x346.jpeg 768w, https:\/\/www.tucomarca.com\/wordpress\/segunda\/wp-content\/uploads\/2025\/05\/MITV-proyecto-innovacion-1536x691.jpeg 1536w, https:\/\/www.tucomarca.com\/wordpress\/segunda\/wp-content\/uploads\/2025\/05\/MITV-proyecto-innovacion-2048x922.jpeg 2048w\" sizes=\"auto, (max-width: 1024px) 100vw, 1024px\" \/><\/figure>\n\n\n\n<p>En aquesta mateixa l\u00ednia, Luis Francisco L\u00f3pez Yeves, president de la Mancomunitat de l&#8217;Interior Tierra del Vino, va assenyalar que \u201cla nostra comarca est\u00e0 estretament vinculada a la tradici\u00f3 vitivin\u00edcola i la seua cultura. La seua identitat pot enfortir-se a trav\u00e9s de la innovaci\u00f3, generant noves oportunitats per a la poblaci\u00f3 i posicionant-se com una destinaci\u00f3 tur\u00edstica de refer\u00e8ncia a la Comunitat Valenciana. Per aix\u00f2, animem a les startups a presentar els seus projectes per a unir la seua innovaci\u00f3 amb l&#8217;alt potencial de les empreses locals amb els qui poden sorgir aliances transformadores i d&#8217;alt impacte\u201d.<\/p>\n\n\n\n<p>Les empreses seleccionades del total d&#8217;inscripcions treballaran a desenvolupar solucions viables als reptes proposats amb l&#8217;assessorament de Innsomnia i en col\u00b7laboraci\u00f3 amb les empreses.<\/p>\n\n\n\n<p>El proc\u00e9s finalitzar\u00e0 amb un demo day, on les startups presentaran les seues innovacions a un jurat compost per representants de les ind\u00fastries del vi i turisme de la comarca, els qui posteriorment consideraran aquelles m\u00e9s atractives per a la seua avaluaci\u00f3 i potencial implementaci\u00f3.<\/p>\n\n\n\n<p>Les inscripcions estaran obertes fins al 28 de maig en <em>www.innsomnia.es<\/em><\/p>\n","protected":false},"excerpt":{"rendered":"<div class=\"mh-excerpt\">La iniciativa est\u00e0 organitzada per l&#8217;acceleradora corporativa d&#8217;innovaci\u00f3 Innsomnia i impulsada per la Diputaci\u00f3 de Val\u00e8ncia i la Mancomunitat de l&#8217;Interior Tierra del Vino. Amb l&#8217;objectiu de donar suport a la digitalitzaci\u00f3 i el desenvolupament <a class=\"mh-excerpt-more\" href=\"https:\/\/www.tucomarca.com\/wordpress\/segunda\/ca\/utiel-requena-busquen-startups-per-a-donar-suport-a-la-digitalitzacio-dels-sectors-del-vi-i-el-turisme\/\" title=\"Utiel-Requena busquen startups per a donar suport a la digitalitzaci\u00f3 dels sectors del vi i el turisme\">[+] <\/a><\/div>\n","protected":false},"author":12,"featured_media":266833,"comment_status":"open","ping_status":"open","sticky":false,"template":"","format":"standard","meta":{"footnotes":""},"categories":[11031,11032,11054,11055,10948,10894,10947,10908,10909,10896,11058,11059,11060,11061],"tags":[11246,22444,19716,12387,15126,10910,12388],"class_list":{"0":"post-266835","1":"post","2":"type-post","3":"status-publish","4":"format-standard","5":"has-post-thumbnail","7":"category-camporrobles-ca","8":"category-caudete-ca","9":"category-chera-ca","10":"category-fuenterrobles-ca","11":"category-infraestructuras-ca","12":"category-la-comarca-ca","13":"category-politica","14":"category-requena-ca","15":"category-requena-utiel-ca","16":"category-seccion-ca","17":"category-sinarcas-ca","18":"category-utiel-ca","19":"category-venta-del-moro-ca","20":"category-villargordo-del-cabriel-ca","21":"tag-diputacio-de-valencia-ca","22":"tag-insomnia-ca","23":"tag-luis-francisco-lopez-yeves-ca","24":"tag-mancomunidad-del-interior-tierra-del-vino-ca","25":"tag-mitv-ca","26":"tag-requena-utiel-ca","27":"tag-tierra-bobal-ca"},"_links":{"self":[{"href":"https:\/\/www.tucomarca.com\/wordpress\/segunda\/ca\/wp-json\/wp\/v2\/posts\/266835","targetHints":{"allow":["GET"]}}],"collection":[{"href":"https:\/\/www.tucomarca.com\/wordpress\/segunda\/ca\/wp-json\/wp\/v2\/posts"}],"about":[{"href":"https:\/\/www.tucomarca.com\/wordpress\/segunda\/ca\/wp-json\/wp\/v2\/types\/post"}],"author":[{"embeddable":true,"href":"https:\/\/www.tucomarca.com\/wordpress\/segunda\/ca\/wp-json\/wp\/v2\/users\/12"}],"replies":[{"embeddable":true,"href":"https:\/\/www.tucomarca.com\/wordpress\/segunda\/ca\/wp-json\/wp\/v2\/comments?post=266835"}],"version-history":[{"count":0,"href":"https:\/\/www.tucomarca.com\/wordpress\/segunda\/ca\/wp-json\/wp\/v2\/posts\/266835\/revisions"}],"wp:featuredmedia":[{"embeddable":true,"href":"https:\/\/www.tucomarca.com\/wordpress\/segunda\/ca\/wp-json\/wp\/v2\/media\/266833"}],"wp:attachment":[{"href":"https:\/\/www.tucomarca.com\/wordpress\/segunda\/ca\/wp-json\/wp\/v2\/media?parent=266835"}],"wp:term":[{"taxonomy":"category","embeddable":true,"href":"https:\/\/www.tucomarca.com\/wordpress\/segunda\/ca\/wp-json\/wp\/v2\/categories?post=266835"},{"taxonomy":"post_tag","embeddable":true,"href":"https:\/\/www.tucomarca.com\/wordpress\/segunda\/ca\/wp-json\/wp\/v2\/tags?post=266835"}],"curies":[{"name":"wp","href":"https:\/\/api.w.org\/{rel}","templated":true}]}}