{"id":266906,"date":"2025-05-23T10:55:00","date_gmt":"2025-05-23T08:55:00","guid":{"rendered":"https:\/\/www.tucomarca.com\/wordpress\/segunda\/?p=266906"},"modified":"2025-05-23T19:21:20","modified_gmt":"2025-05-23T17:21:20","slug":"santaeulalia-torna-a-fer-doblet-a-els-barris-de-turis-en-2026","status":"publish","type":"post","link":"https:\/\/www.tucomarca.com\/wordpress\/segunda\/ca\/santaeulalia-torna-a-fer-doblet-a-els-barris-de-turis-en-2026\/","title":{"rendered":"Santaeulalia torna a fer doblet a Els Barris de Tur\u00eds en 2026"},"content":{"rendered":"\n<p>Santaeulalia Fallas y Fogueres plantar\u00e0 per nov\u00e9 any consecutiu a la Falla Els Barris de Tur\u00eds. El reconegut taller realitzar\u00e0 els dos monuments de la comissi\u00f3 per a les pr\u00f2ximes Falles. L&#8217;artista Pedro Santaeulalia va exposar a la Junta Directiva els projectes escollits fa uns dies i va signar el contracte amb el president d&#8217;Els Barris, Isidoro Pardo.<\/p>\n","protected":false},"excerpt":{"rendered":"<div class=\"mh-excerpt\">Santaeulalia Fallas y Fogueres plantar\u00e0 per nov\u00e9 any consecutiu a la Falla Els Barris de Tur\u00eds. El reconegut taller realitzar\u00e0 els dos monuments de la comissi\u00f3 per a les pr\u00f2ximes Falles. L&#8217;artista Pedro Santaeulalia va <a class=\"mh-excerpt-more\" href=\"https:\/\/www.tucomarca.com\/wordpress\/segunda\/ca\/santaeulalia-torna-a-fer-doblet-a-els-barris-de-turis-en-2026\/\" title=\"Santaeulalia torna a fer doblet a Els Barris de Tur\u00eds en 2026\">[+] <\/a><\/div>\n","protected":false},"author":1,"featured_media":266905,"comment_status":"open","ping_status":"open","sticky":false,"template":"","format":"standard","meta":{"footnotes":""},"categories":[10894,10902,11007,10896,11047],"tags":[11712,11356,11093],"class_list":{"0":"post-266906","1":"post","2":"type-post","3":"status-publish","4":"format-standard","5":"has-post-thumbnail","7":"category-la-comarca-ca","8":"category-la-ribera-ca","9":"category-ocio-y-cultura-ca","10":"category-seccion-ca","11":"category-turis-ca","12":"tag-falla-els-barris-ca","13":"tag-ribera-alta-ca","14":"tag-turis-ca"},"_links":{"self":[{"href":"https:\/\/www.tucomarca.com\/wordpress\/segunda\/ca\/wp-json\/wp\/v2\/posts\/266906","targetHints":{"allow":["GET"]}}],"collection":[{"href":"https:\/\/www.tucomarca.com\/wordpress\/segunda\/ca\/wp-json\/wp\/v2\/posts"}],"about":[{"href":"https:\/\/www.tucomarca.com\/wordpress\/segunda\/ca\/wp-json\/wp\/v2\/types\/post"}],"author":[{"embeddable":true,"href":"https:\/\/www.tucomarca.com\/wordpress\/segunda\/ca\/wp-json\/wp\/v2\/users\/1"}],"replies":[{"embeddable":true,"href":"https:\/\/www.tucomarca.com\/wordpress\/segunda\/ca\/wp-json\/wp\/v2\/comments?post=266906"}],"version-history":[{"count":0,"href":"https:\/\/www.tucomarca.com\/wordpress\/segunda\/ca\/wp-json\/wp\/v2\/posts\/266906\/revisions"}],"wp:featuredmedia":[{"embeddable":true,"href":"https:\/\/www.tucomarca.com\/wordpress\/segunda\/ca\/wp-json\/wp\/v2\/media\/266905"}],"wp:attachment":[{"href":"https:\/\/www.tucomarca.com\/wordpress\/segunda\/ca\/wp-json\/wp\/v2\/media?parent=266906"}],"wp:term":[{"taxonomy":"category","embeddable":true,"href":"https:\/\/www.tucomarca.com\/wordpress\/segunda\/ca\/wp-json\/wp\/v2\/categories?post=266906"},{"taxonomy":"post_tag","embeddable":true,"href":"https:\/\/www.tucomarca.com\/wordpress\/segunda\/ca\/wp-json\/wp\/v2\/tags?post=266906"}],"curies":[{"name":"wp","href":"https:\/\/api.w.org\/{rel}","templated":true}]}}