{"id":266916,"date":"2025-05-24T11:00:00","date_gmt":"2025-05-24T09:00:00","guid":{"rendered":"https:\/\/www.tucomarca.com\/wordpress\/segunda\/?p=266916"},"modified":"2025-05-24T11:12:43","modified_gmt":"2025-05-24T09:12:43","slug":"video-la-do-utiel-requena-presenta-la-seua-nova-campanya-2025-per-als-qui-viuen-el-vi-sense-filtres","status":"publish","type":"post","link":"https:\/\/www.tucomarca.com\/wordpress\/segunda\/ca\/video-la-do-utiel-requena-presenta-la-seua-nova-campanya-2025-per-als-qui-viuen-el-vi-sense-filtres\/","title":{"rendered":"V\u00eddeo: la DO Utiel-Requena presenta la seua nova campanya 2025 per als qui viuen el vi sense filtres"},"content":{"rendered":"\n<figure class=\"wp-block-embed is-type-video is-provider-youtube wp-block-embed-youtube wp-embed-aspect-16-9 wp-has-aspect-ratio\"><div class=\"wp-block-embed__wrapper\">\n<iframe loading=\"lazy\" title=\"V\u00eddeo: la DO Utiel-Requena presenta su nueva campa\u00f1a 20205 para quienes viven el vino sin filtros\" width=\"500\" height=\"281\" src=\"https:\/\/www.youtube.com\/embed\/vu-RuBQLIQY?feature=oembed\" frameborder=\"0\" allow=\"accelerometer; autoplay; clipboard-write; encrypted-media; gyroscope; picture-in-picture; web-share\" referrerpolicy=\"strict-origin-when-cross-origin\" allowfullscreen><\/iframe>\n<\/div><\/figure>\n\n\n\n<p><\/p>\n\n\n\n<p>El mateix president de la <strong>Denominaci\u00f3 d&#8217;Origen (DO) Utiel Requena<\/strong>, <strong>Jos\u00e9 Miguel Medin<\/strong>a, aix\u00ed com la responsable de Comunicaci\u00f3 i M\u00e0rqueting, <strong>Lorena Monteagudo<\/strong>, expliquen en aquesta v\u00eddeo-not\u00edcia a <strong>tucomarca televisi\u00f3<\/strong> les claus de la nova campanya de comunicaci\u00f3 que la DO ha presentat aquesta setmana i el prop\u00f2sit de la qual \u00e9s el de connectar amb les persones de manera honesta, accessible i sense artificis.<\/p>\n\n\n\n<p>Una campanya que es recolza en tres conceptes clau: vins sense complexos; arrels conscients; i horitzons oberts; conceptes que arrepleguen el testimoni de les anteriors campanyes, <em>BRIN-DO<\/em> (2022), centrada en modernitzar el llenguatge de la DO i connectar amb el p\u00fablic jove; i <em>El Sentit de la Vinya<\/em> (2023- 2024), que aprofundia en el valor de la hist\u00f2ria, el prestigi i el territori.<\/p>\n","protected":false},"excerpt":{"rendered":"<div class=\"mh-excerpt\">El mateix president de la Denominaci\u00f3 d&#8217;Origen (DO) Utiel Requena, Jos\u00e9 Miguel Medina, aix\u00ed com la responsable de Comunicaci\u00f3 i M\u00e0rqueting, Lorena Monteagudo, expliquen en aquesta v\u00eddeo-not\u00edcia a tucomarca televisi\u00f3 les claus de la nova <a class=\"mh-excerpt-more\" href=\"https:\/\/www.tucomarca.com\/wordpress\/segunda\/ca\/video-la-do-utiel-requena-presenta-la-seua-nova-campanya-2025-per-als-qui-viuen-el-vi-sense-filtres\/\" title=\"V\u00eddeo: la DO Utiel-Requena presenta la seua nova campanya 2025 per als qui viuen el vi sense filtres\">[+] <\/a><\/div>\n","protected":false},"author":1,"featured_media":266914,"comment_status":"open","ping_status":"open","sticky":false,"template":"","format":"video","meta":{"footnotes":""},"categories":[11006,10898,10894,10904,11007,10908,10909,10896,11059,11062],"tags":[22088,22188,14956,22456,12747,15365,10910,11174],"class_list":{"0":"post-266916","1":"post","2":"type-post","3":"status-publish","4":"format-video","5":"has-post-thumbnail","7":"category-canal-vinos","8":"category-ventana-ca","9":"category-la-comarca-ca","10":"category-sin-categorizar-ca","11":"category-ocio-y-cultura-ca","12":"category-requena-ca","13":"category-requena-utiel-ca","14":"category-seccion-ca","15":"category-utiel-ca","16":"category-videos","17":"tag-2025-ca","18":"tag-campana-ca","19":"tag-consejo-regulador-de-la-denominacion-de-origen-utiel-requena-ca","20":"tag-do-ca","21":"tag-do-utiel-requena-ca","22":"tag-presentacion-ca","23":"tag-requena-utiel-ca","24":"tag-utiel-ca","25":"post_format-post-format-video"},"_links":{"self":[{"href":"https:\/\/www.tucomarca.com\/wordpress\/segunda\/ca\/wp-json\/wp\/v2\/posts\/266916","targetHints":{"allow":["GET"]}}],"collection":[{"href":"https:\/\/www.tucomarca.com\/wordpress\/segunda\/ca\/wp-json\/wp\/v2\/posts"}],"about":[{"href":"https:\/\/www.tucomarca.com\/wordpress\/segunda\/ca\/wp-json\/wp\/v2\/types\/post"}],"author":[{"embeddable":true,"href":"https:\/\/www.tucomarca.com\/wordpress\/segunda\/ca\/wp-json\/wp\/v2\/users\/1"}],"replies":[{"embeddable":true,"href":"https:\/\/www.tucomarca.com\/wordpress\/segunda\/ca\/wp-json\/wp\/v2\/comments?post=266916"}],"version-history":[{"count":0,"href":"https:\/\/www.tucomarca.com\/wordpress\/segunda\/ca\/wp-json\/wp\/v2\/posts\/266916\/revisions"}],"wp:featuredmedia":[{"embeddable":true,"href":"https:\/\/www.tucomarca.com\/wordpress\/segunda\/ca\/wp-json\/wp\/v2\/media\/266914"}],"wp:attachment":[{"href":"https:\/\/www.tucomarca.com\/wordpress\/segunda\/ca\/wp-json\/wp\/v2\/media?parent=266916"}],"wp:term":[{"taxonomy":"category","embeddable":true,"href":"https:\/\/www.tucomarca.com\/wordpress\/segunda\/ca\/wp-json\/wp\/v2\/categories?post=266916"},{"taxonomy":"post_tag","embeddable":true,"href":"https:\/\/www.tucomarca.com\/wordpress\/segunda\/ca\/wp-json\/wp\/v2\/tags?post=266916"}],"curies":[{"name":"wp","href":"https:\/\/api.w.org\/{rel}","templated":true}]}}