{"id":266928,"date":"2025-05-26T10:00:00","date_gmt":"2025-05-26T08:00:00","guid":{"rendered":"https:\/\/www.tucomarca.com\/wordpress\/segunda\/?p=266928"},"modified":"2025-05-26T10:53:48","modified_gmt":"2025-05-26T08:53:48","slug":"rescaten-en-helicopter-a-un-ciclista-ferit-despres-de-caure-en-una-ruta-de-muntanya-a-llombai","status":"publish","type":"post","link":"https:\/\/www.tucomarca.com\/wordpress\/segunda\/ca\/rescaten-en-helicopter-a-un-ciclista-ferit-despres-de-caure-en-una-ruta-de-muntanya-a-llombai\/","title":{"rendered":"Rescaten en helic\u00f2pter a un ciclista ferit despr\u00e9s de caure en una ruta de muntanya a Llombai"},"content":{"rendered":"\n<p>Els bombers del Consorci Provincial de Val\u00e8ncia han rescatat en el mat\u00ed del diumenge a un ciclista de 61 anys que va patir una caiguda mentre realitzava una ruta en el terme municipal de Llombai. L&#8217;home presentava una lesi\u00f3 en una cama que li impedia continuar pels seus propis mitjans.<\/p>\n\n\n\n<p>L&#8217;operatiu de rescat ha mobilitzat a efectius terrestres de la brigada BRIFO i un sergent del parc d&#8217;Alzira, aix\u00ed com als rescatadors del Grup Especial de Rescat a Altura (GERA), que es van despla\u00e7ar via a\u00e8ria a bord de l&#8217;helic\u00f2pter V-990 del Consorci, acompanyat per un metge.<\/p>\n\n\n\n<p>Despr\u00e9s de localitzar al ferit, els serveis d&#8217;emerg\u00e8ncia el van atendre en el lloc, li van immobilitzar la cama utilitzant un matal\u00e0s de buit i van procedir a la seua evacuaci\u00f3 a\u00e8ria. El ciclista va ser traslladat fins a la helisuperficie d&#8217;Alzira, on va ser entregat als medis sanitaris per a la seua posterior atenci\u00f3 m\u00e8dica.<\/p>\n\n\n\n<figure class=\"wp-block-gallery has-nested-images columns-default is-cropped wp-block-gallery-1 is-layout-flex wp-block-gallery-is-layout-flex\">\n<figure class=\"wp-block-image size-large\"><img loading=\"lazy\" decoding=\"async\" width=\"1024\" height=\"575\" data-id=\"266922\" src=\"https:\/\/www.tucomarca.com\/wordpress\/segunda\/wp-content\/uploads\/2025\/05\/BombersRescate1-1024x575.jpeg\" alt=\"\" class=\"wp-image-266922\" srcset=\"https:\/\/www.tucomarca.com\/wordpress\/segunda\/wp-content\/uploads\/2025\/05\/BombersRescate1-1024x575.jpeg 1024w, https:\/\/www.tucomarca.com\/wordpress\/segunda\/wp-content\/uploads\/2025\/05\/BombersRescate1-300x169.jpeg 300w, https:\/\/www.tucomarca.com\/wordpress\/segunda\/wp-content\/uploads\/2025\/05\/BombersRescate1-768x432.jpeg 768w, https:\/\/www.tucomarca.com\/wordpress\/segunda\/wp-content\/uploads\/2025\/05\/BombersRescate1-1536x863.jpeg 1536w, https:\/\/www.tucomarca.com\/wordpress\/segunda\/wp-content\/uploads\/2025\/05\/BombersRescate1-678x381.jpeg 678w, https:\/\/www.tucomarca.com\/wordpress\/segunda\/wp-content\/uploads\/2025\/05\/BombersRescate1.jpeg 1920w\" sizes=\"auto, (max-width: 1024px) 100vw, 1024px\" \/><\/figure>\n\n\n\n<figure class=\"wp-block-image size-large\"><img loading=\"lazy\" decoding=\"async\" width=\"1024\" height=\"575\" data-id=\"266921\" src=\"https:\/\/www.tucomarca.com\/wordpress\/segunda\/wp-content\/uploads\/2025\/05\/BombersRescate2-1024x575.jpeg\" alt=\"\" class=\"wp-image-266921\" srcset=\"https:\/\/www.tucomarca.com\/wordpress\/segunda\/wp-content\/uploads\/2025\/05\/BombersRescate2-1024x575.jpeg 1024w, https:\/\/www.tucomarca.com\/wordpress\/segunda\/wp-content\/uploads\/2025\/05\/BombersRescate2-300x169.jpeg 300w, https:\/\/www.tucomarca.com\/wordpress\/segunda\/wp-content\/uploads\/2025\/05\/BombersRescate2-768x432.jpeg 768w, https:\/\/www.tucomarca.com\/wordpress\/segunda\/wp-content\/uploads\/2025\/05\/BombersRescate2-1536x863.jpeg 1536w, https:\/\/www.tucomarca.com\/wordpress\/segunda\/wp-content\/uploads\/2025\/05\/BombersRescate2-678x381.jpeg 678w, https:\/\/www.tucomarca.com\/wordpress\/segunda\/wp-content\/uploads\/2025\/05\/BombersRescate2.jpeg 1920w\" sizes=\"auto, (max-width: 1024px) 100vw, 1024px\" \/><\/figure>\n<\/figure>\n","protected":false},"excerpt":{"rendered":"<div class=\"mh-excerpt\">Els bombers del Consorci Provincial de Val\u00e8ncia han rescatat en el mat\u00ed del diumenge a un ciclista de 61 anys que va patir una caiguda mentre realitzava una ruta en el terme municipal de Llombai. <a class=\"mh-excerpt-more\" href=\"https:\/\/www.tucomarca.com\/wordpress\/segunda\/ca\/rescaten-en-helicopter-a-un-ciclista-ferit-despres-de-caure-en-una-ruta-de-muntanya-a-llombai\/\" title=\"Rescaten en helic\u00f2pter a un ciclista ferit despr\u00e9s de caure en una ruta de muntanya a Llombai\">[+] <\/a><\/div>\n","protected":false},"author":12,"featured_media":266927,"comment_status":"open","ping_status":"open","sticky":false,"template":"","format":"gallery","meta":{"footnotes":""},"categories":[10898,10894,10902,10997,10896,10897],"tags":[20342,11501,11356],"class_list":{"0":"post-266928","1":"post","2":"type-post","3":"status-publish","4":"format-gallery","5":"has-post-thumbnail","7":"category-ventana-ca","8":"category-la-comarca-ca","9":"category-la-ribera-ca","10":"category-llombai-ca","11":"category-seccion-ca","12":"category-sucesos-la-comarca-ca","13":"tag-bomberos-consorcio-provincial-de-bomberos-de-valencia-ca","14":"tag-llombai-ca","15":"tag-ribera-alta-ca","16":"post_format-post-format-gallery"},"_links":{"self":[{"href":"https:\/\/www.tucomarca.com\/wordpress\/segunda\/ca\/wp-json\/wp\/v2\/posts\/266928","targetHints":{"allow":["GET"]}}],"collection":[{"href":"https:\/\/www.tucomarca.com\/wordpress\/segunda\/ca\/wp-json\/wp\/v2\/posts"}],"about":[{"href":"https:\/\/www.tucomarca.com\/wordpress\/segunda\/ca\/wp-json\/wp\/v2\/types\/post"}],"author":[{"embeddable":true,"href":"https:\/\/www.tucomarca.com\/wordpress\/segunda\/ca\/wp-json\/wp\/v2\/users\/12"}],"replies":[{"embeddable":true,"href":"https:\/\/www.tucomarca.com\/wordpress\/segunda\/ca\/wp-json\/wp\/v2\/comments?post=266928"}],"version-history":[{"count":0,"href":"https:\/\/www.tucomarca.com\/wordpress\/segunda\/ca\/wp-json\/wp\/v2\/posts\/266928\/revisions"}],"wp:featuredmedia":[{"embeddable":true,"href":"https:\/\/www.tucomarca.com\/wordpress\/segunda\/ca\/wp-json\/wp\/v2\/media\/266927"}],"wp:attachment":[{"href":"https:\/\/www.tucomarca.com\/wordpress\/segunda\/ca\/wp-json\/wp\/v2\/media?parent=266928"}],"wp:term":[{"taxonomy":"category","embeddable":true,"href":"https:\/\/www.tucomarca.com\/wordpress\/segunda\/ca\/wp-json\/wp\/v2\/categories?post=266928"},{"taxonomy":"post_tag","embeddable":true,"href":"https:\/\/www.tucomarca.com\/wordpress\/segunda\/ca\/wp-json\/wp\/v2\/tags?post=266928"}],"curies":[{"name":"wp","href":"https:\/\/api.w.org\/{rel}","templated":true}]}}