{"id":267066,"date":"2025-05-26T12:55:00","date_gmt":"2025-05-26T10:55:00","guid":{"rendered":"https:\/\/www.tucomarca.com\/wordpress\/segunda\/?p=267066"},"modified":"2025-05-26T21:40:15","modified_gmt":"2025-05-26T19:40:15","slug":"marian-cano-visita-utiel-per-a-coneixer-el-proces-de-reconstruccio-despres-de-la-riuada","status":"publish","type":"post","link":"https:\/\/www.tucomarca.com\/wordpress\/segunda\/ca\/marian-cano-visita-utiel-per-a-coneixer-el-proces-de-reconstruccio-despres-de-la-riuada\/","title":{"rendered":"Mari\u00e1n Cano visita Utiel per a con\u00e9ixer el proc\u00e9s de reconstrucci\u00f3 despr\u00e9s de la riuada"},"content":{"rendered":"\n<h3 class=\"wp-block-heading\">La consellera ha visitat la cooperativa Cellers Utielanas i l&#8217;empresa \u00c0rids i Excavacions Platero.<\/h3>\n\n\n\n<p>La consellera d&#8217;Innovaci\u00f3, Ind\u00fastria, Comer\u00e7 i Turisme, Mari\u00e1n Cano, ha visitat Utiel per a con\u00e9ixer l&#8217;estat del proc\u00e9s de reconstrucci\u00f3 despr\u00e9s de la riuada del passat 29 d&#8217;octubre.<\/p>\n\n\n\n<p>La visita ha comen\u00e7at a l&#8217;Ajuntament, on la consellera ha sigut rebuda per l&#8217;alcalde d&#8217;Utiel, Ricardo Gabald\u00f3n. All\u00ed ha signat en el llibre d&#8217;honor de la localitat.<\/p>\n\n\n\n<p>Acompanyada per l&#8217;alcalde, el regidor de Turisme, Rub\u00e9n Murcia, i el regidor de Desenvolupament Econ\u00f2mic, Aitor Iniesta, Mari\u00e1n Cano ha recorregut diferents punts afectats pel temporal. Aix\u00ed, ha visitat la cooperativa Cellers Utielanas, una de les m\u00e9s representatives del sector vitivin\u00edcola en la Comunitat Valenciana, i posteriorment l&#8217;empresa \u00c0rids i Excavacions Platero.<\/p>\n\n\n\n<figure class=\"wp-block-gallery has-nested-images columns-default is-cropped wp-block-gallery-1 is-layout-flex wp-block-gallery-is-layout-flex\">\n<figure class=\"wp-block-image size-large\"><img loading=\"lazy\" decoding=\"async\" width=\"1024\" height=\"768\" data-id=\"267061\" src=\"https:\/\/www.tucomarca.com\/wordpress\/segunda\/wp-content\/uploads\/2025\/05\/ConselleraVisitaUtiel2-1024x768.jpg\" alt=\"\" class=\"wp-image-267061\" srcset=\"https:\/\/www.tucomarca.com\/wordpress\/segunda\/wp-content\/uploads\/2025\/05\/ConselleraVisitaUtiel2-1024x768.jpg 1024w, https:\/\/www.tucomarca.com\/wordpress\/segunda\/wp-content\/uploads\/2025\/05\/ConselleraVisitaUtiel2-300x225.jpg 300w, https:\/\/www.tucomarca.com\/wordpress\/segunda\/wp-content\/uploads\/2025\/05\/ConselleraVisitaUtiel2-768x576.jpg 768w, https:\/\/www.tucomarca.com\/wordpress\/segunda\/wp-content\/uploads\/2025\/05\/ConselleraVisitaUtiel2-678x509.jpg 678w, https:\/\/www.tucomarca.com\/wordpress\/segunda\/wp-content\/uploads\/2025\/05\/ConselleraVisitaUtiel2-326x245.jpg 326w, https:\/\/www.tucomarca.com\/wordpress\/segunda\/wp-content\/uploads\/2025\/05\/ConselleraVisitaUtiel2-80x60.jpg 80w, https:\/\/www.tucomarca.com\/wordpress\/segunda\/wp-content\/uploads\/2025\/05\/ConselleraVisitaUtiel2.jpg 1181w\" sizes=\"auto, (max-width: 1024px) 100vw, 1024px\" \/><\/figure>\n\n\n\n<figure class=\"wp-block-image size-large\"><img loading=\"lazy\" decoding=\"async\" width=\"1024\" height=\"768\" data-id=\"267063\" src=\"https:\/\/www.tucomarca.com\/wordpress\/segunda\/wp-content\/uploads\/2025\/05\/ConselleraVisitaUtiel3-1024x768.jpg\" alt=\"\" class=\"wp-image-267063\" srcset=\"https:\/\/www.tucomarca.com\/wordpress\/segunda\/wp-content\/uploads\/2025\/05\/ConselleraVisitaUtiel3-1024x768.jpg 1024w, https:\/\/www.tucomarca.com\/wordpress\/segunda\/wp-content\/uploads\/2025\/05\/ConselleraVisitaUtiel3-300x225.jpg 300w, https:\/\/www.tucomarca.com\/wordpress\/segunda\/wp-content\/uploads\/2025\/05\/ConselleraVisitaUtiel3-768x576.jpg 768w, https:\/\/www.tucomarca.com\/wordpress\/segunda\/wp-content\/uploads\/2025\/05\/ConselleraVisitaUtiel3-678x509.jpg 678w, https:\/\/www.tucomarca.com\/wordpress\/segunda\/wp-content\/uploads\/2025\/05\/ConselleraVisitaUtiel3-326x245.jpg 326w, https:\/\/www.tucomarca.com\/wordpress\/segunda\/wp-content\/uploads\/2025\/05\/ConselleraVisitaUtiel3-80x60.jpg 80w, https:\/\/www.tucomarca.com\/wordpress\/segunda\/wp-content\/uploads\/2025\/05\/ConselleraVisitaUtiel3.jpg 1181w\" sizes=\"auto, (max-width: 1024px) 100vw, 1024px\" \/><\/figure>\n<\/figure>\n\n\n\n<p>Tamb\u00e9 s&#8217;ha despla\u00e7at al Passeig de l&#8217;Albereda, un dels espais m\u00e9s emblem\u00e0tics del municipi, on habitualment se celebren esdeveniments i activitats culturals, i que tamb\u00e9 va patir els efectes de la riuada.<\/p>\n","protected":false},"excerpt":{"rendered":"<div class=\"mh-excerpt\">La consellera ha visitat la cooperativa Cellers Utielanas i l&#8217;empresa \u00c0rids i Excavacions Platero. La consellera d&#8217;Innovaci\u00f3, Ind\u00fastria, Comer\u00e7 i Turisme, Mari\u00e1n Cano, ha visitat Utiel per a con\u00e9ixer l&#8217;estat del proc\u00e9s de reconstrucci\u00f3 despr\u00e9s <a class=\"mh-excerpt-more\" href=\"https:\/\/www.tucomarca.com\/wordpress\/segunda\/ca\/marian-cano-visita-utiel-per-a-coneixer-el-proces-de-reconstruccio-despres-de-la-riuada\/\" title=\"Mari\u00e1n Cano visita Utiel per a con\u00e9ixer el proc\u00e9s de reconstrucci\u00f3 despr\u00e9s de la riuada\">[+] <\/a><\/div>\n","protected":false},"author":12,"featured_media":267060,"comment_status":"open","ping_status":"open","sticky":false,"template":"","format":"gallery","meta":{"footnotes":""},"categories":[21466,10898,10948,10894,10904,10903,10947,10909,10896,10897,11059],"tags":[15409,10910,11174],"class_list":{"0":"post-267066","1":"post","2":"type-post","3":"status-publish","4":"format-gallery","5":"has-post-thumbnail","7":"category-dana-ca","8":"category-ventana-ca","9":"category-infraestructuras-ca","10":"category-la-comarca-ca","11":"category-sin-categorizar-ca","12":"category-medio-ambiente-la-comarca-ca","13":"category-politica","14":"category-requena-utiel-ca","15":"category-seccion-ca","16":"category-sucesos-la-comarca-ca","17":"category-utiel-ca","18":"tag-dana-2-ca","19":"tag-requena-utiel-ca","20":"tag-utiel-ca","21":"post_format-post-format-gallery"},"_links":{"self":[{"href":"https:\/\/www.tucomarca.com\/wordpress\/segunda\/ca\/wp-json\/wp\/v2\/posts\/267066","targetHints":{"allow":["GET"]}}],"collection":[{"href":"https:\/\/www.tucomarca.com\/wordpress\/segunda\/ca\/wp-json\/wp\/v2\/posts"}],"about":[{"href":"https:\/\/www.tucomarca.com\/wordpress\/segunda\/ca\/wp-json\/wp\/v2\/types\/post"}],"author":[{"embeddable":true,"href":"https:\/\/www.tucomarca.com\/wordpress\/segunda\/ca\/wp-json\/wp\/v2\/users\/12"}],"replies":[{"embeddable":true,"href":"https:\/\/www.tucomarca.com\/wordpress\/segunda\/ca\/wp-json\/wp\/v2\/comments?post=267066"}],"version-history":[{"count":0,"href":"https:\/\/www.tucomarca.com\/wordpress\/segunda\/ca\/wp-json\/wp\/v2\/posts\/267066\/revisions"}],"wp:featuredmedia":[{"embeddable":true,"href":"https:\/\/www.tucomarca.com\/wordpress\/segunda\/ca\/wp-json\/wp\/v2\/media\/267060"}],"wp:attachment":[{"href":"https:\/\/www.tucomarca.com\/wordpress\/segunda\/ca\/wp-json\/wp\/v2\/media?parent=267066"}],"wp:term":[{"taxonomy":"category","embeddable":true,"href":"https:\/\/www.tucomarca.com\/wordpress\/segunda\/ca\/wp-json\/wp\/v2\/categories?post=267066"},{"taxonomy":"post_tag","embeddable":true,"href":"https:\/\/www.tucomarca.com\/wordpress\/segunda\/ca\/wp-json\/wp\/v2\/tags?post=267066"}],"curies":[{"name":"wp","href":"https:\/\/api.w.org\/{rel}","templated":true}]}}