{"id":267113,"date":"2025-05-27T12:00:00","date_gmt":"2025-05-27T10:00:00","guid":{"rendered":"https:\/\/www.tucomarca.com\/wordpress\/segunda\/?p=267113"},"modified":"2025-05-27T12:11:14","modified_gmt":"2025-05-27T10:11:14","slug":"la-guardia-civil-dete-al-responsable-de-multiples-robatoris-en-segones-residencies-de-monserrat","status":"publish","type":"post","link":"https:\/\/www.tucomarca.com\/wordpress\/segunda\/ca\/la-guardia-civil-dete-al-responsable-de-multiples-robatoris-en-segones-residencies-de-monserrat\/","title":{"rendered":"La Gu\u00e0rdia Civil det\u00e9 al responsable de m\u00faltiples robatoris en segones resid\u00e8ncies de Monserrat"},"content":{"rendered":"\n<h3 class=\"wp-block-heading\">L&#8217;autor accedia a segones resid\u00e8ncies i cases de camp per a sostraure eines, diversos objectes i diners en efectiu.<\/h3>\n\n\n\n<h3 class=\"wp-block-heading\">Se li atribueixen un total de 16 delictes de robatori amb for\u00e7a en les coses.<\/h3>\n\n\n\n<p>La Gu\u00e0rdia Civil det\u00e9 a l&#8217;autor de m\u00faltiples robatoris tant en segones resid\u00e8ncies i cases de camp com en el Poliesportiu de la localitat de Monserrat.<\/p>\n\n\n\n<p>La investigaci\u00f3 va comen\u00e7ar despr\u00e9s de la interposici\u00f3 de les primeres den\u00fancies de propietaris que asseguraven haver patit robatori en els seus segons habitatges i cases de camp. Tamb\u00e9 es va produir un robatori en el Poliesportiu de la localitat de Monserrat. En tots els casos, l&#8217;autor, aprofitava la nocturnitat, la situaci\u00f3 d&#8217;a\u00efllament dels habitatges i el coneixement de l&#8217;orografia del terreny per a accedir a les citades construccions. Tallava la tanca perimetral i for\u00e7ava panys i reixes amb la finalitat de sostraure eines i maquin\u00e0ria de construcci\u00f3 que ocultava en els voltants i, posteriorment, arreplegava. Tamb\u00e9 es feia amb diners en efectiu.<\/p>\n\n\n\n<p>Venia els articles sostrets en el mercat de segona m\u00e0 per a aconseguir m\u00e9s efectiu.<\/p>\n\n\n\n<p>En l&#8217;\u00faltim dels robatoris, despr\u00e9s de fracturar la reixa i accedir a l&#8217;habitatge, el detingut va oblidar el seu tel\u00e8fon m\u00f2bil en una de les habitacions de l&#8217;habitatge, la qual cosa va proporcionar la pista definitiva als investigadors.<\/p>\n\n\n\n<p>El detingut \u00e9s un home de 25 anys i nacionalitat espanyola a qui se li atribueixen 16 delictes de robatori amb for\u00e7a en les coses.<\/p>\n\n\n\n<p>Les dilig\u00e8ncies van ser entregades en el Jutjat de Primera Inst\u00e0ncia i Instrucci\u00f3 n\u00famero 1 de Picassent.<\/p>\n\n\n\n<p><\/p>\n","protected":false},"excerpt":{"rendered":"<div class=\"mh-excerpt\">L&#8217;autor accedia a segones resid\u00e8ncies i cases de camp per a sostraure eines, diversos objectes i diners en efectiu. Se li atribueixen un total de 16 delictes de robatori amb for\u00e7a en les coses. La <a class=\"mh-excerpt-more\" href=\"https:\/\/www.tucomarca.com\/wordpress\/segunda\/ca\/la-guardia-civil-dete-al-responsable-de-multiples-robatoris-en-segones-residencies-de-monserrat\/\" title=\"La Gu\u00e0rdia Civil det\u00e9 al responsable de m\u00faltiples robatoris en segones resid\u00e8ncies de Monserrat\">[+] <\/a><\/div>\n","protected":false},"author":12,"featured_media":250314,"comment_status":"open","ping_status":"open","sticky":false,"template":"","format":"standard","meta":{"footnotes":""},"categories":[10898,10894,10902,11000,10896,10897],"tags":[11118,13751,11356],"class_list":{"0":"post-267113","1":"post","2":"type-post","3":"status-publish","4":"format-standard","5":"has-post-thumbnail","7":"category-ventana-ca","8":"category-la-comarca-ca","9":"category-la-ribera-ca","10":"category-monserrat-ca","11":"category-seccion-ca","12":"category-sucesos-la-comarca-ca","13":"tag-guardia-civil-ca","14":"tag-montserrat-ca","15":"tag-ribera-alta-ca"},"_links":{"self":[{"href":"https:\/\/www.tucomarca.com\/wordpress\/segunda\/ca\/wp-json\/wp\/v2\/posts\/267113","targetHints":{"allow":["GET"]}}],"collection":[{"href":"https:\/\/www.tucomarca.com\/wordpress\/segunda\/ca\/wp-json\/wp\/v2\/posts"}],"about":[{"href":"https:\/\/www.tucomarca.com\/wordpress\/segunda\/ca\/wp-json\/wp\/v2\/types\/post"}],"author":[{"embeddable":true,"href":"https:\/\/www.tucomarca.com\/wordpress\/segunda\/ca\/wp-json\/wp\/v2\/users\/12"}],"replies":[{"embeddable":true,"href":"https:\/\/www.tucomarca.com\/wordpress\/segunda\/ca\/wp-json\/wp\/v2\/comments?post=267113"}],"version-history":[{"count":0,"href":"https:\/\/www.tucomarca.com\/wordpress\/segunda\/ca\/wp-json\/wp\/v2\/posts\/267113\/revisions"}],"wp:featuredmedia":[{"embeddable":true,"href":"https:\/\/www.tucomarca.com\/wordpress\/segunda\/ca\/wp-json\/wp\/v2\/media\/250314"}],"wp:attachment":[{"href":"https:\/\/www.tucomarca.com\/wordpress\/segunda\/ca\/wp-json\/wp\/v2\/media?parent=267113"}],"wp:term":[{"taxonomy":"category","embeddable":true,"href":"https:\/\/www.tucomarca.com\/wordpress\/segunda\/ca\/wp-json\/wp\/v2\/categories?post=267113"},{"taxonomy":"post_tag","embeddable":true,"href":"https:\/\/www.tucomarca.com\/wordpress\/segunda\/ca\/wp-json\/wp\/v2\/tags?post=267113"}],"curies":[{"name":"wp","href":"https:\/\/api.w.org\/{rel}","templated":true}]}}