{"id":267121,"date":"2025-05-27T10:00:00","date_gmt":"2025-05-27T08:00:00","guid":{"rendered":"https:\/\/www.tucomarca.com\/wordpress\/segunda\/?p=267121"},"modified":"2025-05-27T12:17:44","modified_gmt":"2025-05-27T10:17:44","slug":"la-mancomunitat-foia-de-bunyol-xiva-rep-prop-de-300-000-deuros-del-pla-dinversions-de-la-diputacio","status":"publish","type":"post","link":"https:\/\/www.tucomarca.com\/wordpress\/segunda\/ca\/la-mancomunitat-foia-de-bunyol-xiva-rep-prop-de-300-000-deuros-del-pla-dinversions-de-la-diputacio\/","title":{"rendered":"La mancomunitat Foia de Bunyol-Xiva rep prop de 300.000 d&#8217;euros del pla d&#8217;inversions de la Diputaci\u00f3"},"content":{"rendered":"\n<p>La Mancomunitat de la Foia de Bunyol destinar\u00e0, a trav\u00e9s del Pla d&#8217;Inversions 2025-2026 un total de 296.721,61\u20ac per a la comarca, que la Mancomunitat utilitzar\u00e0 per a executar diferents actuacions de mobiliari urb\u00e0, material sanitari, transport i millora d&#8217;instal\u00b7lacions, en general.<br>El gruix de les inversions suposa, entre altres coses, la renovaci\u00f3 d&#8217;elements dels ajuntaments per a \u00fas p\u00fablic.<br>Aix\u00ed, quant a mobiliari urb\u00e0, per un import de 140.950 euros, es destinar\u00e0 a la substituci\u00f3 d&#8217;equipament per a esdeveniments educatius, socials i culturals. D&#8217;altra banda, i per primera vegada, la mancomunitat dotar\u00e0 als ajuntaments de desfibril\u00b7ladors amb una inversi\u00f3 d&#8217;aproximadament 80.767,50 euros, cobrint les millores en seguretat de les instal\u00b7lacions municipals.<br>Segons, el president de la Mancomunitat Toni Diaz Torralba, \u201caquest pla d&#8217;inversions est\u00e0 enfocat millorar alguns dels devastadors efectes de la riuada, tant en els municipis afectats amb danys en infraestructures, equipaments i serveis p\u00fablics\u201c.<br>D&#8217;altra banda, es milloraran instal\u00b7lacions i equipament inform\u00e0tic i educatiu, apostant per millorar els serveis mancomunats i oferir respostes m\u00e9s capaces de satisfer a la ciutadania.<br>Destaca tamb\u00e9 la inversi\u00f3 d&#8217;un total de 38.000 euros per a millorar equips relacionats amb l&#8217;efici\u00e8ncia energ\u00e8tica. Aquestes intervencions es duran a terme amb un muntant econ\u00f2mic de 61.184 euros.<br>Toni D\u00edaz assenyala; \u201calguns dels subministraments van destinat a modernitzar i posar en valor els serveis que ofereix la mancomunitat; serveis socials, cadastre, joventut, formaci\u00f3, desenvolupament i ocupaci\u00f3 comarcal\u201d.<br>La Diputaci\u00f3 de Val\u00e8ncia ha aprovat en aquest Pla provincial sol\u00b7licituds de Mancomunitats destinades a serveis d&#8217;inter\u00e9s supramunicipal.<\/p>\n","protected":false},"excerpt":{"rendered":"<div class=\"mh-excerpt\">La Mancomunitat de la Foia de Bunyol destinar\u00e0, a trav\u00e9s del Pla d&#8217;Inversions 2025-2026 un total de 296.721,61\u20ac per a la comarca, que la Mancomunitat utilitzar\u00e0 per a executar diferents actuacions de mobiliari urb\u00e0, material <a class=\"mh-excerpt-more\" href=\"https:\/\/www.tucomarca.com\/wordpress\/segunda\/ca\/la-mancomunitat-foia-de-bunyol-xiva-rep-prop-de-300-000-deuros-del-pla-dinversions-de-la-diputacio\/\" title=\"La mancomunitat Foia de Bunyol-Xiva rep prop de 300.000 d&#8217;euros del pla d&#8217;inversions de la Diputaci\u00f3\">[+] <\/a><\/div>\n","protected":false},"author":12,"featured_media":267120,"comment_status":"open","ping_status":"open","sticky":false,"template":"","format":"standard","meta":{"footnotes":""},"categories":[10980,10948,10894,10912,10947,10896],"tags":[10914,11514],"class_list":{"0":"post-267121","1":"post","2":"type-post","3":"status-publish","4":"format-standard","5":"has-post-thumbnail","7":"category-yatova-ca","8":"category-infraestructuras-ca","9":"category-la-comarca-ca","10":"category-la-hoya-ca","11":"category-politica","12":"category-seccion-ca","13":"tag-la-hoya-de-bunol-chiva-ca","14":"tag-mancomunidad-de-la-hoya-de-bunol-chiva-ca"},"_links":{"self":[{"href":"https:\/\/www.tucomarca.com\/wordpress\/segunda\/ca\/wp-json\/wp\/v2\/posts\/267121","targetHints":{"allow":["GET"]}}],"collection":[{"href":"https:\/\/www.tucomarca.com\/wordpress\/segunda\/ca\/wp-json\/wp\/v2\/posts"}],"about":[{"href":"https:\/\/www.tucomarca.com\/wordpress\/segunda\/ca\/wp-json\/wp\/v2\/types\/post"}],"author":[{"embeddable":true,"href":"https:\/\/www.tucomarca.com\/wordpress\/segunda\/ca\/wp-json\/wp\/v2\/users\/12"}],"replies":[{"embeddable":true,"href":"https:\/\/www.tucomarca.com\/wordpress\/segunda\/ca\/wp-json\/wp\/v2\/comments?post=267121"}],"version-history":[{"count":0,"href":"https:\/\/www.tucomarca.com\/wordpress\/segunda\/ca\/wp-json\/wp\/v2\/posts\/267121\/revisions"}],"wp:featuredmedia":[{"embeddable":true,"href":"https:\/\/www.tucomarca.com\/wordpress\/segunda\/ca\/wp-json\/wp\/v2\/media\/267120"}],"wp:attachment":[{"href":"https:\/\/www.tucomarca.com\/wordpress\/segunda\/ca\/wp-json\/wp\/v2\/media?parent=267121"}],"wp:term":[{"taxonomy":"category","embeddable":true,"href":"https:\/\/www.tucomarca.com\/wordpress\/segunda\/ca\/wp-json\/wp\/v2\/categories?post=267121"},{"taxonomy":"post_tag","embeddable":true,"href":"https:\/\/www.tucomarca.com\/wordpress\/segunda\/ca\/wp-json\/wp\/v2\/tags?post=267121"}],"curies":[{"name":"wp","href":"https:\/\/api.w.org\/{rel}","templated":true}]}}