{"id":267182,"date":"2025-05-27T08:00:00","date_gmt":"2025-05-27T06:00:00","guid":{"rendered":"https:\/\/www.tucomarca.com\/wordpress\/segunda\/?p=267182"},"modified":"2025-05-27T21:20:46","modified_gmt":"2025-05-27T19:20:46","slug":"mompo-rep-al-llevant-ud-lascens-del-club-granota-es-una-mostra-mes-que-els-valencians-sempre-ens-alcem","status":"publish","type":"post","link":"https:\/\/www.tucomarca.com\/wordpress\/segunda\/ca\/mompo-rep-al-llevant-ud-lascens-del-club-granota-es-una-mostra-mes-que-els-valencians-sempre-ens-alcem\/","title":{"rendered":"Momp\u00f3 rep al Llevant UD: \u201cL&#8217;ascens del club granota \u00e9s una mostra m\u00e9s que els valencians sempre ens alcem\u201d"},"content":{"rendered":"\n<p>El president de la Diputaci\u00f3 de Val\u00e8ncia, Vicent Momp\u00f3, ha rebut en la seu de la instituci\u00f3 provincial al Llevant UD amb motiu de l&#8217;ascens del club del Cabanyal despr\u00e9s de l&#8217;\u00e8pica vict\u00f2ria d&#8217;ahir a Burgos. \u201cHui \u00e9s un gran dia per a l&#8217;esport valenci\u00e0, estem orgullosos del joc del Llevant, de la seua remuntada i del seu exemple de superaci\u00f3; l&#8217;ascens del club granota \u00e9s una mostra m\u00e9s que els valencians sempre ens alcem\u201d, ha assegurat Momp\u00f3 despr\u00e9s de felicitar un a un als jugadors.<\/p>\n\n\n\n<p>A m\u00e9s, ha destacat, \u201cesta vict\u00f2ria, celebrada pels valencians i valencianes, \u00e9s tamb\u00e9 una demostraci\u00f3 que el joc en equip, l&#8217;esfor\u00e7 compartit, la companyerisme i el treballar conjuntamente dona resultats\u201d. \u201cEixa \u00e9s una lli\u00e7\u00f3 per a l&#8217;esport i per a la vida que marca als xiquets i xiquetes que vos admiren i que tamb\u00e9 vos hem d&#8217;agrair\u201d, ha recalcat.&nbsp;<\/p>\n\n\n\n<p>Finalment, ha augurat el president de la Diputaci\u00f3, \u201cestic conven\u00e7ut que la pr\u00f2xima temporada ens el passarem molt b\u00e9, tornarem a tindre un derbi valenci\u00e0\u201d. \u201cEl futbol li devia una al Llevant UD, enhorabona al club i a tota l&#8217;afici\u00f3 per este merescut ascens\u201d, ha concl\u00f2s.<\/p>\n","protected":false},"excerpt":{"rendered":"<div class=\"mh-excerpt\">El president de la Diputaci\u00f3 de Val\u00e8ncia, Vicent Momp\u00f3, ha rebut en la seu de la instituci\u00f3 provincial al Llevant UD amb motiu de l&#8217;ascens del club del Cabanyal despr\u00e9s de l&#8217;\u00e8pica vict\u00f2ria d&#8217;ahir a <a class=\"mh-excerpt-more\" href=\"https:\/\/www.tucomarca.com\/wordpress\/segunda\/ca\/mompo-rep-al-llevant-ud-lascens-del-club-granota-es-una-mostra-mes-que-els-valencians-sempre-ens-alcem\/\" title=\"Momp\u00f3 rep al Llevant UD: \u201cL&#8217;ascens del club granota \u00e9s una mostra m\u00e9s que els valencians sempre ens alcem\u201d\">[+] <\/a><\/div>\n","protected":false},"author":12,"featured_media":267181,"comment_status":"open","ping_status":"open","sticky":false,"template":"","format":"standard","meta":{"footnotes":""},"categories":[10911,11015,11003,10898,10894,10904,10912,10947,10896],"tags":[10913,22480,11246,10914,18636,16563],"class_list":{"0":"post-267182","1":"post","2":"type-post","3":"status-publish","4":"format-standard","5":"has-post-thumbnail","7":"category-bunol-ca","8":"category-canal-futbol","9":"category-sports","10":"category-ventana-ca","11":"category-la-comarca-ca","12":"category-sin-categorizar-ca","13":"category-la-hoya-ca","14":"category-politica","15":"category-seccion-ca","16":"tag-bunol-ca","17":"tag-club-granota-ca","18":"tag-diputacio-de-valencia-ca","19":"tag-la-hoya-de-bunol-chiva-ca","20":"tag-levante-ud-ca","21":"tag-vicente-mompo-ca"},"_links":{"self":[{"href":"https:\/\/www.tucomarca.com\/wordpress\/segunda\/ca\/wp-json\/wp\/v2\/posts\/267182","targetHints":{"allow":["GET"]}}],"collection":[{"href":"https:\/\/www.tucomarca.com\/wordpress\/segunda\/ca\/wp-json\/wp\/v2\/posts"}],"about":[{"href":"https:\/\/www.tucomarca.com\/wordpress\/segunda\/ca\/wp-json\/wp\/v2\/types\/post"}],"author":[{"embeddable":true,"href":"https:\/\/www.tucomarca.com\/wordpress\/segunda\/ca\/wp-json\/wp\/v2\/users\/12"}],"replies":[{"embeddable":true,"href":"https:\/\/www.tucomarca.com\/wordpress\/segunda\/ca\/wp-json\/wp\/v2\/comments?post=267182"}],"version-history":[{"count":0,"href":"https:\/\/www.tucomarca.com\/wordpress\/segunda\/ca\/wp-json\/wp\/v2\/posts\/267182\/revisions"}],"wp:featuredmedia":[{"embeddable":true,"href":"https:\/\/www.tucomarca.com\/wordpress\/segunda\/ca\/wp-json\/wp\/v2\/media\/267181"}],"wp:attachment":[{"href":"https:\/\/www.tucomarca.com\/wordpress\/segunda\/ca\/wp-json\/wp\/v2\/media?parent=267182"}],"wp:term":[{"taxonomy":"category","embeddable":true,"href":"https:\/\/www.tucomarca.com\/wordpress\/segunda\/ca\/wp-json\/wp\/v2\/categories?post=267182"},{"taxonomy":"post_tag","embeddable":true,"href":"https:\/\/www.tucomarca.com\/wordpress\/segunda\/ca\/wp-json\/wp\/v2\/tags?post=267182"}],"curies":[{"name":"wp","href":"https:\/\/api.w.org\/{rel}","templated":true}]}}