{"id":267196,"date":"2025-05-27T10:45:00","date_gmt":"2025-05-27T08:45:00","guid":{"rendered":"https:\/\/www.tucomarca.com\/wordpress\/segunda\/?p=267196"},"modified":"2025-05-27T21:28:02","modified_gmt":"2025-05-27T19:28:02","slug":"el-consell-amplia-el-contracte-per-a-reparar-les-installacions-de-les-depuradores-de-requena-casc-i-xest","status":"publish","type":"post","link":"https:\/\/www.tucomarca.com\/wordpress\/segunda\/ca\/el-consell-amplia-el-contracte-per-a-reparar-les-installacions-de-les-depuradores-de-requena-casc-i-xest\/","title":{"rendered":"El Consell amplia el contracte per a reparar les instal\u00b7lacions de les depuradores de Requena-Casc i Xest"},"content":{"rendered":"\n<h3 class=\"wp-block-heading\">Els contractes s&#8217;incrementen en 1.770.274 euros perqu\u00e8 s&#8217;han detectat m\u00e9s danys dels previstos inicialment, dels quals 1.587.008 per a la depuradora de Requena-Casc i 183.266 euros per a la de Xest.<\/h3>\n\n\n\n<h3 class=\"wp-block-heading\">El Consell va acordar al novembre de 2024 la contractaci\u00f3 d&#8217;emerg\u00e8ncia per a reparar infraestructures gestionades per EPSAR per un valor de 54,6 milions d&#8217;euros.<\/h3>\n\n\n\n<p>El Ple del Consell ha aprovat l&#8217;ampliaci\u00f3 dels contractes d&#8217;emerg\u00e8ncia per a executar les obres de reparaci\u00f3 en les instal\u00b7lacions de sanejament i depuraci\u00f3 d&#8217;aig\u00fces residuals (EDAR) Requena-Casc i Xest: Circuit-Complex Educatiu, aix\u00ed com l&#8217;extensi\u00f3 dels terminis d&#8217;execuci\u00f3, despr\u00e9s de detectar m\u00e9s afeccions de les previstes en la primera valoraci\u00f3.<\/p>\n\n\n\n<p>La riuada del passat octubre va afectar un total de 123 estacions depuradores i en determinades instal\u00b7lacions com les de Requena-Casc i Xest va ser necessari posar en marxa contractes d&#8217;emerg\u00e8ncia per a dur a terme obres de reparaci\u00f3 com m\u00e9s prompte millor. Una vegada iniciades les actuacions s&#8217;ha pogut concretar amb major precisi\u00f3 l&#8217;abast real dels danys, aix\u00ed com les actuacions necess\u00e0ries per a la seua reparaci\u00f3 i el corresponent ajust econ\u00f2mic.<\/p>\n\n\n\n<p>En el cas de les instal\u00b7lacions de la depuradora de Requena-Casc, la nova valoraci\u00f3 estableix un increment pressupostari d&#8217;1.587.008 euros, que se suma als 3.509.070 euros aprovats inicialment. Aix\u00ed mateix, s&#8217;amplia el termini d&#8217;execuci\u00f3 en dos mesos, fixant-se ara en huit mesos en total.<\/p>\n\n\n\n<p>Per part seua, en la depuradora de Xest: Circuit-Complex Educatiu, el contracte s&#8217;amplia en 183.266 euros sobre els 460.845 euros inicials, i es prolonga el termini d&#8217;execuci\u00f3 en cinc mesos, aconseguint un total de sis mesos.<\/p>\n\n\n\n<p>Aquestes quantitats se sumen als contractes d&#8217;emerg\u00e8ncia aprovats pel Consell al novembre de 2024 per a realitzar obres en infraestructures de sanejament i depuraci\u00f3 gestionades per l&#8217;Entitat P\u00fablica de Sanejament d&#8217;Aig\u00fces Residuals de la Comunitat Valenciana (EPSAR), amb una dotaci\u00f3 prevista de 54.690.361 euros.<\/p>\n\n\n\n<p>A m\u00e9s, el mes d&#8217;abril passat, el Consell va aprovar una altra ampliaci\u00f3 pressupost\u00e0ria per valor de 318.684 euros en el contracte d&#8217;emerg\u00e8ncia corresponent a les reparacions de les EDAR de Requena-Sant Antoni i Llogarets de la Vega, per la qual cosa, en total, la inversi\u00f3 en infraestructures hidr\u00e0uliques aconsegueix ja els 56,77 milions d&#8217;euros.<\/p>\n\n\n\n<p>La riuada del passat mes d&#8217;octubre va provocar danys significatius en moltes d&#8217;aquestes infraestructures, algunes fins i tot van quedar fora de servei o van veure afectat el seu funcionament, fet que representava un risc per a la salut p\u00fablica i el medi ambient. Entre les infraestructures que van patir danys m\u00e9s greus, que no van poder ser solucionats directament per les empreses explotadores dins dels seus contractes d&#8217;operaci\u00f3 i manteniment, es troben les depuradores de Vilamarxant, Bunyol-Alboraig, Requena-trenque, Requena-Sant Antoni i Llogarets de la Vega, Pinedo, Torrent Col\u00b7lector\/Picanya Col\u00b7lector, Quart-Ben\u00e0ger, Utiel, Algemes\u00ed-Albalat\/Alc\u00fadia\/Carlet, Alzira-Carcaixent, Benicarl\u00f3 i Xest: Circuit\/Complex Educatiu.<\/p>\n\n\n\n<p>El pla dissenyat per la Generalitat per a la reparaci\u00f3 dels sistemes de depuraci\u00f3 afectats per les inundacions a la prov\u00edncia de Val\u00e8ncia i Castell\u00f3, aix\u00ed com futures actuacions, preveu aconseguir els 100 milions d&#8217;euros en inversions amb l&#8217;objectiu que totes les depuradores puguen estar reconstru\u00efdes aquest estiu.<\/p>\n","protected":false},"excerpt":{"rendered":"<div class=\"mh-excerpt\">Els contractes s&#8217;incrementen en 1.770.274 euros perqu\u00e8 s&#8217;han detectat m\u00e9s danys dels previstos inicialment, dels quals 1.587.008 per a la depuradora de Requena-Casc i 183.266 euros per a la de Xest. El Consell va acordar <a class=\"mh-excerpt-more\" href=\"https:\/\/www.tucomarca.com\/wordpress\/segunda\/ca\/el-consell-amplia-el-contracte-per-a-reparar-les-installacions-de-les-depuradores-de-requena-casc-i-xest\/\" title=\"El Consell amplia el contracte per a reparar les instal\u00b7lacions de les depuradores de Requena-Casc i Xest\">[+] <\/a><\/div>\n","protected":false},"author":12,"featured_media":262346,"comment_status":"open","ping_status":"open","sticky":false,"template":"","format":"standard","meta":{"footnotes":""},"categories":[21466,10898,10948,10894,10912,10903,10947,10908,10909,10896,10974],"tags":[11071,15409,10914,11099,10910],"class_list":{"0":"post-267196","1":"post","2":"type-post","3":"status-publish","4":"format-standard","5":"has-post-thumbnail","7":"category-dana-ca","8":"category-ventana-ca","9":"category-infraestructuras-ca","10":"category-la-comarca-ca","11":"category-la-hoya-ca","12":"category-medio-ambiente-la-comarca-ca","13":"category-politica","14":"category-requena-ca","15":"category-requena-utiel-ca","16":"category-seccion-ca","17":"category-cheste-ca","18":"tag-cheste","19":"tag-dana-2-ca","20":"tag-la-hoya-de-bunol-chiva-ca","21":"tag-requena-ca","22":"tag-requena-utiel-ca"},"_links":{"self":[{"href":"https:\/\/www.tucomarca.com\/wordpress\/segunda\/ca\/wp-json\/wp\/v2\/posts\/267196","targetHints":{"allow":["GET"]}}],"collection":[{"href":"https:\/\/www.tucomarca.com\/wordpress\/segunda\/ca\/wp-json\/wp\/v2\/posts"}],"about":[{"href":"https:\/\/www.tucomarca.com\/wordpress\/segunda\/ca\/wp-json\/wp\/v2\/types\/post"}],"author":[{"embeddable":true,"href":"https:\/\/www.tucomarca.com\/wordpress\/segunda\/ca\/wp-json\/wp\/v2\/users\/12"}],"replies":[{"embeddable":true,"href":"https:\/\/www.tucomarca.com\/wordpress\/segunda\/ca\/wp-json\/wp\/v2\/comments?post=267196"}],"version-history":[{"count":0,"href":"https:\/\/www.tucomarca.com\/wordpress\/segunda\/ca\/wp-json\/wp\/v2\/posts\/267196\/revisions"}],"wp:featuredmedia":[{"embeddable":true,"href":"https:\/\/www.tucomarca.com\/wordpress\/segunda\/ca\/wp-json\/wp\/v2\/media\/262346"}],"wp:attachment":[{"href":"https:\/\/www.tucomarca.com\/wordpress\/segunda\/ca\/wp-json\/wp\/v2\/media?parent=267196"}],"wp:term":[{"taxonomy":"category","embeddable":true,"href":"https:\/\/www.tucomarca.com\/wordpress\/segunda\/ca\/wp-json\/wp\/v2\/categories?post=267196"},{"taxonomy":"post_tag","embeddable":true,"href":"https:\/\/www.tucomarca.com\/wordpress\/segunda\/ca\/wp-json\/wp\/v2\/tags?post=267196"}],"curies":[{"name":"wp","href":"https:\/\/api.w.org\/{rel}","templated":true}]}}