{"id":267206,"date":"2025-05-27T09:50:00","date_gmt":"2025-05-27T07:50:00","guid":{"rendered":"https:\/\/www.tucomarca.com\/wordpress\/segunda\/?p=267206"},"modified":"2025-05-27T21:37:37","modified_gmt":"2025-05-27T19:37:37","slug":"tot-preparat-per-a-la-celebracio-de-la-10a-edicio-de-graffitea-xest","status":"publish","type":"post","link":"https:\/\/www.tucomarca.com\/wordpress\/segunda\/ca\/tot-preparat-per-a-la-celebracio-de-la-10a-edicio-de-graffitea-xest\/","title":{"rendered":"Tot preparat per a la celebraci\u00f3 de la 10a edici\u00f3 de Graffitea Xest"},"content":{"rendered":"\n<p>La desena edici\u00f3 del Festival d&#8217;Art Urb\u00e0 Graffitea Xest, impulsat per la Regidoria de Cultura de l&#8217;Ajuntament de Xest i \u00c0lien Barrakudas, amb Toni Espinar com a director art\u00edstic, comen\u00e7ar\u00e0 dem\u00e0, dimecres 28 de maig, en la localitat chestana.<\/p>\n\n\n\n<p>El des\u00e9 aniversari del festival comptar\u00e0 amb participaci\u00f3 de 13 dones artistes que intervindran en les fa\u00e7anes p\u00fabliques i privades de la localitat sota una tem\u00e0tica ecofeminista. Un any m\u00e9s, hi haur\u00e0 Feminist Art i un nou mural dins de la iniciativa \u201cMurs Insubmisos\u201d, a c\u00e0rrec de Toni Espinar, en aquesta ocasi\u00f3 sota el lema \u201crespecta a la naturalesa\u201d, que ja llueix acabat en la Pla\u00e7a Arag\u00f3.<\/p>\n\n\n\n<p>El programa d&#8217;activitats de Graffitea Xest 2025 inclou la iniciativa \u201cGraffitea amb Palestina\u201d, divendres que ve, 30 de maig, amb la realitzaci\u00f3 d&#8217;un mural per la defensa del dret a l&#8217;educaci\u00f3 de la inf\u00e0ncia palestina, en col\u00b7laboraci\u00f3 amb l&#8217;Ag\u00e8ncia de Nacions Unides per als Refugiats de Palestina a Orient Pr\u00f2xim (UNRWA), que crear\u00e0 l&#8217;artista valenciana La Xiqueta Wapa en un habitatge del carrer Pedralba, davant de la biblioteca municipal. Tamb\u00e9 es realitzar\u00e0 un cinef\u00f3rum tem\u00e0tic amb la participaci\u00f3 d&#8217;una persona refugiada que compartir\u00e0 el seu testimoniatge, a les 19.00 a la biblioteca.<\/p>\n\n\n\n<p>Com \u00e9s habitual, hi haur\u00e0 rutes guiades gratu\u00eftes el dissabte i el diumenge, a c\u00e0rrec de Tarasca Turisme, amb eixida des de l&#8217;estaci\u00f3 de la localitat, en el Passeig Anselmo Balaguer. El dissabte les rutes eixiran a les 10.00, 10.30, 12.00, 12.30, 16.00 i 16.30, i el diumenge a les 10.00, 10.30, 12.00 i 12.30. Per a participar ser\u00e0 necessari reservar pla\u00e7a en el tel\u00e8fon 660 47 42 88.<\/p>\n\n\n\n<p>El festival es clausurar\u00e0 el diumenge, 1 de juny, amb un concert de la Big band Alt Pal\u00e0ncia, a les 19.00 en el teatre Liceu.<\/p>\n\n\n\n<figure class=\"wp-block-gallery has-nested-images columns-1 is-cropped wp-block-gallery-1 is-layout-flex wp-block-gallery-is-layout-flex\">\n<figure class=\"wp-block-image size-large\"><img loading=\"lazy\" decoding=\"async\" width=\"1024\" height=\"724\" data-id=\"267207\" src=\"https:\/\/www.tucomarca.com\/wordpress\/segunda\/wp-content\/uploads\/2025\/05\/ProgramaGraffitea1-1024x724.jpg\" alt=\"\" class=\"wp-image-267207\" srcset=\"https:\/\/www.tucomarca.com\/wordpress\/segunda\/wp-content\/uploads\/2025\/05\/ProgramaGraffitea1-1024x724.jpg 1024w, https:\/\/www.tucomarca.com\/wordpress\/segunda\/wp-content\/uploads\/2025\/05\/ProgramaGraffitea1-300x212.jpg 300w, https:\/\/www.tucomarca.com\/wordpress\/segunda\/wp-content\/uploads\/2025\/05\/ProgramaGraffitea1-768x543.jpg 768w, https:\/\/www.tucomarca.com\/wordpress\/segunda\/wp-content\/uploads\/2025\/05\/ProgramaGraffitea1.jpg 1169w\" sizes=\"auto, (max-width: 1024px) 100vw, 1024px\" \/><\/figure>\n\n\n\n<figure class=\"wp-block-image size-large\"><img loading=\"lazy\" decoding=\"async\" width=\"1024\" height=\"724\" data-id=\"267208\" src=\"https:\/\/www.tucomarca.com\/wordpress\/segunda\/wp-content\/uploads\/2025\/05\/ProgramaGraffitea2-1024x724.jpg\" alt=\"\" class=\"wp-image-267208\" srcset=\"https:\/\/www.tucomarca.com\/wordpress\/segunda\/wp-content\/uploads\/2025\/05\/ProgramaGraffitea2-1024x724.jpg 1024w, https:\/\/www.tucomarca.com\/wordpress\/segunda\/wp-content\/uploads\/2025\/05\/ProgramaGraffitea2-300x212.jpg 300w, https:\/\/www.tucomarca.com\/wordpress\/segunda\/wp-content\/uploads\/2025\/05\/ProgramaGraffitea2-768x543.jpg 768w, https:\/\/www.tucomarca.com\/wordpress\/segunda\/wp-content\/uploads\/2025\/05\/ProgramaGraffitea2.jpg 1169w\" sizes=\"auto, (max-width: 1024px) 100vw, 1024px\" \/><\/figure>\n<\/figure>\n\n\n\n<p><strong>Artistes i ubicacions\u00a0<\/strong><\/p>\n\n\n\n<p><strong>Del 28 de maig a l&#8217;1 de juny \u00b7 Intervencions murals<\/strong><\/p>\n\n\n\n<ul class=\"wp-block-list\">\n<li>Fio Silva @fio.silva &#8211; Rotonda del Agricultor.<\/li>\n\n\n\n<li>Mar\u00edaDie @mariadie.art &#8211; Rotonda del Agricultor.<\/li>\n\n\n\n<li>Margot Margay @margay_art &#8211; C\/ Maestro Serrano.<\/li>\n\n\n\n<li>Roseta FS @roseta.fs &#8211; C\/ Maestro Serrano.<\/li>\n\n\n\n<li>Ana Coraz\u00f3n @anacorazon.art &#8211; Camino Gestalgar<\/li>\n\n\n\n<li>Hera Herakut @hera_herakut &#8211; C\/ Renacimiento<\/li>\n\n\n\n<li>H\u00e9len\u00e8 Planquelle @heleneplanquelle &#8211; C\/ Renacimiento<\/li>\n\n\n\n<li>Anna Repullo @annarepullovique &#8211; C\/ Galileo.<\/li>\n\n\n\n<li>Llu\u00efsa Penella i Pons @lluisapenellaipons &#8211; C\/ Galileo.<\/li>\n\n\n\n<li>Raquel Coba @raaquell_coba &#8211; C\/ Facundo S\u00e1nchez.<\/li>\n\n\n\n<li>Btoy @btoyglitch&nbsp; &#8211; C\/ Teresa De \u00c1vila .<\/li>\n\n\n\n<li>Daniela Guerreiro @danielaguerreiro_ &#8211; C\/ Teresa de \u00c1vila.<\/li>\n\n\n\n<li>Alicia Jord\u00e0 de Lucas @aliciajordart &#8211; C\/ Cervantes.<\/li>\n<\/ul>\n\n\n\n<ul class=\"wp-block-list\">\n<li>Feminist Art @feministart_revolution &#8211; C\/ Maestro Serrano.<\/li>\n\n\n\n<li>Muros insumisos, Toni Espinar @espinartoni &#8211; Pl. Arag\u00f3n\/ Ctra. Liria.<\/li>\n\n\n\n<li>Mural por Palestina, La Nena Wapa @lanenawapawapa &#8211; C\/ Pedralba.<\/li>\n<\/ul>\n\n\n\n<p><strong>Mapa interactiu:\u00a0 <\/strong>https:\/\/lc.cx\/sKDZyc<\/p>\n","protected":false},"excerpt":{"rendered":"<div class=\"mh-excerpt\">La desena edici\u00f3 del Festival d&#8217;Art Urb\u00e0 Graffitea Xest, impulsat per la Regidoria de Cultura de l&#8217;Ajuntament de Xest i \u00c0lien Barrakudas, amb Toni Espinar com a director art\u00edstic, comen\u00e7ar\u00e0 dem\u00e0, dimecres 28 de maig, <a class=\"mh-excerpt-more\" href=\"https:\/\/www.tucomarca.com\/wordpress\/segunda\/ca\/tot-preparat-per-a-la-celebracio-de-la-10a-edicio-de-graffitea-xest\/\" title=\"Tot preparat per a la celebraci\u00f3 de la 10a edici\u00f3 de Graffitea Xest\">[+] <\/a><\/div>\n","protected":false},"author":12,"featured_media":264830,"comment_status":"open","ping_status":"open","sticky":false,"template":"","format":"standard","meta":{"footnotes":""},"categories":[11019,10894,10912,11007,11063,10896,10974],"tags":[22327,22288,10914],"class_list":{"0":"post-267206","1":"post","2":"type-post","3":"status-publish","4":"format-standard","5":"has-post-thumbnail","7":"category-agenda-ca","8":"category-la-comarca-ca","9":"category-la-hoya-ca","10":"category-ocio-y-cultura-ca","11":"category-pintura-ca","12":"category-seccion-ca","13":"category-cheste-ca","14":"tag-alborachebunol-cheste-chiva-dos-aguas-godelleta-macastre-siete-aguas-yatova-ca","15":"tag-graffitea-2025-ca","16":"tag-la-hoya-de-bunol-chiva-ca"},"_links":{"self":[{"href":"https:\/\/www.tucomarca.com\/wordpress\/segunda\/ca\/wp-json\/wp\/v2\/posts\/267206","targetHints":{"allow":["GET"]}}],"collection":[{"href":"https:\/\/www.tucomarca.com\/wordpress\/segunda\/ca\/wp-json\/wp\/v2\/posts"}],"about":[{"href":"https:\/\/www.tucomarca.com\/wordpress\/segunda\/ca\/wp-json\/wp\/v2\/types\/post"}],"author":[{"embeddable":true,"href":"https:\/\/www.tucomarca.com\/wordpress\/segunda\/ca\/wp-json\/wp\/v2\/users\/12"}],"replies":[{"embeddable":true,"href":"https:\/\/www.tucomarca.com\/wordpress\/segunda\/ca\/wp-json\/wp\/v2\/comments?post=267206"}],"version-history":[{"count":0,"href":"https:\/\/www.tucomarca.com\/wordpress\/segunda\/ca\/wp-json\/wp\/v2\/posts\/267206\/revisions"}],"wp:featuredmedia":[{"embeddable":true,"href":"https:\/\/www.tucomarca.com\/wordpress\/segunda\/ca\/wp-json\/wp\/v2\/media\/264830"}],"wp:attachment":[{"href":"https:\/\/www.tucomarca.com\/wordpress\/segunda\/ca\/wp-json\/wp\/v2\/media?parent=267206"}],"wp:term":[{"taxonomy":"category","embeddable":true,"href":"https:\/\/www.tucomarca.com\/wordpress\/segunda\/ca\/wp-json\/wp\/v2\/categories?post=267206"},{"taxonomy":"post_tag","embeddable":true,"href":"https:\/\/www.tucomarca.com\/wordpress\/segunda\/ca\/wp-json\/wp\/v2\/tags?post=267206"}],"curies":[{"name":"wp","href":"https:\/\/api.w.org\/{rel}","templated":true}]}}