{"id":267318,"date":"2025-05-28T08:30:00","date_gmt":"2025-05-28T06:30:00","guid":{"rendered":"https:\/\/www.tucomarca.com\/wordpress\/segunda\/?p=267318"},"modified":"2025-05-28T00:57:00","modified_gmt":"2025-05-27T22:57:00","slug":"transports-anuncia-corts-per-a-abordar-la-recta-final-dels-treballs-de-reconstruccio-per-la-dana-en-la-n-iii-entre-setaigues-i-bunyol","status":"publish","type":"post","link":"https:\/\/www.tucomarca.com\/wordpress\/segunda\/ca\/transports-anuncia-corts-per-a-abordar-la-recta-final-dels-treballs-de-reconstruccio-per-la-dana-en-la-n-iii-entre-setaigues-i-bunyol\/","title":{"rendered":"Transports anuncia corts per a abordar la recta final dels treballs de reconstrucci\u00f3 per la DANA en la N-III entre Setaig\u00fces i Bunyol"},"content":{"rendered":"\n<h3 class=\"wp-block-heading\">Des del Ministeri de Transport informen que els treballs que queden per escometre, dotats amb 4,2 milions d&#8217;euros, consisteixen en el fresat i reposici\u00f3 del ferm, per la qual cosa ser\u00e0 necessari el tall total de la cal\u00e7ada en tots dos sentits, permetent l&#8217;acc\u00e9s nom\u00e9s a particulars per a accedir a les seues propietats.<\/h3>\n\n\n\n<h3 class=\"wp-block-heading\">Els treballs s&#8217;executen entre els km 294 i 298,2 i els talls es realitzaran de 8,00 a 18,00 hores de dilluns a dijous i de 8,00 a 13,00 el divendres, fins previsiblement el dijous 12 de juny. El tr\u00e0nsit quedar\u00e0 restablit els caps de setmana i festius.<\/h3>\n\n\n\n<p>El Ministeri de Transports i Mobilitat Sostenible ha anunciat que est\u00e0 duent a terme la recta final de les obres de reconstrucci\u00f3 del tram entre els quil\u00f2metres 294 i 299 de la carretera N-III, al seu pas pels municipis de Setaig\u00fces i Bunyol, afectats pels esdeveniments catastr\u00f2fics derivats de les intenses pluges caigudes el 29 d&#8217;octubre de 2024. El cr\u00e8dit habilitat per a aix\u00f2 ha sigut de 4,2 milions d&#8217;euros (IVA incl\u00f2s), tal com ho han xifrat des del Ministeri de Transports.<\/p>\n\n\n\n<p>Les obres que queden per escometre consisteixen, principalment, en el fresat i reposici\u00f3 del ferm, arribant fins a la capa interm\u00e8dia en determinades zones en funci\u00f3 del grau de deterioraci\u00f3.<\/p>\n\n\n\n<p>Per aix\u00f2, i per a garantir la seguretat dels treballadors i usuaris, es produir\u00e0 el tall total de la cal\u00e7ada (en tots dos sentits) entre els punts km 294,0 i 298,2, permetent l&#8217;entrada nom\u00e9s a particulars per a accedir a les seues propietats, en els seg\u00fcents horaris:<\/p>\n\n\n\n<ul class=\"wp-block-list\">\n<li>Dijous 29 de maig: de 8,00 a 18,00 hores.<\/li>\n\n\n\n<li>Divendres, 30 de maig: de 8,00 a 13,00.<\/li>\n\n\n\n<li>Els dies 2, 3 ,4 i 5 (dilluns a dijous) de juny: de 8,00 a 18,00.<\/li>\n\n\n\n<li>Divendres 6 de juny: de 8,00 a 13,00.<\/li>\n\n\n\n<li>Els dies 9, 10, 11 i 12 (dilluns a dijous) de juny: de 8,00 a 18,00.<\/li>\n<\/ul>\n\n\n\n<p>No es produiran afectacions al tr\u00e0nsit els caps de setmana ni festius.<\/p>\n\n\n\n<figure class=\"wp-block-image size-large\"><img loading=\"lazy\" decoding=\"async\" width=\"1024\" height=\"794\" src=\"http:\/\/www.tucomarca.com\/wordpress\/segunda\/wp-content\/uploads\/2025\/05\/CortesNIII-1024x794.jpg\" alt=\"\" class=\"wp-image-267307\" srcset=\"https:\/\/www.tucomarca.com\/wordpress\/segunda\/wp-content\/uploads\/2025\/05\/CortesNIII-1024x794.jpg 1024w, https:\/\/www.tucomarca.com\/wordpress\/segunda\/wp-content\/uploads\/2025\/05\/CortesNIII-300x233.jpg 300w, https:\/\/www.tucomarca.com\/wordpress\/segunda\/wp-content\/uploads\/2025\/05\/CortesNIII-768x596.jpg 768w, https:\/\/www.tucomarca.com\/wordpress\/segunda\/wp-content\/uploads\/2025\/05\/CortesNIII-1536x1192.jpg 1536w, https:\/\/www.tucomarca.com\/wordpress\/segunda\/wp-content\/uploads\/2025\/05\/CortesNIII-2048x1589.jpg 2048w\" sizes=\"auto, (max-width: 1024px) 100vw, 1024px\" \/><\/figure>\n\n\n\n<p><strong>Itinerari alternatiu<\/strong><\/p>\n\n\n\n<p>Per a assegurar la flu\u00efdesa del tr\u00e0nsit, durant aquestes afectacions s&#8217;habilitar\u00e0 un itinerari alternatiu degudament senyalitzat. Aix\u00ed, per a tots dos sentits es prendr\u00e0 l&#8217;autovia A-3 i es recorrer\u00e0 fins a aconseguir el seg\u00fcent enlla\u00e7: Bunyol o Setaig\u00fces, segons el sentit.<\/p>\n\n\n\n<p>Per als usuaris que es dirigisquen al tram tallat en sentit Madrid (cort en km 298.2), utilitzant la intersecci\u00f3 es prendr\u00e0 l&#8217;A-3 en sentit Xiva\/Val\u00e8ncia. Per als usuaris que es dirigisquen al tram tallat en sentit Val\u00e8ncia (cort en km 294), es prendr\u00e0 el ramal de la glorieta que dona acc\u00e9s a la A-3 en sentit Xiva\/Val\u00e8ncia. Se circular\u00e0 per la A-3 fins a l&#8217;eixida n\u00ba319 (Bunyol), on es far\u00e0 el canvi de sentit prenent de nou l&#8217;A-3 en sentit Madrid.&nbsp;<\/p>\n\n\n\n<p>Per a dirigir-se a Setaig\u00fces, es prendr\u00e0 l&#8217;eixida 306 (Setaig\u00fces), havent arribat aix\u00ed a l&#8217;enlla\u00e7 on es troba el tall. Per a dirigir-se a Bunyol, es prendr\u00e0 l&#8217;eixida 319 (Bunyol).<\/p>\n\n\n\n<figure class=\"wp-block-gallery has-nested-images columns-1 is-cropped wp-block-gallery-1 is-layout-flex wp-block-gallery-is-layout-flex\">\n<figure class=\"wp-block-image size-large\"><img loading=\"lazy\" decoding=\"async\" width=\"1024\" height=\"682\" data-id=\"267312\" src=\"https:\/\/www.tucomarca.com\/wordpress\/segunda\/wp-content\/uploads\/2025\/05\/NIIIdana2-1024x682.jpg\" alt=\"\" class=\"wp-image-267312\" srcset=\"https:\/\/www.tucomarca.com\/wordpress\/segunda\/wp-content\/uploads\/2025\/05\/NIIIdana2-1024x682.jpg 1024w, https:\/\/www.tucomarca.com\/wordpress\/segunda\/wp-content\/uploads\/2025\/05\/NIIIdana2-300x200.jpg 300w, https:\/\/www.tucomarca.com\/wordpress\/segunda\/wp-content\/uploads\/2025\/05\/NIIIdana2-768x512.jpg 768w, https:\/\/www.tucomarca.com\/wordpress\/segunda\/wp-content\/uploads\/2025\/05\/NIIIdana2-1536x1023.jpg 1536w, https:\/\/www.tucomarca.com\/wordpress\/segunda\/wp-content\/uploads\/2025\/05\/NIIIdana2.jpg 1600w\" sizes=\"auto, (max-width: 1024px) 100vw, 1024px\" \/><\/figure>\n\n\n\n<figure class=\"wp-block-image size-large\"><img loading=\"lazy\" decoding=\"async\" width=\"1024\" height=\"682\" data-id=\"267310\" src=\"https:\/\/www.tucomarca.com\/wordpress\/segunda\/wp-content\/uploads\/2025\/05\/NIIIdana1-1024x682.jpg\" alt=\"\" class=\"wp-image-267310\" srcset=\"https:\/\/www.tucomarca.com\/wordpress\/segunda\/wp-content\/uploads\/2025\/05\/NIIIdana1-1024x682.jpg 1024w, https:\/\/www.tucomarca.com\/wordpress\/segunda\/wp-content\/uploads\/2025\/05\/NIIIdana1-300x200.jpg 300w, https:\/\/www.tucomarca.com\/wordpress\/segunda\/wp-content\/uploads\/2025\/05\/NIIIdana1-768x512.jpg 768w, https:\/\/www.tucomarca.com\/wordpress\/segunda\/wp-content\/uploads\/2025\/05\/NIIIdana1-1536x1023.jpg 1536w, https:\/\/www.tucomarca.com\/wordpress\/segunda\/wp-content\/uploads\/2025\/05\/NIIIdana1.jpg 1600w\" sizes=\"auto, (max-width: 1024px) 100vw, 1024px\" \/><\/figure>\n<\/figure>\n","protected":false},"excerpt":{"rendered":"<div class=\"mh-excerpt\">Des del Ministeri de Transport informen que els treballs que queden per escometre, dotats amb 4,2 milions d&#8217;euros, consisteixen en el fresat i reposici\u00f3 del ferm, per la qual cosa ser\u00e0 necessari el tall total <a class=\"mh-excerpt-more\" href=\"https:\/\/www.tucomarca.com\/wordpress\/segunda\/ca\/transports-anuncia-corts-per-a-abordar-la-recta-final-dels-treballs-de-reconstruccio-per-la-dana-en-la-n-iii-entre-setaigues-i-bunyol\/\" title=\"Transports anuncia corts per a abordar la recta final dels treballs de reconstrucci\u00f3 per la DANA en la N-III entre Setaig\u00fces i Bunyol\">[+] <\/a><\/div>\n","protected":false},"author":1,"featured_media":267315,"comment_status":"open","ping_status":"open","sticky":false,"template":"","format":"gallery","meta":{"footnotes":""},"categories":[10911,21466,10898,10948,10894,10904,10912,10903,10947,10896,10979,10897],"tags":[10913,15409,10914,22096,11157],"class_list":{"0":"post-267318","1":"post","2":"type-post","3":"status-publish","4":"format-gallery","5":"has-post-thumbnail","7":"category-bunol-ca","8":"category-dana-ca","9":"category-ventana-ca","10":"category-infraestructuras-ca","11":"category-la-comarca-ca","12":"category-sin-categorizar-ca","13":"category-la-hoya-ca","14":"category-medio-ambiente-la-comarca-ca","15":"category-politica","16":"category-seccion-ca","17":"category-siete-aguas-ca","18":"category-sucesos-la-comarca-ca","19":"tag-bunol-ca","20":"tag-dana-2-ca","21":"tag-la-hoya-de-bunol-chiva-ca","22":"tag-n-iii-ca","23":"tag-siete-aguas-ca","24":"post_format-post-format-gallery"},"_links":{"self":[{"href":"https:\/\/www.tucomarca.com\/wordpress\/segunda\/ca\/wp-json\/wp\/v2\/posts\/267318","targetHints":{"allow":["GET"]}}],"collection":[{"href":"https:\/\/www.tucomarca.com\/wordpress\/segunda\/ca\/wp-json\/wp\/v2\/posts"}],"about":[{"href":"https:\/\/www.tucomarca.com\/wordpress\/segunda\/ca\/wp-json\/wp\/v2\/types\/post"}],"author":[{"embeddable":true,"href":"https:\/\/www.tucomarca.com\/wordpress\/segunda\/ca\/wp-json\/wp\/v2\/users\/1"}],"replies":[{"embeddable":true,"href":"https:\/\/www.tucomarca.com\/wordpress\/segunda\/ca\/wp-json\/wp\/v2\/comments?post=267318"}],"version-history":[{"count":0,"href":"https:\/\/www.tucomarca.com\/wordpress\/segunda\/ca\/wp-json\/wp\/v2\/posts\/267318\/revisions"}],"wp:featuredmedia":[{"embeddable":true,"href":"https:\/\/www.tucomarca.com\/wordpress\/segunda\/ca\/wp-json\/wp\/v2\/media\/267315"}],"wp:attachment":[{"href":"https:\/\/www.tucomarca.com\/wordpress\/segunda\/ca\/wp-json\/wp\/v2\/media?parent=267318"}],"wp:term":[{"taxonomy":"category","embeddable":true,"href":"https:\/\/www.tucomarca.com\/wordpress\/segunda\/ca\/wp-json\/wp\/v2\/categories?post=267318"},{"taxonomy":"post_tag","embeddable":true,"href":"https:\/\/www.tucomarca.com\/wordpress\/segunda\/ca\/wp-json\/wp\/v2\/tags?post=267318"}],"curies":[{"name":"wp","href":"https:\/\/api.w.org\/{rel}","templated":true}]}}