{"id":267396,"date":"2025-05-28T11:15:00","date_gmt":"2025-05-28T09:15:00","guid":{"rendered":"https:\/\/www.tucomarca.com\/wordpress\/segunda\/?p=267396"},"modified":"2025-05-28T18:37:45","modified_gmt":"2025-05-28T16:37:45","slug":"un-entrepa-de-pernil-de-13-quilometres-omplira-els-carrers-dutiel-la-recaptacio-dels-quals-anira-a-benefici-dels-damnificats-per-la-dana","status":"publish","type":"post","link":"https:\/\/www.tucomarca.com\/wordpress\/segunda\/ca\/un-entrepa-de-pernil-de-13-quilometres-omplira-els-carrers-dutiel-la-recaptacio-dels-quals-anira-a-benefici-dels-damnificats-per-la-dana\/","title":{"rendered":"Un entrep\u00e0 de pernil de 1,3 quil\u00f2metres omplir\u00e0 els carrers d&#8217;Utiel la recaptaci\u00f3 dels quals anir\u00e0 a benefici dels damnificats per la DANA"},"content":{"rendered":"\n<h3 class=\"wp-block-heading\">El bocata de r\u00e8cord mesurar\u00e0 1.3 quil\u00f2metres de llarg i es distribuir\u00e0 en porcions per un import de 2,5 euros.<\/h3>\n\n\n\n<p>Utiel es prepara per a celebrar un esdeveniment gastron\u00f2mic de r\u00e8cord amb una fi solid\u00e0ria:&nbsp;l&#8217;entrep\u00e0 de pernil m\u00e9s llarg del m\u00f3n la recaptaci\u00f3 del qual es destinar\u00e0 \u00edntegrament als damnificats per la DANA.<\/p>\n\n\n\n<p>Dissabte que ve 31 de maig, a partir de les 20.30 hores, l&#8217;Ajuntament d&#8217;Utiel, en col\u00b7laboraci\u00f3 amb diferents empreses i institucions, traur\u00e0 al carrer un entrep\u00e0 gegant d&#8217;1.3 quil\u00f2metres que recorrer\u00e0 les principals zones del centre d&#8217;Utiel conjuminant la passi\u00f3 per la gastronomia local amb la solidaritat.<\/p>\n\n\n\n<p>Aquelles persones que vulguen col\u00b7laborar amb aquesta iniciativa ben\u00e8fica ja poden adquirir els tiquets per 2,5\u20ac a la Casa de Cultura d&#8217;Utiel i en www.agendautiel.es&nbsp;<\/p>\n\n\n\n<p><strong>Entrep\u00e0 de r\u00e8cord solidari<\/strong><\/p>\n\n\n\n<p>1.300 metres d&#8217;entrep\u00e0 de pernil necessiten d&#8217;ingredients en proporcions gegantesques.<\/p>\n\n\n\n<p>En total es prepararan al voltant de 4.000 racions gr\u00e0cies a la col\u00b7laboraci\u00f3 de diferents empreses d&#8217;alimentaci\u00f3 del municipi que donen el seu producte amb una fi solid\u00e0ria.<\/p>\n\n\n\n<p>La Tahona d&#8217;Utiel disposar\u00e0 de 3.000 barres unides per a superar el quil\u00f2metre de longitud de l&#8217;entrep\u00e0 XXL que ser\u00e0 banyat amb el preuat or l\u00edquid d&#8217;Olis de les Heras i emplenat amb els 60 pernils donats per Red\u00f3 Iglesias per a aquesta ocasi\u00f3.<\/p>\n\n\n\n<p>A m\u00e9s de la porci\u00f3 d&#8217;entrep\u00e0, els participants podran triar entre vi de Cellers Utielanas o aigua de Font Primavera.&nbsp;<\/p>\n\n\n\n<p>A tots aquests col\u00b7laboradors d&#8217;empreses del sector agroalimentari se suma Revista Local com a canal de difusi\u00f3 i Caixa Popular i la Diputaci\u00f3 de Val\u00e8ncia amb suport econ\u00f2mic.<\/p>\n\n\n\n<p>Un esdeveniment extraordinari de confraternitat que reunir\u00e0 a centenars de persones per a compartir una vetlada gastron\u00f2mica plena de solidaritat.<\/p>\n","protected":false},"excerpt":{"rendered":"<div class=\"mh-excerpt\">El bocata de r\u00e8cord mesurar\u00e0 1.3 quil\u00f2metres de llarg i es distribuir\u00e0 en porcions per un import de 2,5 euros. Utiel es prepara per a celebrar un esdeveniment gastron\u00f2mic de r\u00e8cord amb una fi solid\u00e0ria:&nbsp;l&#8217;entrep\u00e0 <a class=\"mh-excerpt-more\" href=\"https:\/\/www.tucomarca.com\/wordpress\/segunda\/ca\/un-entrepa-de-pernil-de-13-quilometres-omplira-els-carrers-dutiel-la-recaptacio-dels-quals-anira-a-benefici-dels-damnificats-per-la-dana\/\" title=\"Un entrep\u00e0 de pernil de 1,3 quil\u00f2metres omplir\u00e0 els carrers d&#8217;Utiel la recaptaci\u00f3 dels quals anir\u00e0 a benefici dels damnificats per la DANA\">[+] <\/a><\/div>\n","protected":false},"author":12,"featured_media":267395,"comment_status":"open","ping_status":"open","sticky":false,"template":"","format":"standard","meta":{"footnotes":""},"categories":[11019,21466,10894,10904,10909,10896,11059],"tags":[15409,10910,11174],"class_list":{"0":"post-267396","1":"post","2":"type-post","3":"status-publish","4":"format-standard","5":"has-post-thumbnail","7":"category-agenda-ca","8":"category-dana-ca","9":"category-la-comarca-ca","10":"category-sin-categorizar-ca","11":"category-requena-utiel-ca","12":"category-seccion-ca","13":"category-utiel-ca","14":"tag-dana-2-ca","15":"tag-requena-utiel-ca","16":"tag-utiel-ca"},"_links":{"self":[{"href":"https:\/\/www.tucomarca.com\/wordpress\/segunda\/ca\/wp-json\/wp\/v2\/posts\/267396","targetHints":{"allow":["GET"]}}],"collection":[{"href":"https:\/\/www.tucomarca.com\/wordpress\/segunda\/ca\/wp-json\/wp\/v2\/posts"}],"about":[{"href":"https:\/\/www.tucomarca.com\/wordpress\/segunda\/ca\/wp-json\/wp\/v2\/types\/post"}],"author":[{"embeddable":true,"href":"https:\/\/www.tucomarca.com\/wordpress\/segunda\/ca\/wp-json\/wp\/v2\/users\/12"}],"replies":[{"embeddable":true,"href":"https:\/\/www.tucomarca.com\/wordpress\/segunda\/ca\/wp-json\/wp\/v2\/comments?post=267396"}],"version-history":[{"count":0,"href":"https:\/\/www.tucomarca.com\/wordpress\/segunda\/ca\/wp-json\/wp\/v2\/posts\/267396\/revisions"}],"wp:featuredmedia":[{"embeddable":true,"href":"https:\/\/www.tucomarca.com\/wordpress\/segunda\/ca\/wp-json\/wp\/v2\/media\/267395"}],"wp:attachment":[{"href":"https:\/\/www.tucomarca.com\/wordpress\/segunda\/ca\/wp-json\/wp\/v2\/media?parent=267396"}],"wp:term":[{"taxonomy":"category","embeddable":true,"href":"https:\/\/www.tucomarca.com\/wordpress\/segunda\/ca\/wp-json\/wp\/v2\/categories?post=267396"},{"taxonomy":"post_tag","embeddable":true,"href":"https:\/\/www.tucomarca.com\/wordpress\/segunda\/ca\/wp-json\/wp\/v2\/tags?post=267396"}],"curies":[{"name":"wp","href":"https:\/\/api.w.org\/{rel}","templated":true}]}}