{"id":267510,"date":"2025-05-29T09:50:00","date_gmt":"2025-05-29T07:50:00","guid":{"rendered":"https:\/\/www.tucomarca.com\/wordpress\/segunda\/?p=267510"},"modified":"2025-05-29T11:05:52","modified_gmt":"2025-05-29T09:05:52","slug":"bunyol-acull-aquest-diumenge-la-prova-regna-del-circuit-mtb-valencia-i-una-pequemarcha-infantil","status":"publish","type":"post","link":"https:\/\/www.tucomarca.com\/wordpress\/segunda\/ca\/bunyol-acull-aquest-diumenge-la-prova-regna-del-circuit-mtb-valencia-i-una-pequemarcha-infantil\/","title":{"rendered":"Bunyol acull aquest diumenge la prova regna del Circuit MTB Val\u00e8ncia i una Pequemarcha infantil"},"content":{"rendered":"\n<p>Bunyol es prepara per a viure aquest diumenge, 1 de juny, una de les jornades m\u00e9s emocionants de l&#8217;any amb la celebraci\u00f3 de la prova regna del Circuit MTB Val\u00e8ncia, una cita organitzada per MesEsport Val\u00e8ncia, amb la col\u00b7laboraci\u00f3 del Club Ciclista Bunyol que promet emoci\u00f3 m\u00e0xima gr\u00e0cies a la seua puntuaci\u00f3 doble i a un recorregut exigent, variat i espectacular.<\/p>\n\n\n<div class=\"wp-block-image\">\n<figure class=\"alignleft size-large is-resized\"><img loading=\"lazy\" decoding=\"async\" width=\"819\" height=\"1024\" src=\"https:\/\/www.tucomarca.com\/wordpress\/segunda\/wp-content\/uploads\/2025\/05\/MTBBunol1-819x1024.jpg\" alt=\"\" class=\"wp-image-267500\" style=\"width:386px;height:auto\" srcset=\"https:\/\/www.tucomarca.com\/wordpress\/segunda\/wp-content\/uploads\/2025\/05\/MTBBunol1-819x1024.jpg 819w, https:\/\/www.tucomarca.com\/wordpress\/segunda\/wp-content\/uploads\/2025\/05\/MTBBunol1-240x300.jpg 240w, https:\/\/www.tucomarca.com\/wordpress\/segunda\/wp-content\/uploads\/2025\/05\/MTBBunol1-768x960.jpg 768w, https:\/\/www.tucomarca.com\/wordpress\/segunda\/wp-content\/uploads\/2025\/05\/MTBBunol1.jpg 1080w\" sizes=\"auto, (max-width: 819px) 100vw, 819px\" \/><\/figure>\n<\/div>\n\n\n<p>Amb 33 quil\u00f2metres i 800 metres de desnivell positiu, la marxa ofereix sendes, trialeras, pujades i baixades per a tots els gustos, en el que s&#8217;ha convertit en una veritable festa del BTT. El Club Ciclista Bunyol, organitzador de l&#8217;esdeveniment, ha dedicat setmanes de treball per a deixar el tra\u00e7at en condicions \u00f2ptimes per a tots els p\u00fablics.<\/p>\n\n\n\n<p>La jornada arrancar\u00e0 a les 9.00 h amb l&#8217;eixida de E-Bikes i parelles h\u00edbrides (bicicleta muscular i el\u00e8ctrica). A les 9.15 h eixiran els ciclistes de bicicletes musculars, amb calaix especial reservat per als cinc primers de cada categoria. Una completa marxa amb modalitats M\u00fasculares, Ebike, Parelles, Parelles h\u00edbrides, Parelles mixtes.<\/p>\n\n\n\n<p>Les inscripcions en l\u00ednia romandran obertes fins al dijous anterior a les 00.00 h, encara que tamb\u00e9 es podr\u00e0 un inscriure el mateix dia de l&#8217;esdeveniment, entre les 7.30 i les 8.30 h, en la taula de noves inscripcions.<\/p>\n\n\n\n<p>El preu d&#8217;inscripci\u00f3 de proves individuals tindr\u00e0 un cost de 21\u20ac per a federats en la Federaci\u00f3 de Ciclisme de la Comunitat Valenciana i de 23\u20ac per a aquells que no ho estiguen. En aquest preu estan inclosos els regals de la borsa del corredor, avituallaments de muntanya, esmorzar de meta, segur de RC i asseguran\u00e7a d&#8217;accidents per a tots els que no estiguen federats. Per als participants en Ebikes, s&#8217;abonar\u00e0 un increment de 2 euros.<\/p>\n\n\n\n<p>En finalitzar la prova, tindr\u00e0 lloc el lliurament de premis de la marxa i del Circuit, en un ambient festiu amb m\u00faltiples sorpreses preparades per a acomiadar la temporada en gran.<\/p>\n\n\n<div class=\"wp-block-image\">\n<figure class=\"alignleft size-large is-resized\"><img loading=\"lazy\" decoding=\"async\" width=\"819\" height=\"1024\" src=\"https:\/\/www.tucomarca.com\/wordpress\/segunda\/wp-content\/uploads\/2025\/05\/MTBPequemarcha-819x1024.jpg\" alt=\"\" class=\"wp-image-267502\" style=\"width:393px;height:auto\" srcset=\"https:\/\/www.tucomarca.com\/wordpress\/segunda\/wp-content\/uploads\/2025\/05\/MTBPequemarcha-819x1024.jpg 819w, https:\/\/www.tucomarca.com\/wordpress\/segunda\/wp-content\/uploads\/2025\/05\/MTBPequemarcha-240x300.jpg 240w, https:\/\/www.tucomarca.com\/wordpress\/segunda\/wp-content\/uploads\/2025\/05\/MTBPequemarcha-768x960.jpg 768w, https:\/\/www.tucomarca.com\/wordpress\/segunda\/wp-content\/uploads\/2025\/05\/MTBPequemarcha-1229x1536.jpg 1229w, https:\/\/www.tucomarca.com\/wordpress\/segunda\/wp-content\/uploads\/2025\/05\/MTBPequemarcha.jpg 1350w\" sizes=\"auto, (max-width: 819px) 100vw, 819px\" \/><\/figure>\n<\/div>\n\n\n<p>A m\u00e9s, el Club Ciclista Bunyol ha organitzat una Pequemarcha gratu\u00efta dirigida a xiquets i xiquetes d&#8217;entre 5 i 12 anys. Aquesta prova infantil comen\u00e7ar\u00e0 a partir de les 13.00 h, despr\u00e9s de la finalitzaci\u00f3 de la carrera principal, i comptar\u00e0 amb obsequis per a tots els participants. Les categories infantils seran: sense pedals; de 5 a 8 anys i de 9 a 12 anys.<\/p>\n\n\n\n<p>Bunyol es converteix aix\u00ed en epicentre del ciclisme de muntanya aquest cap de setmana, amb una proposta esportiva i familiar que tanca el Circuit MTB Val\u00e8ncia amb for\u00e7a i participaci\u00f3.<\/p>\n","protected":false},"excerpt":{"rendered":"<div class=\"mh-excerpt\">Bunyol es prepara per a viure aquest diumenge, 1 de juny, una de les jornades m\u00e9s emocionants de l&#8217;any amb la celebraci\u00f3 de la prova regna del Circuit MTB Val\u00e8ncia, una cita organitzada per MesEsport <a class=\"mh-excerpt-more\" href=\"https:\/\/www.tucomarca.com\/wordpress\/segunda\/ca\/bunyol-acull-aquest-diumenge-la-prova-regna-del-circuit-mtb-valencia-i-una-pequemarcha-infantil\/\" title=\"Bunyol acull aquest diumenge la prova regna del Circuit MTB Val\u00e8ncia i una Pequemarcha infantil\">[+] <\/a><\/div>\n","protected":false},"author":12,"featured_media":267501,"comment_status":"open","ping_status":"open","sticky":false,"template":"","format":"standard","meta":{"footnotes":""},"categories":[11019,10911,11013,11003,10894,10912,10896],"tags":[10913,22497,10914,20575],"class_list":{"0":"post-267510","1":"post","2":"type-post","3":"status-publish","4":"format-standard","5":"has-post-thumbnail","7":"category-agenda-ca","8":"category-bunol-ca","9":"category-ciclismo-ca","10":"category-sports","11":"category-la-comarca-ca","12":"category-la-hoya-ca","13":"category-seccion-ca","14":"tag-bunol-ca","15":"tag-club-ciclista-bunol-ca","16":"tag-la-hoya-de-bunol-chiva-ca","17":"tag-mtb-marcha-bunol-ca"},"_links":{"self":[{"href":"https:\/\/www.tucomarca.com\/wordpress\/segunda\/ca\/wp-json\/wp\/v2\/posts\/267510","targetHints":{"allow":["GET"]}}],"collection":[{"href":"https:\/\/www.tucomarca.com\/wordpress\/segunda\/ca\/wp-json\/wp\/v2\/posts"}],"about":[{"href":"https:\/\/www.tucomarca.com\/wordpress\/segunda\/ca\/wp-json\/wp\/v2\/types\/post"}],"author":[{"embeddable":true,"href":"https:\/\/www.tucomarca.com\/wordpress\/segunda\/ca\/wp-json\/wp\/v2\/users\/12"}],"replies":[{"embeddable":true,"href":"https:\/\/www.tucomarca.com\/wordpress\/segunda\/ca\/wp-json\/wp\/v2\/comments?post=267510"}],"version-history":[{"count":0,"href":"https:\/\/www.tucomarca.com\/wordpress\/segunda\/ca\/wp-json\/wp\/v2\/posts\/267510\/revisions"}],"wp:featuredmedia":[{"embeddable":true,"href":"https:\/\/www.tucomarca.com\/wordpress\/segunda\/ca\/wp-json\/wp\/v2\/media\/267501"}],"wp:attachment":[{"href":"https:\/\/www.tucomarca.com\/wordpress\/segunda\/ca\/wp-json\/wp\/v2\/media?parent=267510"}],"wp:term":[{"taxonomy":"category","embeddable":true,"href":"https:\/\/www.tucomarca.com\/wordpress\/segunda\/ca\/wp-json\/wp\/v2\/categories?post=267510"},{"taxonomy":"post_tag","embeddable":true,"href":"https:\/\/www.tucomarca.com\/wordpress\/segunda\/ca\/wp-json\/wp\/v2\/tags?post=267510"}],"curies":[{"name":"wp","href":"https:\/\/api.w.org\/{rel}","templated":true}]}}