{"id":267518,"date":"2025-06-04T09:30:00","date_gmt":"2025-06-04T07:30:00","guid":{"rendered":"https:\/\/www.tucomarca.com\/wordpress\/segunda\/?p=267518"},"modified":"2025-06-04T11:22:01","modified_gmt":"2025-06-04T09:22:01","slug":"el-cd-bunyol-convoca-la-seua-assemblea-general-de-socis-el-proxim-10-de-juny","status":"publish","type":"post","link":"https:\/\/www.tucomarca.com\/wordpress\/segunda\/ca\/el-cd-bunyol-convoca-la-seua-assemblea-general-de-socis-el-proxim-10-de-juny\/","title":{"rendered":"El CD Bunyol convoca la seua Assemblea general de socis el pr\u00f2xim 10 de juny"},"content":{"rendered":"\n<p>El Club Esportiu Bunyol ha convocat als seus socis i s\u00f2cies a la celebraci\u00f3 de l&#8217;Assemblea General, que tindr\u00e0 lloc dimarts que ve, 10 de juny, en les instal\u00b7lacions del Camp Beltr\u00e1n B\u00e1guena.<\/p>\n\n\n\n<p>L&#8217;assemblea se celebrar\u00e0 en primera convocat\u00f2ria a les 20.00 hores i en segona convocat\u00f2ria a les 20.30 hores.<\/p>\n\n\n\n<p>L&#8217;ordre del dia ser\u00e0 el seg\u00fcent:<\/p>\n\n\n\n<ol class=\"wp-block-list\">\n<li>Resum de la temporada 2024\/2025\u2028<\/li>\n\n\n\n<li>Resum d&#8217;ingressos i despeses de l&#8217;exercici 2024\/2025\u2028<\/li>\n\n\n\n<li>Presentaci\u00f3 del pressupost per a la temporada 2025\/2026\u2028<\/li>\n\n\n\n<li>Actualitzaci\u00f3 dels Estatuts del Club\u2028<\/li>\n\n\n\n<li>Precs i preguntes\u2028<\/li>\n<\/ol>\n\n\n\n<p>El club convida a tots els seus socis a assistir i participar activament en aquesta trobada fonamental per al futur de l&#8217;entitat.<\/p>\n","protected":false},"excerpt":{"rendered":"<div class=\"mh-excerpt\">El Club Esportiu Bunyol ha convocat als seus socis i s\u00f2cies a la celebraci\u00f3 de l&#8217;Assemblea General, que tindr\u00e0 lloc dimarts que ve, 10 de juny, en les instal\u00b7lacions del Camp Beltr\u00e1n B\u00e1guena. L&#8217;assemblea se <a class=\"mh-excerpt-more\" href=\"https:\/\/www.tucomarca.com\/wordpress\/segunda\/ca\/el-cd-bunyol-convoca-la-seua-assemblea-general-de-socis-el-proxim-10-de-juny\/\" title=\"El CD Bunyol convoca la seua Assemblea general de socis el pr\u00f2xim 10 de juny\">[+] <\/a><\/div>\n","protected":false},"author":12,"featured_media":267517,"comment_status":"open","ping_status":"open","sticky":false,"template":"","format":"standard","meta":{"footnotes":""},"categories":[11019,10911,11015,11003,10894,10912,10896],"tags":[10913,11126,10914],"class_list":{"0":"post-267518","1":"post","2":"type-post","3":"status-publish","4":"format-standard","5":"has-post-thumbnail","7":"category-agenda-ca","8":"category-bunol-ca","9":"category-canal-futbol","10":"category-sports","11":"category-la-comarca-ca","12":"category-la-hoya-ca","13":"category-seccion-ca","14":"tag-bunol-ca","15":"tag-cd-bunol-ca","16":"tag-la-hoya-de-bunol-chiva-ca"},"_links":{"self":[{"href":"https:\/\/www.tucomarca.com\/wordpress\/segunda\/ca\/wp-json\/wp\/v2\/posts\/267518","targetHints":{"allow":["GET"]}}],"collection":[{"href":"https:\/\/www.tucomarca.com\/wordpress\/segunda\/ca\/wp-json\/wp\/v2\/posts"}],"about":[{"href":"https:\/\/www.tucomarca.com\/wordpress\/segunda\/ca\/wp-json\/wp\/v2\/types\/post"}],"author":[{"embeddable":true,"href":"https:\/\/www.tucomarca.com\/wordpress\/segunda\/ca\/wp-json\/wp\/v2\/users\/12"}],"replies":[{"embeddable":true,"href":"https:\/\/www.tucomarca.com\/wordpress\/segunda\/ca\/wp-json\/wp\/v2\/comments?post=267518"}],"version-history":[{"count":0,"href":"https:\/\/www.tucomarca.com\/wordpress\/segunda\/ca\/wp-json\/wp\/v2\/posts\/267518\/revisions"}],"wp:featuredmedia":[{"embeddable":true,"href":"https:\/\/www.tucomarca.com\/wordpress\/segunda\/ca\/wp-json\/wp\/v2\/media\/267517"}],"wp:attachment":[{"href":"https:\/\/www.tucomarca.com\/wordpress\/segunda\/ca\/wp-json\/wp\/v2\/media?parent=267518"}],"wp:term":[{"taxonomy":"category","embeddable":true,"href":"https:\/\/www.tucomarca.com\/wordpress\/segunda\/ca\/wp-json\/wp\/v2\/categories?post=267518"},{"taxonomy":"post_tag","embeddable":true,"href":"https:\/\/www.tucomarca.com\/wordpress\/segunda\/ca\/wp-json\/wp\/v2\/tags?post=267518"}],"curies":[{"name":"wp","href":"https:\/\/api.w.org\/{rel}","templated":true}]}}