{"id":267532,"date":"2025-05-30T08:45:00","date_gmt":"2025-05-30T06:45:00","guid":{"rendered":"https:\/\/www.tucomarca.com\/wordpress\/segunda\/?p=267532"},"modified":"2025-05-30T12:58:33","modified_gmt":"2025-05-30T10:58:33","slug":"medi-ambient-prohibe-lus-del-foc-en-terrenys-forestals-entre-l1-de-juny-i-el-15-doctubre","status":"publish","type":"post","link":"https:\/\/www.tucomarca.com\/wordpress\/segunda\/ca\/medi-ambient-prohibe-lus-del-foc-en-terrenys-forestals-entre-l1-de-juny-i-el-15-doctubre\/","title":{"rendered":"Medi Ambient prohibe l\u2019\u00fas del foc en terrenys forestals entre l\u20191 de juny i el 15 d\u2019octubre"},"content":{"rendered":"\n<h3 class=\"wp-block-heading\">La\u00a0directora general de Prevenci\u00f3 d\u2019Incendis Forestals demana a la ciutadania que respecte totes les mesures de prevenci\u00f3 i s\u2019extreme la cura del medi natural.<\/h3>\n\n\n\n<p>La Conselleria de Medi Ambient, Infraestructures i Territori recorda que durant el per\u00edode estival entren en vigor les mesures establides per a la prevenci\u00f3 d\u2019incendis forestals, que prohibixen l\u2019\u00fas del foc en els terrenys forestals o amb una proximitat a estos menor a 500 metres.<\/p>\n\n\n\n<p>Estes mesures s\u2019adopten conforme al que establix el reglament forestal, aprovat pel Decret 91\/2023, per al per\u00edode compr\u00e9s entre l\u20191 de juny i el 15 d\u2019octubre, els dos inclusivament, tenint en compte l\u2019augment de temperatures i la dessecaci\u00f3 de la vegetaci\u00f3 forestal en esta \u00e8poca estival.<\/p>\n\n\n\n<p>En este sentit, la directora general de Prevenci\u00f3 d\u2019Incendis Forestals, Rosa Mar\u00eda Touris, ha explicat que \u201cdurant este per\u00edode augmenten les activitats a l\u2019aire lliure en les nostres muntanyes\u201d, per la qual cosa anima la ciutadania a \u201cgaudir-ne, per\u00f2 extremant la cura i el respecte a totes les mesures de prevenci\u00f3 d\u2019incendis forestals, ja que, en prevenci\u00f3, comptem tots\u201d.<\/p>\n\n\n\n<p>Les mesures establixen que, en els terrenys forestals, en els confrontants o amb una proximitat menor a 500 metres d\u2019aquells queda prohibida la crema de residus agr\u00edcoles o forestals i m\u00e0rgens de cultiu.<\/p>\n\n\n\n<p>No obstant aix\u00f2, davant d\u2019esta norma gen\u00e8rica, cal indicar que en els municipis que disposen d\u2019un pla local de cremes es podran fer estes, de manera extraordin\u00e0ria, de cultius agr\u00edcoles quan ho arreplegue de manera expressa este pla, amb les autoritzacions i les condicions que estiguen permeses en cada cas, per\u00f2 sempre en zones de risc baix, amb nivell de preemerg\u00e8ncia 1 i fins a les 11:00 hores com a m\u00e0xim.<\/p>\n\n\n\n<p>Es poden consultar els municipis amb&nbsp;<a href=\"https:\/\/mediambient.gva.es\/va\/web\/prevencion-de-incendios\/\">Pla local de cremes en plans locals de cremes (PLQ)<\/a>.<\/p>\n\n\n\n<p>En el seg\u00fcent enlla\u00e7&nbsp;<a href=\"https:\/\/mediambient.gva.es\/va\/web\/prevencion-de-incendios\/inicio\/-\/asset_publisher\/oqHsVlA4hPBY\/content\/comunicado-sobre-quema-de-residuos-vegetales-agr%25C3%258Dcolas-en-periodo-estival?_com_liferay_asset_publisher_web_portlet_AssetPublisherPortlet_INSTANCE_oqHsVlA4hPBY_assetEntryId=392779223&amp;_com_liferay_asset_publisher_web_portlet_AssetPublisherPortlet_INSTANCE_oqHsVlA4hPBY_redirect=https%3A%2F%2Fmediambient.gva.es%2Fes%2Fweb%2Fprevencion-de-incendios%2Finicio%3Fp_p_id%3Dcom_liferay_asset_publisher_web_portlet_AssetPublisherPortlet_INSTANCE_oqHsVlA4hPBY%26p_p_lifecycle%3D0%26p_p_state%3Dnormal%26p_p_mode%3Dview%26_com_liferay_asset_publisher_web_portlet_AssetPublisherPortlet_INSTANCE_oqHsVlA4hPBY_cur%3D0%26p_r_p_resetCur%3Dfalse%26_com_liferay_asset_publisher_web_portlet_AssetPublisherPortlet_INSTANCE_oqHsVlA4hPBY_assetEntryId%3D392779223\">web de la Conselleria de Medi Ambient, Infraestructures i Territori<\/a>&nbsp;es pot accedir al comunicat sobre crema de residus vegetals agr\u00edcoles en per\u00edode estival (de l\u20191 juny al 15 octubre).<\/p>\n","protected":false},"excerpt":{"rendered":"<div class=\"mh-excerpt\">La\u00a0directora general de Prevenci\u00f3 d\u2019Incendis Forestals demana a la ciutadania que respecte totes les mesures de prevenci\u00f3 i s\u2019extreme la cura del medi natural. La Conselleria de Medi Ambient, Infraestructures i Territori recorda que durant <a class=\"mh-excerpt-more\" href=\"https:\/\/www.tucomarca.com\/wordpress\/segunda\/ca\/medi-ambient-prohibe-lus-del-foc-en-terrenys-forestals-entre-l1-de-juny-i-el-15-doctubre\/\" title=\"Medi Ambient prohibe l\u2019\u00fas del foc en terrenys forestals entre l\u20191 de juny i el 15 d\u2019octubre\">[+] <\/a><\/div>\n","protected":false},"author":12,"featured_media":267530,"comment_status":"open","ping_status":"open","sticky":false,"template":"","format":"standard","meta":{"footnotes":""},"categories":[10898,10948,10894,10904,10903,10947,10896,10897],"tags":[12166,12350],"class_list":{"0":"post-267532","1":"post","2":"type-post","3":"status-publish","4":"format-standard","5":"has-post-thumbnail","7":"category-ventana-ca","8":"category-infraestructuras-ca","9":"category-la-comarca-ca","10":"category-sin-categorizar-ca","11":"category-medio-ambiente-la-comarca-ca","12":"category-politica","13":"category-seccion-ca","14":"category-sucesos-la-comarca-ca","15":"tag-medio-ambiente-ca","16":"tag-prevencion-de-incendios-ca"},"_links":{"self":[{"href":"https:\/\/www.tucomarca.com\/wordpress\/segunda\/ca\/wp-json\/wp\/v2\/posts\/267532","targetHints":{"allow":["GET"]}}],"collection":[{"href":"https:\/\/www.tucomarca.com\/wordpress\/segunda\/ca\/wp-json\/wp\/v2\/posts"}],"about":[{"href":"https:\/\/www.tucomarca.com\/wordpress\/segunda\/ca\/wp-json\/wp\/v2\/types\/post"}],"author":[{"embeddable":true,"href":"https:\/\/www.tucomarca.com\/wordpress\/segunda\/ca\/wp-json\/wp\/v2\/users\/12"}],"replies":[{"embeddable":true,"href":"https:\/\/www.tucomarca.com\/wordpress\/segunda\/ca\/wp-json\/wp\/v2\/comments?post=267532"}],"version-history":[{"count":0,"href":"https:\/\/www.tucomarca.com\/wordpress\/segunda\/ca\/wp-json\/wp\/v2\/posts\/267532\/revisions"}],"wp:featuredmedia":[{"embeddable":true,"href":"https:\/\/www.tucomarca.com\/wordpress\/segunda\/ca\/wp-json\/wp\/v2\/media\/267530"}],"wp:attachment":[{"href":"https:\/\/www.tucomarca.com\/wordpress\/segunda\/ca\/wp-json\/wp\/v2\/media?parent=267532"}],"wp:term":[{"taxonomy":"category","embeddable":true,"href":"https:\/\/www.tucomarca.com\/wordpress\/segunda\/ca\/wp-json\/wp\/v2\/categories?post=267532"},{"taxonomy":"post_tag","embeddable":true,"href":"https:\/\/www.tucomarca.com\/wordpress\/segunda\/ca\/wp-json\/wp\/v2\/tags?post=267532"}],"curies":[{"name":"wp","href":"https:\/\/api.w.org\/{rel}","templated":true}]}}