{"id":267566,"date":"2025-05-29T15:00:00","date_gmt":"2025-05-29T13:00:00","guid":{"rendered":"https:\/\/www.tucomarca.com\/wordpress\/segunda\/?p=267566"},"modified":"2025-05-29T15:52:40","modified_gmt":"2025-05-29T13:52:40","slug":"video-aixi-ha-sigut-el-simulacre-de-rescat-per-esfondrament-destructures-en-lantiga-cementera-de-bunyol","status":"publish","type":"post","link":"https:\/\/www.tucomarca.com\/wordpress\/segunda\/ca\/video-aixi-ha-sigut-el-simulacre-de-rescat-per-esfondrament-destructures-en-lantiga-cementera-de-bunyol\/","title":{"rendered":"V\u00eddeo: aix\u00ed ha sigut el simulacre de rescat per esfondrament d&#8217;estructures en l&#8217;antiga cementera de Bunyol"},"content":{"rendered":"\n<figure class=\"wp-block-embed is-type-video is-provider-youtube wp-block-embed-youtube wp-embed-aspect-16-9 wp-has-aspect-ratio\"><div class=\"wp-block-embed__wrapper\">\n<iframe loading=\"lazy\" title=\"V\u00eddeo: simulacro de rescate por derrumbamiento de estructuras en la antigua cementera de Bu\u00f1ol\" width=\"500\" height=\"281\" src=\"https:\/\/www.youtube.com\/embed\/e-NCRXTN33U?feature=oembed\" frameborder=\"0\" allow=\"accelerometer; autoplay; clipboard-write; encrypted-media; gyroscope; picture-in-picture; web-share\" referrerpolicy=\"strict-origin-when-cross-origin\" allowfullscreen><\/iframe>\n<\/div><\/figure>\n\n\n\n<p>El Consorci Provincial de Bombers de Val\u00e8ncia ha dut a terme aquesta setmana un simulacre de rescat per esfondrament d&#8217;estructures en les instal\u00b7lacions de l&#8217;antiga cementera de Bunyol, sobre el qual han aportat detalls a tucomarca televisi\u00f3 tant el diputat provincial de Medi Ambient i responsable del Consorci Provincial de Bombers de la Diputaci\u00f3 de Val\u00e8ncia, Avelino Mascarell; com el Cap de la UREC del Consorci Provincial, Ram\u00f3n P\u00e9rez; aix\u00ed com la regidora de Govern Interior de l&#8217;Ajuntament de Bunyol, Tamara D\u00edaz.<\/p>\n\n\n\n<p>Unes maniobres que han sigut dirigides per la Unitat de Rescat en Emerg\u00e8ncies i Cat\u00e0strofes (UREC) de l&#8217;entitat dependent de la Diputaci\u00f3 de Val\u00e8ncia, que es val d&#8217;aquesta mena d&#8217;exercicis per a posar a prova protocols d&#8217;actuaci\u00f3 i eines d&#8217;intervenci\u00f3, impulsar la coordinaci\u00f3 d&#8217;equips i detectar possibles punts de millora a aplicar en situacions reals.<\/p>\n","protected":false},"excerpt":{"rendered":"<div class=\"mh-excerpt\">El Consorci Provincial de Bombers de Val\u00e8ncia ha dut a terme aquesta setmana un simulacre de rescat per esfondrament d&#8217;estructures en les instal\u00b7lacions de l&#8217;antiga cementera de Bunyol, sobre el qual han aportat detalls a <a class=\"mh-excerpt-more\" href=\"https:\/\/www.tucomarca.com\/wordpress\/segunda\/ca\/video-aixi-ha-sigut-el-simulacre-de-rescat-per-esfondrament-destructures-en-lantiga-cementera-de-bunyol\/\" title=\"V\u00eddeo: aix\u00ed ha sigut el simulacre de rescat per esfondrament d&#8217;estructures en l&#8217;antiga cementera de Bunyol\">[+] <\/a><\/div>\n","protected":false},"author":1,"featured_media":267561,"comment_status":"open","ping_status":"open","sticky":false,"template":"","format":"video","meta":{"footnotes":""},"categories":[10911,21466,10898,10948,10894,10904,10912,10903,10947,10896,10897,11062],"tags":[14363,10913,14660,12834,10914,14907],"class_list":{"0":"post-267566","1":"post","2":"type-post","3":"status-publish","4":"format-video","5":"has-post-thumbnail","7":"category-bunol-ca","8":"category-dana-ca","9":"category-ventana-ca","10":"category-infraestructuras-ca","11":"category-la-comarca-ca","12":"category-sin-categorizar-ca","13":"category-la-hoya-ca","14":"category-medio-ambiente-la-comarca-ca","15":"category-politica","16":"category-seccion-ca","17":"category-sucesos-la-comarca-ca","18":"category-videos","19":"tag-bomberos-ca","20":"tag-bunol-ca","21":"tag-cementera-ca","22":"tag-consorcio-provincial-de-bomberos-de-valencia-ca","23":"tag-la-hoya-de-bunol-chiva-ca","24":"tag-simulacro-ca","25":"post_format-post-format-video"},"_links":{"self":[{"href":"https:\/\/www.tucomarca.com\/wordpress\/segunda\/ca\/wp-json\/wp\/v2\/posts\/267566","targetHints":{"allow":["GET"]}}],"collection":[{"href":"https:\/\/www.tucomarca.com\/wordpress\/segunda\/ca\/wp-json\/wp\/v2\/posts"}],"about":[{"href":"https:\/\/www.tucomarca.com\/wordpress\/segunda\/ca\/wp-json\/wp\/v2\/types\/post"}],"author":[{"embeddable":true,"href":"https:\/\/www.tucomarca.com\/wordpress\/segunda\/ca\/wp-json\/wp\/v2\/users\/1"}],"replies":[{"embeddable":true,"href":"https:\/\/www.tucomarca.com\/wordpress\/segunda\/ca\/wp-json\/wp\/v2\/comments?post=267566"}],"version-history":[{"count":0,"href":"https:\/\/www.tucomarca.com\/wordpress\/segunda\/ca\/wp-json\/wp\/v2\/posts\/267566\/revisions"}],"wp:featuredmedia":[{"embeddable":true,"href":"https:\/\/www.tucomarca.com\/wordpress\/segunda\/ca\/wp-json\/wp\/v2\/media\/267561"}],"wp:attachment":[{"href":"https:\/\/www.tucomarca.com\/wordpress\/segunda\/ca\/wp-json\/wp\/v2\/media?parent=267566"}],"wp:term":[{"taxonomy":"category","embeddable":true,"href":"https:\/\/www.tucomarca.com\/wordpress\/segunda\/ca\/wp-json\/wp\/v2\/categories?post=267566"},{"taxonomy":"post_tag","embeddable":true,"href":"https:\/\/www.tucomarca.com\/wordpress\/segunda\/ca\/wp-json\/wp\/v2\/tags?post=267566"}],"curies":[{"name":"wp","href":"https:\/\/api.w.org\/{rel}","templated":true}]}}