{"id":267662,"date":"2025-05-30T09:15:00","date_gmt":"2025-05-30T07:15:00","guid":{"rendered":"https:\/\/www.tucomarca.com\/wordpress\/segunda\/?p=267662"},"modified":"2025-05-30T15:38:03","modified_gmt":"2025-05-30T13:38:03","slug":"el-pp-acusa-lequip-de-govern-de-xiva-de-intentar-adjudicar-un-contracte-al-cunyat-de-lalcalde-per-valor-de-2-200-000-euros","status":"publish","type":"post","link":"https:\/\/www.tucomarca.com\/wordpress\/segunda\/ca\/el-pp-acusa-lequip-de-govern-de-xiva-de-intentar-adjudicar-un-contracte-al-cunyat-de-lalcalde-per-valor-de-2-200-000-euros\/","title":{"rendered":"El PP acusa l&#8217;equip de govern de Xiva de &#8220;intentar adjudicar un contracte al cunyat de l&#8217;alcalde per valor de 2.200.000 euros&#8221;"},"content":{"rendered":"\n<p>El Partit Popular de Xiva ha em\u00e9s un comunicat en el qual denuncia que el passat plenari municipal de Xiva &#8220;ha revelat un intent per part de l&#8217;equip de govern d&#8217;adjudicar un contracte valorat en 2.200.000 euros al cunyat de l&#8217;alcalde, valent-se d&#8217;un procediment d&#8217;emerg\u00e8ncia tramitat set mesos despr\u00e9s de la DANA. Una operaci\u00f3 que, segons es va recon\u00e9ixer durant la sessi\u00f3 plen\u00e0ria celebrada aquesta setmana, cerca eludir els llits ordinaris de contractaci\u00f3 p\u00fablica sota el pretext d&#8217;una suposada urg\u00e8ncia\u201d, tal com han denunciat els populars.<\/p>\n\n\n\n<p>\u201cDurant el ple, l&#8217;equip de govern va tractar de justificar aquest intent d&#8217;adjudicaci\u00f3 apel\u00b7lant a la necessitat de donar eixida als problemes dels ve\u00efns, set mesos despr\u00e9s de la Dana i quan la situaci\u00f3 ja \u00e9s insostenible a Xiva a conseq\u00fc\u00e8ncia de la paralitzaci\u00f3 i l&#8217;aband\u00f3\u201d, han afegit des del PP chivano.<\/p>\n\n\n\n<p>\u201cEn la defensa esgrimida per l&#8217;equip de govern, fins i tot va arribar a justificar-se la possible contractaci\u00f3 escudant-se el desconeixement per part de l&#8217;alcalde del procediment d&#8217;adjudicaci\u00f3 iniciat amb l&#8217;obra del seu cunyat. Una defensa que resulta si m\u00e9s no cridanera, considerant que es tractava d&#8217;una contractaci\u00f3 milion\u00e0ria en la qual s&#8217;especificava clarament per part dels t\u00e8cnics municipals,&nbsp; la necessitat d&#8217;avaluar possibles conflictes d&#8217;interessos\u201d, tal com critiquen des del PP.<\/p>\n\n\n\n<p>\u201cUna vegada m\u00e9s, el cuatripartito es refugia despr\u00e9s de la redacci\u00f3 de l&#8217;equip t\u00e8cnic, argumentant que es tractava d&#8217;una obra d&#8217;emerg\u00e8ncia. No obstant aix\u00f2, el propi informe t\u00e8cnic inclou un punt clau que va ser om\u00e9s deliberadament durant la r\u00e8plica a les preguntes de l&#8217;oposici\u00f3 i que assenyala amb claredat la incompatibilitat que es produeix en aquest tipus de contractes si existeixen afinitats familiars, pol\u00edtiques o interessos econ\u00f2mics, motius que q\u00fcestionarien la imparcialitat del procediment\u201d.<\/p>\n\n\n\n<p>\u201cEnfront de l&#8217;evid\u00e8ncia, l&#8217;equip de govern ha anunciat la retirada del procediment i anuncia l&#8217;inici d&#8217;un nou (una cosa de la qual no existeix const\u00e0ncia documental des de l&#8217;oposici\u00f3), justificat en&nbsp; l&#8217;exist\u00e8ncia d&#8217;un nou informe dels t\u00e8cnics que assenyalen que aquesta obra no \u00e9s ara d&#8217;emerg\u00e8ncia\u201d, han assegurat des del PP chivano,<\/p>\n\n\n\n<p>\u201cNo obstant aix\u00f2 el cuatripartito, anuncia sense pudor la intenci\u00f3 de continuar adjudicant contractes d&#8217;emerg\u00e8ncia en altres casos, alguna cosa que clarament eludeix els procediments administratius que permeten la concurr\u00e8ncia d&#8217;altres empreses, eliminant en conseq\u00fc\u00e8ncia la fiscalitzaci\u00f3 i control d&#8217;aquests\u201d, cocluyen els populars.<\/p>\n","protected":false},"excerpt":{"rendered":"<div class=\"mh-excerpt\">El Partit Popular de Xiva ha em\u00e9s un comunicat en el qual denuncia que el passat plenari municipal de Xiva &#8220;ha revelat un intent per part de l&#8217;equip de govern d&#8217;adjudicar un contracte valorat en <a class=\"mh-excerpt-more\" href=\"https:\/\/www.tucomarca.com\/wordpress\/segunda\/ca\/el-pp-acusa-lequip-de-govern-de-xiva-de-intentar-adjudicar-un-contracte-al-cunyat-de-lalcalde-per-valor-de-2-200-000-euros\/\" title=\"El PP acusa l&#8217;equip de govern de Xiva de &#8220;intentar adjudicar un contracte al cunyat de l&#8217;alcalde per valor de 2.200.000 euros&#8221;\">[+] <\/a><\/div>\n","protected":false},"author":12,"featured_media":267660,"comment_status":"open","ping_status":"open","sticky":false,"template":"","format":"standard","meta":{"footnotes":""},"categories":[10894,10912,10947,10896,10897,10975],"tags":[11195,10914,22557],"class_list":{"0":"post-267662","1":"post","2":"type-post","3":"status-publish","4":"format-standard","5":"has-post-thumbnail","7":"category-la-comarca-ca","8":"category-la-hoya-ca","9":"category-politica","10":"category-seccion-ca","11":"category-sucesos-la-comarca-ca","12":"category-chiva-ca","13":"tag-chiva-ca","14":"tag-la-hoya-de-bunol-chiva-ca","15":"tag-pp-de-chiva-ca"},"_links":{"self":[{"href":"https:\/\/www.tucomarca.com\/wordpress\/segunda\/ca\/wp-json\/wp\/v2\/posts\/267662","targetHints":{"allow":["GET"]}}],"collection":[{"href":"https:\/\/www.tucomarca.com\/wordpress\/segunda\/ca\/wp-json\/wp\/v2\/posts"}],"about":[{"href":"https:\/\/www.tucomarca.com\/wordpress\/segunda\/ca\/wp-json\/wp\/v2\/types\/post"}],"author":[{"embeddable":true,"href":"https:\/\/www.tucomarca.com\/wordpress\/segunda\/ca\/wp-json\/wp\/v2\/users\/12"}],"replies":[{"embeddable":true,"href":"https:\/\/www.tucomarca.com\/wordpress\/segunda\/ca\/wp-json\/wp\/v2\/comments?post=267662"}],"version-history":[{"count":0,"href":"https:\/\/www.tucomarca.com\/wordpress\/segunda\/ca\/wp-json\/wp\/v2\/posts\/267662\/revisions"}],"wp:featuredmedia":[{"embeddable":true,"href":"https:\/\/www.tucomarca.com\/wordpress\/segunda\/ca\/wp-json\/wp\/v2\/media\/267660"}],"wp:attachment":[{"href":"https:\/\/www.tucomarca.com\/wordpress\/segunda\/ca\/wp-json\/wp\/v2\/media?parent=267662"}],"wp:term":[{"taxonomy":"category","embeddable":true,"href":"https:\/\/www.tucomarca.com\/wordpress\/segunda\/ca\/wp-json\/wp\/v2\/categories?post=267662"},{"taxonomy":"post_tag","embeddable":true,"href":"https:\/\/www.tucomarca.com\/wordpress\/segunda\/ca\/wp-json\/wp\/v2\/tags?post=267662"}],"curies":[{"name":"wp","href":"https:\/\/api.w.org\/{rel}","templated":true}]}}