{"id":267668,"date":"2025-05-30T08:55:00","date_gmt":"2025-05-30T06:55:00","guid":{"rendered":"https:\/\/www.tucomarca.com\/wordpress\/segunda\/?p=267668"},"modified":"2025-05-30T19:17:06","modified_gmt":"2025-05-30T17:17:06","slug":"la-diputacio-impulsa-la-coordinacio-de-les-seues-brigades-forestals-amb-els-ajuntaments-per-a-previndre-incendis","status":"publish","type":"post","link":"https:\/\/www.tucomarca.com\/wordpress\/segunda\/ca\/la-diputacio-impulsa-la-coordinacio-de-les-seues-brigades-forestals-amb-els-ajuntaments-per-a-previndre-incendis\/","title":{"rendered":"La Diputaci\u00f3 impulsa la coordinaci\u00f3 de les seues brigades forestals amb els ajuntaments per a previndre incendis"},"content":{"rendered":"\n<h3 class=\"wp-block-heading\">La corporaci\u00f3 reunix a la Pobla de Vallbona a t\u00e8cnics i brigadistes del Consorci Provincial de Bombers amb representants dels ajuntaments de la zona per a millorar la col\u00b7laboraci\u00f3 en mat\u00e8ria de prevenci\u00f3 d&#8217;incendis.<\/h3>\n\n\n\n<h3 class=\"wp-block-heading\">El president de la Diputaci\u00f3, Vicent Momp\u00f3, ha subratllat \u201cla import\u00e0ncia d&#8217;estes jornades per a millorar la capacitaci\u00f3 dels nostres professionals i servir com a punt de trobada per a intercanviar experi\u00e8ncies entre ells\u201d.<\/h3>\n\n\n\n<p>La Diputaci\u00f3 de Val\u00e8ncia ha celebrat este dijous a la Pobla de Vallbona la primera Jornada T\u00e8cnica de Brigades Forestals i Prevenci\u00f3 Operativa, que ha comptat amb la pres\u00e8ncia del president de la corporaci\u00f3 provincial, Vicent Momp\u00f3, i del president del Consorci de Bombers, Avelino Mascarell. La trobada ha servit per a reunir els professionals de les brigades del Consorci amb nombrosos alcaldes i representants de diversos municipis de la zona.<\/p>\n\n\n\n<p>L&#8217;objectiu d&#8217;este cicle de jornades, que s&#8217;aniran celebrant en cadascuna de les Zones Forestals del Consorci Provincial de Bombers de Val\u00e8ncia, \u00e9s millorar la coordinaci\u00f3, la informaci\u00f3 i la col\u00b7laboraci\u00f3 entre les brigades forestals de la Diputaci\u00f3 i els municipis en una mat\u00e8ria tan important com \u00e9s la prevenci\u00f3 d&#8217;incendis. Es tracta en definitiva de refor\u00e7ar el contacte amb els equips t\u00e8cnics i responsables municipals, amb els quals la corporaci\u00f3 compartix la responsabilitat de protegir les muntanyes i nuclis habitats.<\/p>\n\n\n\n<p>El president de la Diputaci\u00f3 de Val\u00e8ncia, Vicent Momp\u00f3, ha destacat \u201cla import\u00e0ncia d&#8217;estes jornades per a millorar la capacitaci\u00f3 i la formaci\u00f3 dels nostres professionals, perqu\u00e8 no \u00e9s \u00fanicament una jornada t\u00e8cnica, sin\u00f3 que tamb\u00e9 servix com a punt de trobada per a intercanviar experi\u00e8ncies i compartir coneixements entre ells. La millor emerg\u00e8ncia \u00e9s la que mai arriba a produir-se, i per aix\u00f2 hem de refor\u00e7ar els treballs de prevenci\u00f3\u201d.<\/p>\n\n\n\n<p>Momp\u00f3 ha afegit que \u201cla Diputaci\u00f3 ha d&#8217;estar al costat dels ajuntaments, no \u00fanicament per a enviar diners, sin\u00f3 per a ajudar-los a gestionar tasques com la prevenci\u00f3 d&#8217;incendis, i per a aix\u00f2 \u00e9s necessari donar suport als professionals que, dia a dia, treballen per a protegir els nostres boscos, el nostre entorn natural i, sobretot, als nostres ve\u00efns\u201d.&nbsp;<\/p>\n\n\n\n<p>Per part seua, el president del Consorci Provincial de Bombers, Avelino Mascarell, ha subratllat que \u201chui estem fent saber als municipis que els nostres brigadistes del Consorci estan al seu servici durant els 365 dies de l&#8217;any. \u00c9s fonamental que existisca un canal de comunicaci\u00f3 directa i fluida, i que tots disposem de les ferramentes, recursos i informaci\u00f3 necessaris per a fer front als perills que es presenten en els municipis amb zones forestals\u201d.&nbsp;<\/p>\n\n\n\n<p>L&#8217;alcalde de la Pobla de Vallbona, Abel Mart\u00ed, ha ressaltat \u201cla predisposici\u00f3 dels ajuntaments a col\u00b7laborar i facilitar estos treballs de prevenci\u00f3 que s\u00f3n tan rellevants per a la protecci\u00f3 dels nostres ve\u00efns\u201d.<\/p>\n\n\n\n<figure class=\"wp-block-gallery has-nested-images columns-default is-cropped wp-block-gallery-1 is-layout-flex wp-block-gallery-is-layout-flex\">\n<figure class=\"wp-block-image size-large\"><img loading=\"lazy\" decoding=\"async\" width=\"1024\" height=\"576\" data-id=\"267671\" src=\"https:\/\/www.tucomarca.com\/wordpress\/segunda\/wp-content\/uploads\/2025\/05\/DipuBomberos-1024x576.jpg\" alt=\"\" class=\"wp-image-267671\" srcset=\"https:\/\/www.tucomarca.com\/wordpress\/segunda\/wp-content\/uploads\/2025\/05\/DipuBomberos-1024x576.jpg 1024w, https:\/\/www.tucomarca.com\/wordpress\/segunda\/wp-content\/uploads\/2025\/05\/DipuBomberos-300x169.jpg 300w, https:\/\/www.tucomarca.com\/wordpress\/segunda\/wp-content\/uploads\/2025\/05\/DipuBomberos-768x432.jpg 768w, https:\/\/www.tucomarca.com\/wordpress\/segunda\/wp-content\/uploads\/2025\/05\/DipuBomberos-1536x864.jpg 1536w, https:\/\/www.tucomarca.com\/wordpress\/segunda\/wp-content\/uploads\/2025\/05\/DipuBomberos-678x381.jpg 678w, https:\/\/www.tucomarca.com\/wordpress\/segunda\/wp-content\/uploads\/2025\/05\/DipuBomberos.jpg 2048w\" sizes=\"auto, (max-width: 1024px) 100vw, 1024px\" \/><\/figure>\n\n\n\n<figure class=\"wp-block-image size-large\"><img loading=\"lazy\" decoding=\"async\" width=\"1024\" height=\"576\" data-id=\"267673\" src=\"https:\/\/www.tucomarca.com\/wordpress\/segunda\/wp-content\/uploads\/2025\/05\/DipuBrigadasForestales2-1024x576.jpg\" alt=\"\" class=\"wp-image-267673\" srcset=\"https:\/\/www.tucomarca.com\/wordpress\/segunda\/wp-content\/uploads\/2025\/05\/DipuBrigadasForestales2-1024x576.jpg 1024w, https:\/\/www.tucomarca.com\/wordpress\/segunda\/wp-content\/uploads\/2025\/05\/DipuBrigadasForestales2-300x169.jpg 300w, https:\/\/www.tucomarca.com\/wordpress\/segunda\/wp-content\/uploads\/2025\/05\/DipuBrigadasForestales2-768x432.jpg 768w, https:\/\/www.tucomarca.com\/wordpress\/segunda\/wp-content\/uploads\/2025\/05\/DipuBrigadasForestales2-1536x864.jpg 1536w, https:\/\/www.tucomarca.com\/wordpress\/segunda\/wp-content\/uploads\/2025\/05\/DipuBrigadasForestales2-678x381.jpg 678w, https:\/\/www.tucomarca.com\/wordpress\/segunda\/wp-content\/uploads\/2025\/05\/DipuBrigadasForestales2.jpg 2000w\" sizes=\"auto, (max-width: 1024px) 100vw, 1024px\" \/><\/figure>\n<\/figure>\n\n\n\n<p><strong>Demostracions pr\u00e0ctiques<\/strong><\/p>\n\n\n\n<p>Durant la sessi\u00f3, que ha incl\u00f2s una visita a una actuaci\u00f3 silv\u00edcola, s&#8217;han abordat t\u00e8cniques i pr\u00e0ctiques com la silvicultura i vigil\u00e0ncia preventiva, actuacions en interf\u00edcie urbana forestal, avaluaci\u00f3 d&#8217;infraestructures de defensa (faixes perimetrals, hidrants, etc.), consultoria i suport t\u00e8cnic en planificaci\u00f3 preventiva, gesti\u00f3 de sol\u00b7licituds i planificaci\u00f3 d&#8217;actuacions, i campanyes divulgatives i educatives.<\/p>\n\n\n\n<p>Aix\u00ed mateix, la jornada de treball ha incl\u00f2s exhibicions com la del Punt de Comandament Avan\u00e7at i mostra de vehicles i maquin\u00e0ria de les brigades forestals, que reflectixen la capacitat operativa i la incorporaci\u00f3 de la innovaci\u00f3 a tots els \u00e0mbits del servici.<\/p>\n\n\n\n<p><strong>Ajudes a municipis<\/strong><\/p>\n\n\n\n<p>El suport de la Diputaci\u00f3 de Val\u00e8ncia als municipis en esta labor es completa amb les ajudes als ajuntaments per a gesti\u00f3 forestal i prevenci\u00f3 d&#8217;incendis, que convoca anualment l&#8217;\u00e0rea de Medi Ambient que dirigix Avelino Mascarell, i que en 2024 van ascendir a 7,3 milions d&#8217;euros.<\/p>\n\n\n\n<p>Estes subvencions es dividixen en dos grans \u00e0rees d&#8217;actuaci\u00f3: la gesti\u00f3 de la vegetaci\u00f3 dels termes municipals i les accions dirigides a la prevenci\u00f3 d&#8217;incendis. Els ajuntaments poden dedicar les quantitats rebudes a treballs de manteniment i explotaci\u00f3 (ex. reparaci\u00f3 d&#8217;elements de la xarxa vi\u00e0ria forestal, treballs de silvicultura preventiva, etc.), inversions (ex. obertura de tot tipus de vies forestals, creaci\u00f3 de punts de reserva d&#8217;aigua, etc.), i treballs de manteniment i explotaci\u00f3 (ex. reparaci\u00f3 de vies forestals, manteniment d&#8217;infraestructures de prevenci\u00f3 o de l\u00ednies de defensa com els tallafocs, etc.)<\/p>\n","protected":false},"excerpt":{"rendered":"<div class=\"mh-excerpt\">La corporaci\u00f3 reunix a la Pobla de Vallbona a t\u00e8cnics i brigadistes del Consorci Provincial de Bombers amb representants dels ajuntaments de la zona per a millorar la col\u00b7laboraci\u00f3 en mat\u00e8ria de prevenci\u00f3 d&#8217;incendis. El <a class=\"mh-excerpt-more\" href=\"https:\/\/www.tucomarca.com\/wordpress\/segunda\/ca\/la-diputacio-impulsa-la-coordinacio-de-les-seues-brigades-forestals-amb-els-ajuntaments-per-a-previndre-incendis\/\" title=\"La Diputaci\u00f3 impulsa la coordinaci\u00f3 de les seues brigades forestals amb els ajuntaments per a previndre incendis\">[+] <\/a><\/div>\n","protected":false},"author":12,"featured_media":267667,"comment_status":"open","ping_status":"open","sticky":false,"template":"","format":"gallery","meta":{"footnotes":""},"categories":[10892,10898,10948,10894,10904,10915,10903,10947,10896,10897],"tags":[10899,12834,11246,21746],"class_list":{"0":"post-267668","1":"post","2":"type-post","3":"status-publish","4":"format-gallery","5":"has-post-thumbnail","7":"category-camp-de-turia-ca","8":"category-ventana-ca","9":"category-infraestructuras-ca","10":"category-la-comarca-ca","11":"category-sin-categorizar-ca","12":"category-la-pobla-ca","13":"category-medio-ambiente-la-comarca-ca","14":"category-politica","15":"category-seccion-ca","16":"category-sucesos-la-comarca-ca","17":"tag-camp-de-turia-ca","18":"tag-consorcio-provincial-de-bomberos-de-valencia-ca","19":"tag-diputacio-de-valencia-ca","20":"tag-la-pobla-de-vallabona-ca","21":"post_format-post-format-gallery"},"_links":{"self":[{"href":"https:\/\/www.tucomarca.com\/wordpress\/segunda\/ca\/wp-json\/wp\/v2\/posts\/267668","targetHints":{"allow":["GET"]}}],"collection":[{"href":"https:\/\/www.tucomarca.com\/wordpress\/segunda\/ca\/wp-json\/wp\/v2\/posts"}],"about":[{"href":"https:\/\/www.tucomarca.com\/wordpress\/segunda\/ca\/wp-json\/wp\/v2\/types\/post"}],"author":[{"embeddable":true,"href":"https:\/\/www.tucomarca.com\/wordpress\/segunda\/ca\/wp-json\/wp\/v2\/users\/12"}],"replies":[{"embeddable":true,"href":"https:\/\/www.tucomarca.com\/wordpress\/segunda\/ca\/wp-json\/wp\/v2\/comments?post=267668"}],"version-history":[{"count":0,"href":"https:\/\/www.tucomarca.com\/wordpress\/segunda\/ca\/wp-json\/wp\/v2\/posts\/267668\/revisions"}],"wp:featuredmedia":[{"embeddable":true,"href":"https:\/\/www.tucomarca.com\/wordpress\/segunda\/ca\/wp-json\/wp\/v2\/media\/267667"}],"wp:attachment":[{"href":"https:\/\/www.tucomarca.com\/wordpress\/segunda\/ca\/wp-json\/wp\/v2\/media?parent=267668"}],"wp:term":[{"taxonomy":"category","embeddable":true,"href":"https:\/\/www.tucomarca.com\/wordpress\/segunda\/ca\/wp-json\/wp\/v2\/categories?post=267668"},{"taxonomy":"post_tag","embeddable":true,"href":"https:\/\/www.tucomarca.com\/wordpress\/segunda\/ca\/wp-json\/wp\/v2\/tags?post=267668"}],"curies":[{"name":"wp","href":"https:\/\/api.w.org\/{rel}","templated":true}]}}