{"id":267768,"date":"2025-05-30T08:59:00","date_gmt":"2025-05-30T06:59:00","guid":{"rendered":"https:\/\/www.tucomarca.com\/wordpress\/segunda\/?p=267768"},"modified":"2025-05-30T18:55:17","modified_gmt":"2025-05-30T16:55:17","slug":"la-mancomunitat-foia-de-bunyol-xiva-posa-en-marxa-un-programa-dactivitats-per-a-persones-majors","status":"publish","type":"post","link":"https:\/\/www.tucomarca.com\/wordpress\/segunda\/ca\/la-mancomunitat-foia-de-bunyol-xiva-posa-en-marxa-un-programa-dactivitats-per-a-persones-majors\/","title":{"rendered":"La Mancomunitat Foia de Bunyol-Xiva posa en marxa un programa d&#8217;activitats per a persones majors"},"content":{"rendered":"\n<h3 class=\"wp-block-heading\">La iniciativa t\u00e9 com a objectiu fomentar l&#8217;autonomia personal, la inclusi\u00f3 social i la participaci\u00f3 comunit\u00e0ria en els municipis m\u00e9s xicotets de la comarca.<\/h3>\n\n\n\n<p>L&#8217;\u00e0rea de Serveis Socials de la Mancomunitat Foia de Bunyol-Xiva ha iniciat un programa espec\u00edfic d&#8217;activitats dirigides a persones majors, dins del marc del Servei de Promoci\u00f3 de l&#8217;Autonomia Personal. Aquesta iniciativa cerca atendre la poblaci\u00f3 major de municipis en els quals els ajuntaments, pels seus propis mitjans, no poden assumir aquest tipus de recursos.<\/p>\n\n\n\n<p>La proposta s&#8217;emmarca en el contracte-programa subscrit entre la Vicepresid\u00e8ncia i Conselleria d&#8217;Igualtat i Pol\u00edtiques Inclusives i la Mancomunitat Foia de Bunyol-Xiva que contempla accions destinades a fomentar la conviv\u00e8ncia i el suport comunitari.<\/p>\n\n\n\n<p>Aquesta iniciativa tracta de donar resposta a necessitats detectades entre les persones majors en aspectes com la p\u00e8rdua de mobilitat, la disminuci\u00f3 de l&#8217;agilitat cognitiva i l&#8217;a\u00efllament social.<\/p>\n\n\n\n<p>Els objectius generals del programa es concreten en: Fomentar l&#8217;autonomia personal, la inclusi\u00f3 social i la participaci\u00f3 en la vida comunit\u00e0ria i proporcionar recursos de suport a persones amb dificultats d&#8217;autonomia, tant dependents com no dependents.<\/p>\n\n\n\n<p>Entre els objectius espec\u00edfics es destaquen: Estimular i recuperar actituds socialitzadores que afavorisquen la independ\u00e8ncia en la vida di\u00e0ria, potenciar relacions personals i la solidaritat en l&#8217;entorn comunitari i combatre la manca de mobilitat i la p\u00e8rdua d&#8217;agilitat cognitiva mitjan\u00e7ant activitats f\u00edsiques i mentals.<\/p>\n\n\n\n<p>El programa es desenvolupar\u00e0 en els municipis d&#8217;Alboraig, Macastre, Millars, Dosaig\u00fces, Godelleta, I\u00e0tova i Setaig\u00fces. Les sessions tindran una duraci\u00f3 aproximada de dues hores i abordaran diferents \u00e0rees del benestar personal, com la salut f\u00edsica, cognitiva i emocional. Per a aix\u00f2, s&#8217;han programat activitats com: Pilates terap\u00e8utic, Ioga i Risoter\u00e0pia.<\/p>\n\n\n\n<p>Amb aquesta iniciativa, la Mancomunitat reafirma el seu comprom\u00eds amb la millora de la qualitat de vida de les persones majors en l&#8217;\u00e0mbit rural, promovent un envelliment actiu, saludable i participatiu.<\/p>\n","protected":false},"excerpt":{"rendered":"<div class=\"mh-excerpt\">La iniciativa t\u00e9 com a objectiu fomentar l&#8217;autonomia personal, la inclusi\u00f3 social i la participaci\u00f3 comunit\u00e0ria en els municipis m\u00e9s xicotets de la comarca. L&#8217;\u00e0rea de Serveis Socials de la Mancomunitat Foia de Bunyol-Xiva ha <a class=\"mh-excerpt-more\" href=\"https:\/\/www.tucomarca.com\/wordpress\/segunda\/ca\/la-mancomunitat-foia-de-bunyol-xiva-posa-en-marxa-un-programa-dactivitats-per-a-persones-majors\/\" title=\"La Mancomunitat Foia de Bunyol-Xiva posa en marxa un programa d&#8217;activitats per a persones majors\">[+] <\/a><\/div>\n","protected":false},"author":12,"featured_media":267767,"comment_status":"open","ping_status":"open","sticky":false,"template":"","format":"standard","meta":{"footnotes":""},"categories":[10973,10976,10977,10980,10948,10963,10894,10912,10978,10970,10947,10896,10979],"tags":[10914,11514],"class_list":{"0":"post-267768","1":"post","2":"type-post","3":"status-publish","4":"format-standard","5":"has-post-thumbnail","7":"category-alborache-ca","8":"category-dos-aguas-ca","9":"category-godelleta-ca","10":"category-yatova-ca","11":"category-infraestructuras-ca","12":"category-la-canal-de-navarres-ca","13":"category-la-comarca-ca","14":"category-la-hoya-ca","15":"category-macastre-ca","16":"category-millares-ca","17":"category-politica","18":"category-seccion-ca","19":"category-siete-aguas-ca","20":"tag-la-hoya-de-bunol-chiva-ca","21":"tag-mancomunidad-de-la-hoya-de-bunol-chiva-ca"},"_links":{"self":[{"href":"https:\/\/www.tucomarca.com\/wordpress\/segunda\/ca\/wp-json\/wp\/v2\/posts\/267768","targetHints":{"allow":["GET"]}}],"collection":[{"href":"https:\/\/www.tucomarca.com\/wordpress\/segunda\/ca\/wp-json\/wp\/v2\/posts"}],"about":[{"href":"https:\/\/www.tucomarca.com\/wordpress\/segunda\/ca\/wp-json\/wp\/v2\/types\/post"}],"author":[{"embeddable":true,"href":"https:\/\/www.tucomarca.com\/wordpress\/segunda\/ca\/wp-json\/wp\/v2\/users\/12"}],"replies":[{"embeddable":true,"href":"https:\/\/www.tucomarca.com\/wordpress\/segunda\/ca\/wp-json\/wp\/v2\/comments?post=267768"}],"version-history":[{"count":0,"href":"https:\/\/www.tucomarca.com\/wordpress\/segunda\/ca\/wp-json\/wp\/v2\/posts\/267768\/revisions"}],"wp:featuredmedia":[{"embeddable":true,"href":"https:\/\/www.tucomarca.com\/wordpress\/segunda\/ca\/wp-json\/wp\/v2\/media\/267767"}],"wp:attachment":[{"href":"https:\/\/www.tucomarca.com\/wordpress\/segunda\/ca\/wp-json\/wp\/v2\/media?parent=267768"}],"wp:term":[{"taxonomy":"category","embeddable":true,"href":"https:\/\/www.tucomarca.com\/wordpress\/segunda\/ca\/wp-json\/wp\/v2\/categories?post=267768"},{"taxonomy":"post_tag","embeddable":true,"href":"https:\/\/www.tucomarca.com\/wordpress\/segunda\/ca\/wp-json\/wp\/v2\/tags?post=267768"}],"curies":[{"name":"wp","href":"https:\/\/api.w.org\/{rel}","templated":true}]}}