{"id":267812,"date":"2025-05-31T11:00:00","date_gmt":"2025-05-31T09:00:00","guid":{"rendered":"https:\/\/www.tucomarca.com\/wordpress\/segunda\/?p=267812"},"modified":"2025-05-31T11:01:14","modified_gmt":"2025-05-31T09:01:14","slug":"video-entrevista-amb-lalcalde-dutiel-ricardo-gabaldon-set-mesos-despres-del-pas-de-la-catastrofica-dana","status":"publish","type":"post","link":"https:\/\/www.tucomarca.com\/wordpress\/segunda\/ca\/video-entrevista-amb-lalcalde-dutiel-ricardo-gabaldon-set-mesos-despres-del-pas-de-la-catastrofica-dana\/","title":{"rendered":"V\u00eddeo entrevista amb l&#8217;alcalde d&#8217;Utiel, Ricardo Gabald\u00f3n, set mesos despr\u00e9s del pas de la catastr\u00f2fica DANA"},"content":{"rendered":"\n<figure class=\"wp-block-embed is-type-video is-provider-youtube wp-block-embed-youtube wp-embed-aspect-16-9 wp-has-aspect-ratio\"><div class=\"wp-block-embed__wrapper\">\n<iframe loading=\"lazy\" title=\"V\u00eddeoentrevista con Ricardo Gabald\u00f3n, alcalde de Utiel, 7 meses despu\u00e9s del paso de la fat\u00eddica DANA\" width=\"500\" height=\"281\" src=\"https:\/\/www.youtube.com\/embed\/5lT8FitnQQw?feature=oembed\" frameborder=\"0\" allow=\"accelerometer; autoplay; clipboard-write; encrypted-media; gyroscope; picture-in-picture; web-share\" referrerpolicy=\"strict-origin-when-cross-origin\" allowfullscreen><\/iframe>\n<\/div><figcaption class=\"wp-element-caption\"><em>L&#8217;alcalde d&#8217;Utiel, Ricardo Gabald\u00f3n, durant la v\u00eddeo entrevista concedida a <\/em><strong>tucomarca televisi\u00f3<\/strong><em>.<\/em><\/figcaption><\/figure>\n\n\n\n<p>L&#8217;alcalde d&#8217;Utiel, Ricardo Gabald\u00f3n, detalla a tucomarca televisi\u00f3 com es va viure la fat\u00eddica jornada del 29 d&#8217;octubre de 2024 durant el pas de la catastr\u00f2fica DANA per la localitat de la terrible afecci\u00f3 de la qual es compleixen ara set mesos.<\/p>\n\n\n\n<p>Ricardo Gabald\u00f3n explica en aquesta v\u00eddeo entrevista realitzada amb la col\u00b7laboraci\u00f3 del director de la revista Sa\u00f3, Vicent Bosc\u00e0, quines decisions es van prendre eixe dia, com es va desenvolupar eixa devastadora jornada aix\u00ed com l&#8217;estat en el qual actualment es troba la localitat; a m\u00e9s de detalles les accions que s&#8217;estan duent a terme per a tractar de recuperar una normalitat perduda en el municipi fa ja set mesos.<\/p>\n","protected":false},"excerpt":{"rendered":"<div class=\"mh-excerpt\">L&#8217;alcalde d&#8217;Utiel, Ricardo Gabald\u00f3n, detalla a tucomarca televisi\u00f3 com es va viure la fat\u00eddica jornada del 29 d&#8217;octubre de 2024 durant el pas de la catastr\u00f2fica DANA per la localitat de la terrible afecci\u00f3 de <a class=\"mh-excerpt-more\" href=\"https:\/\/www.tucomarca.com\/wordpress\/segunda\/ca\/video-entrevista-amb-lalcalde-dutiel-ricardo-gabaldon-set-mesos-despres-del-pas-de-la-catastrofica-dana\/\" title=\"V\u00eddeo entrevista amb l&#8217;alcalde d&#8217;Utiel, Ricardo Gabald\u00f3n, set mesos despr\u00e9s del pas de la catastr\u00f2fica DANA\">[+] <\/a><\/div>\n","protected":false},"author":1,"featured_media":267807,"comment_status":"open","ping_status":"open","sticky":false,"template":"","format":"video","meta":{"footnotes":""},"categories":[21466,10898,10948,10894,10904,10903,10947,10909,10896,10897,11059,11062],"tags":[21825,15409,10910,19427,11174],"class_list":{"0":"post-267812","1":"post","2":"type-post","3":"status-publish","4":"format-video","5":"has-post-thumbnail","7":"category-dana-ca","8":"category-ventana-ca","9":"category-infraestructuras-ca","10":"category-la-comarca-ca","11":"category-sin-categorizar-ca","12":"category-medio-ambiente-la-comarca-ca","13":"category-politica","14":"category-requena-utiel-ca","15":"category-seccion-ca","16":"category-sucesos-la-comarca-ca","17":"category-utiel-ca","18":"category-videos","19":"tag-alcalde-ca","20":"tag-dana-2-ca","21":"tag-requena-utiel-ca","22":"tag-ricardo-gabaldon-ca","23":"tag-utiel-ca","24":"post_format-post-format-video"},"_links":{"self":[{"href":"https:\/\/www.tucomarca.com\/wordpress\/segunda\/ca\/wp-json\/wp\/v2\/posts\/267812","targetHints":{"allow":["GET"]}}],"collection":[{"href":"https:\/\/www.tucomarca.com\/wordpress\/segunda\/ca\/wp-json\/wp\/v2\/posts"}],"about":[{"href":"https:\/\/www.tucomarca.com\/wordpress\/segunda\/ca\/wp-json\/wp\/v2\/types\/post"}],"author":[{"embeddable":true,"href":"https:\/\/www.tucomarca.com\/wordpress\/segunda\/ca\/wp-json\/wp\/v2\/users\/1"}],"replies":[{"embeddable":true,"href":"https:\/\/www.tucomarca.com\/wordpress\/segunda\/ca\/wp-json\/wp\/v2\/comments?post=267812"}],"version-history":[{"count":0,"href":"https:\/\/www.tucomarca.com\/wordpress\/segunda\/ca\/wp-json\/wp\/v2\/posts\/267812\/revisions"}],"wp:featuredmedia":[{"embeddable":true,"href":"https:\/\/www.tucomarca.com\/wordpress\/segunda\/ca\/wp-json\/wp\/v2\/media\/267807"}],"wp:attachment":[{"href":"https:\/\/www.tucomarca.com\/wordpress\/segunda\/ca\/wp-json\/wp\/v2\/media?parent=267812"}],"wp:term":[{"taxonomy":"category","embeddable":true,"href":"https:\/\/www.tucomarca.com\/wordpress\/segunda\/ca\/wp-json\/wp\/v2\/categories?post=267812"},{"taxonomy":"post_tag","embeddable":true,"href":"https:\/\/www.tucomarca.com\/wordpress\/segunda\/ca\/wp-json\/wp\/v2\/tags?post=267812"}],"curies":[{"name":"wp","href":"https:\/\/api.w.org\/{rel}","templated":true}]}}