{"id":268057,"date":"2025-06-03T09:22:00","date_gmt":"2025-06-03T07:22:00","guid":{"rendered":"https:\/\/www.tucomarca.com\/wordpress\/segunda\/?p=268057"},"modified":"2025-06-03T20:16:18","modified_gmt":"2025-06-03T18:16:18","slug":"la-generalitat-activa-els-daiora-i-ademus-entre-els-68-punts-datencio-presencial-gratuita-per-als-contribuents-en-la-campanya-de-la-renda-2024","status":"publish","type":"post","link":"https:\/\/www.tucomarca.com\/wordpress\/segunda\/ca\/la-generalitat-activa-els-daiora-i-ademus-entre-els-68-punts-datencio-presencial-gratuita-per-als-contribuents-en-la-campanya-de-la-renda-2024\/","title":{"rendered":"La Generalitat activa els d&#8217;Aiora i Adem\u00fas entre els 68 punts d&#8217;atenci\u00f3 presencial gratu\u00efta per als contribuents en la campanya de la renda 2024"},"content":{"rendered":"\n<h3 class=\"wp-block-heading\">La consellera Ruth Merino assisteix a Castell\u00f3 de la Plana a l&#8217;obertura de l&#8217;atenci\u00f3 per a la confecci\u00f3 de la declaraci\u00f3 de l&#8217;IRPF, que es prolongar\u00e0 fins al 30 de juny.<\/h3>\n\n\n\n<p>La ATV acosta el servei als afectats per la dana amb un punt a Paiporta, que se suma als d&#8217;Adem\u00fas i Aiora, a les 62 Oficines Liquidadores i a les tres seus provincials de l&#8217;ag\u00e8ncia<br>El termini per a sol\u00b7licitar cita pr\u00e8via en aquests punts estar\u00e0 obert fins al 27 de juny<\/p>\n\n\n\n<p>La consellera d&#8217;Hisenda i Economia, Ruth Merino, ha destacat el comprom\u00eds de la Generalitat per oferir una atenci\u00f3 presencial \u201caccessible, gratu\u00efta i efica\u00e7 a tots els contribuents\u201d a trav\u00e9s dels 68 punts d&#8217;atenci\u00f3 desplegats en tota la Comunitat Valenciana perqu\u00e8 el personal de l&#8217;Ag\u00e8ncia Tribut\u00e0ria Valenciana (ATV), en col\u00b7laboraci\u00f3 amb la AEAT, preste aquest servei als contribuents.<\/p>\n\n\n\n<p>\u201cEls contribuents rebran ajuda directa d&#8217;un professional que els guiar\u00e0 pas a pas en l&#8217;elaboraci\u00f3 de la seua declaraci\u00f3, assegurant-se que totes les dades siguen correctes i complets. Aix\u00ed mateix, resoldran totes les q\u00fcestions que puguen sorgir de manera immediata, i amb aclariments detallats\u201d, ha assenyalat la consellera.<\/p>\n\n\n\n<p>Ruth Merino ha realitzat aquestes declaracions durant la presentaci\u00f3 de la campanya presencial de la Renda 2024, que ha tingut lloc en la delegaci\u00f3 de l&#8217;Ag\u00e8ncia Estatal d&#8217;Administraci\u00f3 Tribut\u00e0ria a Castell\u00f3 de la Plana, en la qual ha estat acompanyada per la directora general de Tributs, Inmaculada Dom\u00ednguez; la cap del departament de Gesti\u00f3 Tribut\u00e0ria de la ATV, Pilar Ivars; el delegat especial de la AEAT en la Comunitat Valenciana, Manuel Cabrera, i la delegada de la AEAT a Castell\u00f3, Pilar Garc\u00eda.<\/p>\n\n\n\n<p>Posteriorment, la consellera ha visitat la seu de la ATV a Castell\u00f3 de la Plana per a con\u00e9ixer de primera m\u00e0 altra de les ubicacions des de la qual es prestar\u00e0 el servei i ha agra\u00eft el treball al personal funcionari que atendr\u00e0 la ciutadania.<\/p>\n\n\n\n<p><strong>Servei \u2018M\u00e9s Prop de tu\u2019 en les tres prov\u00edncies<\/strong><\/p>\n\n\n\n<p>La ATV, en col\u00b7laboraci\u00f3 amb l&#8217;Ag\u00e8ncia Tribut\u00e0ria, prestar\u00e0 des d&#8217;aquest 2 de juny i fins al pr\u00f2xim 30 de juny el servei \u2018M\u00e9s Prop de tu\u2019, que consisteix a oferir assist\u00e8ncia gratu\u00efta i personalitzada als contribuents a elaborar la seua declaraci\u00f3 de la Renda 2024 en un total de 68 punts repartits per tota la geografia valenciana.<\/p>\n\n\n\n<p>Cal recordar que el termini per a sol\u00b7licitar cita pr\u00e8via per a presentar la declaraci\u00f3 de manera presencial estar\u00e0 disponible fins al 27 de juny. Aquest tr\u00e0mit es podr\u00e0 realitzar a trav\u00e9s de la p\u00e0gina web de la AEAT, emprant l&#8217;App \u2018Ag\u00e8ncia Tribut\u00e0ria\u2019, o de dilluns a divendres, de 09.00 a 19.00 hores, en els n\u00fameros de tel\u00e8fon 91 553 00 71 i 901 22 33 44 (atenci\u00f3 personalitzada).<\/p>\n\n\n\n<p>En concret, la ATV assistir\u00e0 de nou als valencians en el compliment de les seues obligacions tribut\u00e0ries en la seu d&#8217;aquest organisme a Val\u00e8ncia (Carrer Gregorio Gea, 14), en les seues dues delegacions a Alacant (Carrer Churruca, 15) i Castell\u00f3 de la Plana (Plaza Tetuan, 38); en les 62 Oficines Liquidadores de Districte Hipotecari de la Comunitat Valenciana i en els municipis d&#8217;Adem\u00fas, Aiora i Paiporta.<\/p>\n\n\n\n<p>En concret, i pel que fa a l&#8217;assist\u00e8ncia per part de les Oficines Liquidadores, s&#8217;oferir\u00e0 el servei de manera presencial a la prov\u00edncia de Castell\u00f3 en deu oficines liquidadores situades en els municipis d&#8217;Alboc\u00e0sser, Llucena, Morella, Nules, Orpesa, Sant Mateu, Sogorb, Vila-real, Vinar\u00f2s i Viver.<\/p>\n\n\n\n<p>A la prov\u00edncia de Val\u00e8ncia es proporcionar\u00e0 aquest servei en 27 oficines liquidadores habilitades a Aldaia, Xelva, el Villar, Ll\u00edria, Sagunt, Benaguasil, Montcada, Paterna, Massamagrell, Requena, Manises, Torrent, Xiva, Picassent, Algemes\u00ed, Carlet, Sueca, Alzira, Cullera, Alberic, Tavernes de la Valldigna, \u00c9nguera, X\u00e0tiva, Gandia, Ontinyent, Albaida i Oliva.<\/p>\n\n\n\n<p>Per part seua, a la prov\u00edncia d&#8217;Alacant es facilitar\u00e0 aquesta assist\u00e8ncia en 25 oficines liquidadores situades en els municipis d&#8217;Alcoi, Altea, Benidorm, Callosa d&#8217;en Sarri\u00e0, Callosa de Segura, Calp, el Campello, Cocentaina, D\u00e9nia, Dolores, Elx, Elda, Guardamar del Segura, X\u00e0bia, Xixona, Mon\u00f2ver, Novelda, Oriola, Pedreguer, Pego, el Pilar de la Foradada, Santa Pola, Torrevella, la Vila Joiosa i Villena.<\/p>\n\n\n\n<p>En aquestes oficines els ciutadans podran rebre tota la informaci\u00f3 necess\u00e0ria respecte a les mesures tribut\u00e0ries disponibles en aquesta campanya i ser assistits per personal t\u00e8cnic per al compliment de les seues obligacions fiscals.<\/p>\n\n\n\n<p>A Adem\u00fas i Aiora el servei presencial estar\u00e0 disponible en dies espec\u00edfics del mes de juny. A Adem\u00fas els dimarts 3, 10 i 17, mentre que en a Aiora, els dijous 5, 12, 19 i 26.<\/p>\n\n\n\n<p>L&#8217;horari general d&#8217;atenci\u00f3 presencial ser\u00e0 en la seu central i delegacions de la ATV a Val\u00e8ncia, Alacant, Castell\u00f3, aix\u00ed com en l&#8217;oficina de Paiporta els dilluns, dimarts i dijous de 9.00 a 14.30 hores i de 16.00 a 19.00 hores; i dimecres i divendres de 09.00 a 15.00 hores. Per part seua, les oficines liquidadores atendran els dilluns, dimecres i divendres de 09.00 a 15.00 hores, i dimarts i dijous de 09.00 a 14.00 i de 15.00 a 16.30 hores.<\/p>\n\n\n\n<p><strong>Mesures fiscals per als damnificats per la riuada<\/strong><\/p>\n\n\n\n<p>Com a novetat respecte a exercicis anteriors, la Generalitat instal\u00b7lar\u00e0 una nova oficina d&#8217;atenci\u00f3 presencial a Paiporta, que se situar\u00e0 en la seu consistorial, per a atendre, principalment, als afectats per la inundaci\u00f3 del passat 29 d&#8217;octubre.<\/p>\n\n\n\n<p>Merino ha explicat que amb aquest punt d&#8217;atenci\u00f3 presencial la ATV \u201cvol acostar aquest servei al major nombre possible de persones afectades per les inundacions amb la finalitat de poder resoldre tots els seus dubtes justament quan m\u00e9s ho necessiten, al mateix temps que se&#8217;ls assessora per a garantir que puguen beneficiar-se de les deduccions fiscals aprovades pel Consell despr\u00e9s dels danys patits per la dana\u201d.<\/p>\n\n\n\n<p>Aix\u00ed, s&#8217;estableix una deducci\u00f3 del 100% de les despeses de reparaci\u00f3 realitzats per a fer front als danys causats pel temporal en l&#8217;habitatge habitual, fins a un import m\u00e0xim de 2.000 euros, i aplicable en els per\u00edodes impositius acabats en 2024 i 2025.<\/p>\n\n\n\n<p>A m\u00e9s, amb la finalitat de contribuir a l&#8217;obtenci\u00f3 de recursos propis per part de les entitats que desenvolupen activitats econ\u00f2miques i tinguen el seu domicili social i fiscal dins de l&#8217;\u00e0mbit territorial damnificat, es fixa una deducci\u00f3 en la quota \u00edntegra auton\u00f2mica del 45% sobre les quantitats invertides en la constituci\u00f3 o ampliaci\u00f3 de capital de determinades entitats, amb el l\u00edmit de 9.900 euros per contribuent.<\/p>\n\n\n\n<p>S&#8217;estima que els afectats per la riuada es podran estalviar fins a 32 milions d&#8217;euros en la declaraci\u00f3 de la renda gr\u00e0cies a les deduccions implementades per la Generalitat en el tram auton\u00f2mic de l&#8217;IRPF.<\/p>\n\n\n\n<p><strong>Rebaixes fiscals socials<\/strong><\/p>\n\n\n\n<p>Igualment, es tornen a aplicar per segon any en el tram auton\u00f2mic de l&#8217;IRPF deduccions fiscals per despeses vinculades a la salut, la pr\u00e0ctica esportiva i activitats saludables. Aquestes deduccions s&#8217;apliquen a contribuents de la Comunitat Valenciana amb una base liquidable general i de l&#8217;estalvi de fins a 32.000 euros en declaraci\u00f3 individual i de 48.000 euros en conjunta.<\/p>\n\n\n\n<p>Les deduccions per despeses en salut inclouen tractaments de salut bucodental no est\u00e8tics, cristalls graduats i lents de contacte, aix\u00ed com les despeses pel tractament de malalties cr\u00f2niques d&#8217;alta complexitat, rares o per dany cerebral adquirit o alzheimer. En concret, s&#8217;inclouen deduccions de fins a 150 euros pel 30% de les quantitats satisfetes per despeses vinculades a la salut bucodental i deduccions de fins a 100 euros pel 30% de despeses destinades a l&#8217;adquisici\u00f3 de cristalls graduats, lents de contacte i solucions de neteja.<\/p>\n\n\n\n<p>Aix\u00ed mateix, s&#8217;estableixen deduccions de fins a 150 euros pel 30% de les despeses generades per membres de la unitat familiar que necessiten ajuda per patir qualsevol patologia relacionada amb la salut mental. A m\u00e9s, s&#8217;afig la deducci\u00f3 de fins a 100 euros per despeses lligades a malalties cr\u00f2niques d&#8217;alta complexitat o les denominades rares, aix\u00ed com amb diagn\u00f2stic de dany cerebral adquirit o alzheimer. El l\u00edmit d&#8217;aquesta deducci\u00f3 s&#8217;eleva fins a 150 euros si la fam\u00edlia \u00e9s nombrosa o monoparental.<\/p>\n\n\n\n<p>Quant a la deducci\u00f3 per pr\u00e0ctica esportiva i activitats saludables, la deducci\u00f3 general \u00e9s del 30%, per\u00f2 pot arribar fins al 100% si el declarant \u00e9s major de 75 anys o t\u00e9 una discapacitat igual o superior al 65%, amb un topall de 150 euros.<\/p>\n\n\n\n<p><strong>Atenci\u00f3 telef\u00f2nica<\/strong><\/p>\n\n\n\n<p>Paral\u00b7lelament, durant tot el mes de maig personal de l&#8217;organisme tributari valenci\u00e0 ha ajudat, a trav\u00e9s del servei telef\u00f2nic \u2018Le Cridem\u2019, als contribuents en l&#8217;emplenament i presentaci\u00f3 de la seua declaraci\u00f3 de la renda.<\/p>\n\n\n\n<p>Aix\u00ed, entre el 6 de maig i el 30 de maig, per\u00edode en el qual ha estat habilitat aquest servei, des de la ATV s&#8217;ha at\u00e9s de manera telef\u00f2nica a un total de 12.465 persones i s&#8217;han presentat 10.494 declaracions de la renda.<\/p>\n","protected":false},"excerpt":{"rendered":"<div class=\"mh-excerpt\">La consellera Ruth Merino assisteix a Castell\u00f3 de la Plana a l&#8217;obertura de l&#8217;atenci\u00f3 per a la confecci\u00f3 de la declaraci\u00f3 de l&#8217;IRPF, que es prolongar\u00e0 fins al 30 de juny. La ATV acosta el <a class=\"mh-excerpt-more\" href=\"https:\/\/www.tucomarca.com\/wordpress\/segunda\/ca\/la-generalitat-activa-els-daiora-i-ademus-entre-els-68-punts-datencio-presencial-gratuita-per-als-contribuents-en-la-campanya-de-la-renda-2024\/\" title=\"La Generalitat activa els d&#8217;Aiora i Adem\u00fas entre els 68 punts d&#8217;atenci\u00f3 presencial gratu\u00efta per als contribuents en la campanya de la renda 2024\">[+] <\/a><\/div>\n","protected":false},"author":12,"featured_media":268056,"comment_status":"open","ping_status":"open","sticky":false,"template":"","format":"standard","meta":{"footnotes":""},"categories":[10890,10926,10954,10951,10983,10889,10952,10892,10990,21466,10969,10898,10963,10894,10904,10912,10902,10928,10947,10896,10975],"tags":[14300,15409,11498,22569],"class_list":{"0":"post-268057","1":"post","2":"type-post","3":"status-publish","4":"format-standard","5":"has-post-thumbnail","7":"category-ademus","8":"category-ademus-ca","9":"category-ayora-ca","10":"category-ayora-cofrentes-ca","11":"category-algemesi-ca","12":"category-alzira-cat","13":"category-benaguasil-ca","14":"category-camp-de-turia-ca","15":"category-carlet-ca","16":"category-dana-ca","17":"category-enguera-ca","18":"category-ventana-ca","19":"category-la-canal-de-navarres-ca","20":"category-la-comarca-ca","21":"category-sin-categorizar-ca","22":"category-la-hoya-ca","23":"category-la-ribera-ca","24":"category-lliria-ca","25":"category-politica","26":"category-seccion-ca","27":"category-chiva-ca","28":"tag-conselleria-de-hacienda-ca","29":"tag-dana-2-ca","30":"tag-generalitat-valenciana-ca","31":"tag-irpf-ca"},"_links":{"self":[{"href":"https:\/\/www.tucomarca.com\/wordpress\/segunda\/ca\/wp-json\/wp\/v2\/posts\/268057","targetHints":{"allow":["GET"]}}],"collection":[{"href":"https:\/\/www.tucomarca.com\/wordpress\/segunda\/ca\/wp-json\/wp\/v2\/posts"}],"about":[{"href":"https:\/\/www.tucomarca.com\/wordpress\/segunda\/ca\/wp-json\/wp\/v2\/types\/post"}],"author":[{"embeddable":true,"href":"https:\/\/www.tucomarca.com\/wordpress\/segunda\/ca\/wp-json\/wp\/v2\/users\/12"}],"replies":[{"embeddable":true,"href":"https:\/\/www.tucomarca.com\/wordpress\/segunda\/ca\/wp-json\/wp\/v2\/comments?post=268057"}],"version-history":[{"count":0,"href":"https:\/\/www.tucomarca.com\/wordpress\/segunda\/ca\/wp-json\/wp\/v2\/posts\/268057\/revisions"}],"wp:featuredmedia":[{"embeddable":true,"href":"https:\/\/www.tucomarca.com\/wordpress\/segunda\/ca\/wp-json\/wp\/v2\/media\/268056"}],"wp:attachment":[{"href":"https:\/\/www.tucomarca.com\/wordpress\/segunda\/ca\/wp-json\/wp\/v2\/media?parent=268057"}],"wp:term":[{"taxonomy":"category","embeddable":true,"href":"https:\/\/www.tucomarca.com\/wordpress\/segunda\/ca\/wp-json\/wp\/v2\/categories?post=268057"},{"taxonomy":"post_tag","embeddable":true,"href":"https:\/\/www.tucomarca.com\/wordpress\/segunda\/ca\/wp-json\/wp\/v2\/tags?post=268057"}],"curies":[{"name":"wp","href":"https:\/\/api.w.org\/{rel}","templated":true}]}}