{"id":268145,"date":"2025-06-03T09:00:00","date_gmt":"2025-06-03T07:00:00","guid":{"rendered":"https:\/\/www.tucomarca.com\/wordpress\/segunda\/?p=268145"},"modified":"2025-06-03T19:57:03","modified_gmt":"2025-06-03T17:57:03","slug":"la-diputacio-de-valencia-impulsa-un-llibre-que-unix-futbol-i-literatura-per-a-ajudar-a-les-victimes-de-la-dana","status":"publish","type":"post","link":"https:\/\/www.tucomarca.com\/wordpress\/segunda\/ca\/la-diputacio-de-valencia-impulsa-un-llibre-que-unix-futbol-i-literatura-per-a-ajudar-a-les-victimes-de-la-dana\/","title":{"rendered":"La Diputaci\u00f3 de Val\u00e8ncia impulsa un llibre que unix futbol i literatura per a ajudar a les v\u00edctimes de la DANA"},"content":{"rendered":"\n<h3 class=\"wp-block-heading\">\u2018La pelota s\u00ed se mancha. 101 historias del f\u00fatbol mundial\u2019 \u00e9s una publicaci\u00f3 solid\u00e0ria escrita de manera col\u00b7lectiva per personalitats del m\u00f3n del futbol, escriptors i periodistes, els beneficis dels quals es destinaran als afectats per la riuada.<\/h3>\n\n\n\n<h3 class=\"wp-block-heading\">El president de la corporaci\u00f3, Vicent Momp\u00f3, destaca \u201cla solidaritat de tots els que han participat en esta obra, un exemple m\u00e9s del comprom\u00eds que ha mostrat el m\u00f3n de l&#8217;esport amb la reconstrucci\u00f3\u201d.<\/h3>\n\n\n\n<figure class=\"wp-block-image size-large\"><img loading=\"lazy\" decoding=\"async\" width=\"1024\" height=\"666\" src=\"http:\/\/www.tucomarca.com\/wordpress\/segunda\/wp-content\/uploads\/2025\/06\/DipuLibrofutbol01-1024x666.jpg\" alt=\"\" class=\"wp-image-268133\" srcset=\"https:\/\/www.tucomarca.com\/wordpress\/segunda\/wp-content\/uploads\/2025\/06\/DipuLibrofutbol01-1024x666.jpg 1024w, https:\/\/www.tucomarca.com\/wordpress\/segunda\/wp-content\/uploads\/2025\/06\/DipuLibrofutbol01-300x195.jpg 300w, https:\/\/www.tucomarca.com\/wordpress\/segunda\/wp-content\/uploads\/2025\/06\/DipuLibrofutbol01-768x499.jpg 768w, https:\/\/www.tucomarca.com\/wordpress\/segunda\/wp-content\/uploads\/2025\/06\/DipuLibrofutbol01.jpg 1181w\" sizes=\"auto, (max-width: 1024px) 100vw, 1024px\" \/><\/figure>\n\n\n\n<p>La Diputaci\u00f3 de Val\u00e8ncia ha acollit este dimarts la presentaci\u00f3 del llibre \u2018La pelota s\u00ed se mancha. 101 historias del f\u00fatbol mundial\u2019, una iniciativa solid\u00e0ria que ha unit al m\u00f3n del futbol i al de les lletres amb el prop\u00f2sit d&#8217;ajudar a les fam\u00edlies m\u00e9s afectades per la dana de Val\u00e8ncia. Es tracta d&#8217;un llibre escrit de manera col\u00b7lectiva per personatges destacats relacionats amb el futbol, com \u00e9s el cas de Vicente del Bosque o Luis de la Fuente, a m\u00e9s d&#8217;escriptors i periodistes de prestigi, que componen una obra solid\u00e0ria sense precedents amb m\u00e9s d&#8217;un centenar d&#8217;hist\u00f2ries i relats entorn al m\u00f3n del balompi\u00e9.<\/p>\n\n\n\n<p>Els beneficis d&#8217;esta obra es destinaran a fam\u00edlies afectades en la Zona 0 a trav\u00e9s de la Fundaci\u00f3n Vinatea, que desenvolupa treballs urgents des del mateix moment en qu\u00e8 va esdevindre el desastre. La Diputaci\u00f3 de Val\u00e8ncia ha mostrat la seua solidaritat amb el projecte amb l&#8217;adquisici\u00f3 de centenars de llibres que, de manera simb\u00f2lica en el seu comprom\u00eds amb la recuperaci\u00f3 de la normalitat esportiva, repartir\u00e0 als clubs de futbol de la prov\u00edncia de Val\u00e8ncia en la gala de la Federaci\u00f3 Valenciana de Futbol que se celebrar\u00e0 pr\u00f2ximament.<\/p>\n\n\n\n<p>El president de la Diputaci\u00f3, Vicent Momp\u00f3, ha presidit un acte que ha comptat amb la pres\u00e8ncia de, entre altres, la vicepresidenta primera de la corporaci\u00f3, Nat\u00e0lia Enguix; la vicepresidenta segona, Reme Mazzolari; el diputat d&#8217;Esports, Pedro Cuesta; el diputat de Cultura, Paco Teruel; el coordinador del projecte, Carles Senso; el president de la Federaci\u00f3 de Futbol de la Comunitat Valenciana, Salvador Gomar; el president del Llevant UD, Pablo S\u00e1nchez; els ex futbolistes del Valencia CF, Fernando Giner i Miguel \u00c1ngel Bossio; el president d&#8217;\u00c0 Punt, Vicente Ordaz; o els periodistes Paco Lloret i Conrado Valle.<\/p>\n\n\n\n<p>Momp\u00f3 ha volgut agrair la solidaritat de tots els que han col\u00b7laborat en el llibre, i ha destacat que \u201ceste \u00e9s nom\u00e9s un exemple m\u00e9s del comprom\u00eds que est\u00e0 demostrant el m\u00f3n de l&#8217;esport en general, i el del futbol en particular, amb la reconstrucci\u00f3. Esta publicaci\u00f3 ajuda a visibilitzar i posar de manifest tot el que hem patit, perqu\u00e8 diversos mesos despr\u00e9s encara hi ha molta gent que no \u00e9s conscient del que va oc\u00f3rrer ac\u00ed, i iniciatives com esta ajuden a no oblidar-ho.\u201d<\/p>\n\n\n\n<p>A m\u00e9s, Momp\u00f3 ha afegit que \u201cel futbol \u00e9s un pilar b\u00e0sic de la nostra societat. A part de la pr\u00e0ctica esportiva en si, amb tots els beneficis que aix\u00f2 suposa, cap altre esport com el futbol genera passions i alegries, unix a gent d&#8217;un mateix municipi o prov\u00edncia. Per aix\u00f2 juga un paper fonamental en la volta a la normalitat de les zones afectades\u201d.<\/p>\n\n\n\n<p>Per part seua, el coordinador del projecte, Carles Senso, ha explicat que el projecte va sorgir \u201cperqu\u00e8 pensem que era necessari que des del m\u00f3n de l&#8217;escriptura calia ajudar d&#8217;alguna manera. Comencem a mobilitzar-nos i a contactar amb diferents personalitats que no van dubtar a acceptar la proposta\u201d. \u201cEl futbol \u00e9s una ferramenta de canvi, un mecanisme possible per a millorar el nostre entorn. Ac\u00ed tenen un nou exemple que est\u00e0 a l&#8217;altura. I no sols de les persones que firmen relats, sin\u00f3 tamb\u00e9 dels fot\u00f2grafs, mitjans de comunicaci\u00f3 o entitats que han cedit les seues fotografies de manera desinteressada per a col\u00b7laborar amb esta causa solid\u00e0ria\u201d, afirma Senso.<\/p>\n\n\n\n<p><strong>Participants en el llibre<\/strong><\/p>\n\n\n\n<p>Entre els personatges p\u00fablics que han volgut col\u00b7laborar amb esta iniciativa compartint alguna de les seues experi\u00e8ncies, destaquen seleccionadors nacionals com Vicente del Bosque o Luis de la Fuente; entrenadors com Rub\u00e9n Baraja o Vicente Moreno; i futbolistes com Carlos Soler, Vero Boquete, C\u00e9sar T\u00e1rrega, Fernando Giner, Juan S\u00e1nchez o Ricardo Arias, molts d&#8217;ells amb origen familiar en les zones m\u00e9s afectades per la trag\u00e8dia.<\/p>\n\n\n\n<p>En esta fusi\u00f3 tan altruista com poc habitual entre la pilota i la m\u00e0quina d&#8217;escriure han volgut tamb\u00e9 participar escriptors consagrats com Galder Reguera, Jos\u00e9 Luis Sastre, Mayca Jim\u00e9nez, Sergio C. Fanjul, Enrique Ballester o Hern\u00e1n Casciari; \u00e0rbitres com To\u00f1o Mateu Lahoz; i una llista de comunicadors de renom que envejaria qualsevol redacci\u00f3 espanyola: M\u00f3nica Marchante, Paco Gonz\u00e1lez, Manu Carre\u00f1o, Josep Pedrerol, Helena Condis, Jose de Cabo, Alfredo Rela\u00f1o, Andrea Pel\u00e1ez, Toni Padilla, Mart\u00ed Perarnau, Aitor Lagunas, Juan Ignacio Gallardo, Guillem Balagu\u00e9, Paloma del R\u00edo o Tom\u00e1s Guasch, per citar nom\u00e9s alguns exemples entre els m\u00e9s de cent noms que de manera solid\u00e0ria han cedit el seu talent i esfor\u00e7 a una bona causa. Completen aix\u00ed un volum amb enorme protagonisme fotogr\u00e0fic que suposa una mostra de carinyo i un missatge d&#8217;esperan\u00e7a del futbol cap als afectats per la major trag\u00e8dia natural viscuda este segle a Espanya.<\/p>\n\n\n\n<p>Altres excel\u00b7lents textos que els lectors podran disfrutar en esta xicoteta joia literari-futbol\u00edstica s\u00f3n els que firmen Kike Mateu, Fernando Evangelio, Vicente Ordaz, Agus Morales, Ricardo Rosety, Marc Casanova, Xavier Aliaga, Fran Guaita, Vicente Chilet, Cristina Bea, Sara Carmona, Vicent Borr\u00e0s, Ricard Cobo, Paco Lloret, Isabel Olmos, Voro Contreras, Pablo Garc\u00eda Cuervo, Franz Kelle, Jorge Hevia, Juan Magraner, Paco Polit, Carlos Roberto, Alfonso Gil, Conrado Valle, Javier Valenzuela\u2026<\/p>\n\n\n\n<p>\u2018La pelota s\u00ed se mancha. 101 historias del f\u00fatbol mundial\u2019est\u00e0 editat per la Fundaci\u00f3 Vinatea, amb \u00e0mplia experi\u00e8ncia en publicacions solid\u00e0ries, i coordinat pel periodista Carles Senso, amb la col\u00b7laboraci\u00f3 del tamb\u00e9 periodista Julio T\u00e1rrega i dels dissenyadors Jaime Gonz\u00e1lez i Pablo Bellver. El volum tamb\u00e9 compta amb la participaci\u00f3 de destacats fot\u00f2grafs o dissenyadors gr\u00e0fics, a m\u00e9s d&#8217;amb un text de Francisco Brines, Premi Cervantes, la fundaci\u00f3 del qual ha cedit un dels seus apassionants escrits futbol\u00edstics.<\/p>\n","protected":false},"excerpt":{"rendered":"<div class=\"mh-excerpt\">\u2018La pelota s\u00ed se mancha. 101 historias del f\u00fatbol mundial\u2019 \u00e9s una publicaci\u00f3 solid\u00e0ria escrita de manera col\u00b7lectiva per personalitats del m\u00f3n del futbol, escriptors i periodistes, els beneficis dels quals es destinaran als afectats <a class=\"mh-excerpt-more\" href=\"https:\/\/www.tucomarca.com\/wordpress\/segunda\/ca\/la-diputacio-de-valencia-impulsa-un-llibre-que-unix-futbol-i-literatura-per-a-ajudar-a-les-victimes-de-la-dana\/\" title=\"La Diputaci\u00f3 de Val\u00e8ncia impulsa un llibre que unix futbol i literatura per a ajudar a les v\u00edctimes de la DANA\">[+] <\/a><\/div>\n","protected":false},"author":12,"featured_media":268136,"comment_status":"open","ping_status":"open","sticky":false,"template":"","format":"standard","meta":{"footnotes":""},"categories":[11015,21466,11003,10898,10948,10904,10947,10896],"tags":[15409,11246],"class_list":{"0":"post-268145","1":"post","2":"type-post","3":"status-publish","4":"format-standard","5":"has-post-thumbnail","7":"category-canal-futbol","8":"category-dana-ca","9":"category-sports","10":"category-ventana-ca","11":"category-infraestructuras-ca","12":"category-sin-categorizar-ca","13":"category-politica","14":"category-seccion-ca","15":"tag-dana-2-ca","16":"tag-diputacio-de-valencia-ca"},"_links":{"self":[{"href":"https:\/\/www.tucomarca.com\/wordpress\/segunda\/ca\/wp-json\/wp\/v2\/posts\/268145","targetHints":{"allow":["GET"]}}],"collection":[{"href":"https:\/\/www.tucomarca.com\/wordpress\/segunda\/ca\/wp-json\/wp\/v2\/posts"}],"about":[{"href":"https:\/\/www.tucomarca.com\/wordpress\/segunda\/ca\/wp-json\/wp\/v2\/types\/post"}],"author":[{"embeddable":true,"href":"https:\/\/www.tucomarca.com\/wordpress\/segunda\/ca\/wp-json\/wp\/v2\/users\/12"}],"replies":[{"embeddable":true,"href":"https:\/\/www.tucomarca.com\/wordpress\/segunda\/ca\/wp-json\/wp\/v2\/comments?post=268145"}],"version-history":[{"count":0,"href":"https:\/\/www.tucomarca.com\/wordpress\/segunda\/ca\/wp-json\/wp\/v2\/posts\/268145\/revisions"}],"wp:featuredmedia":[{"embeddable":true,"href":"https:\/\/www.tucomarca.com\/wordpress\/segunda\/ca\/wp-json\/wp\/v2\/media\/268136"}],"wp:attachment":[{"href":"https:\/\/www.tucomarca.com\/wordpress\/segunda\/ca\/wp-json\/wp\/v2\/media?parent=268145"}],"wp:term":[{"taxonomy":"category","embeddable":true,"href":"https:\/\/www.tucomarca.com\/wordpress\/segunda\/ca\/wp-json\/wp\/v2\/categories?post=268145"},{"taxonomy":"post_tag","embeddable":true,"href":"https:\/\/www.tucomarca.com\/wordpress\/segunda\/ca\/wp-json\/wp\/v2\/tags?post=268145"}],"curies":[{"name":"wp","href":"https:\/\/api.w.org\/{rel}","templated":true}]}}