{"id":268172,"date":"2025-06-04T09:00:00","date_gmt":"2025-06-04T07:00:00","guid":{"rendered":"https:\/\/www.tucomarca.com\/wordpress\/segunda\/?p=268172"},"modified":"2025-06-04T11:11:02","modified_gmt":"2025-06-04T09:11:02","slug":"bunyol-presenta-una-intensa-agenda-cultural-per-al-mes-de-juny-amb-teatre-musica-cinema-i-literatura","status":"publish","type":"post","link":"https:\/\/www.tucomarca.com\/wordpress\/segunda\/ca\/bunyol-presenta-una-intensa-agenda-cultural-per-al-mes-de-juny-amb-teatre-musica-cinema-i-literatura\/","title":{"rendered":"Bunyol presenta una intensa agenda cultural per al mes de juny amb teatre, m\u00fasica, cinema i literatura"},"content":{"rendered":"\n<p>L&#8217;Ajuntament de Bunyol ha llan\u00e7at la seua programaci\u00f3 cultural \u201cBunyol Actua\u201d per al mes de juny de 2025, amb una variada proposta que abasta teatre, concerts, cinema, literatura, mercats tem\u00e0tics i activitats per a tots els p\u00fablics. L&#8217;oferta inclou tant esdeveniments gratu\u00efts com uns altres d&#8217;aforament limitat, distribu\u00efts per diferents espais de la localitat.<\/p>\n\n\n<div class=\"wp-block-image\">\n<figure class=\"alignleft size-large is-resized\"><img loading=\"lazy\" decoding=\"async\" width=\"705\" height=\"1024\" src=\"http:\/\/www.tucomarca.com\/wordpress\/segunda\/wp-content\/uploads\/2025\/06\/ACTUAJUNIO2025-705x1024.jpg\" alt=\"\" class=\"wp-image-268169\" style=\"width:434px;height:auto\" srcset=\"https:\/\/www.tucomarca.com\/wordpress\/segunda\/wp-content\/uploads\/2025\/06\/ACTUAJUNIO2025-705x1024.jpg 705w, https:\/\/www.tucomarca.com\/wordpress\/segunda\/wp-content\/uploads\/2025\/06\/ACTUAJUNIO2025-207x300.jpg 207w, https:\/\/www.tucomarca.com\/wordpress\/segunda\/wp-content\/uploads\/2025\/06\/ACTUAJUNIO2025-768x1116.jpg 768w, https:\/\/www.tucomarca.com\/wordpress\/segunda\/wp-content\/uploads\/2025\/06\/ACTUAJUNIO2025.jpg 886w\" sizes=\"auto, (max-width: 705px) 100vw, 705px\" \/><\/figure>\n<\/div>\n\n\n<p>Entre els esdeveniments m\u00e9s destacats figuren el Mercat Medieval, que tindr\u00e0 lloc del 6 al 8 de juny en el Passeig de Sant Llu\u00eds, el rasclet i animaci\u00f3 infantil del dia 13, aix\u00ed com la tradicional Nit de Sant Joan (27 de juny) al Parc de Borrunes, on es proclamar\u00e0 a la Reina de les Festes 2025, Srta. Carmen Al\u00eds Marzal. La Revetla de l&#8217;Orgull, organitzada per la Falla Vendes, posar\u00e0 el fermall festiu el dissabte 28 al Parc del Planell.<\/p>\n\n\n\n<p>En l&#8217;apartat teatral, destaca l&#8217;obra \u201cBoges\u201d, una experi\u00e8ncia itinerant amb sis actrius en tres espais del Molino de Gal\u00e0 (dissabte 14 de juny). A m\u00e9s, el dimecres 11 se celebrar\u00e0 la mostra de Tallers Infantils Escolars a la Sala El Mercat.<\/p>\n\n\n\n<p>La m\u00fasica tindr\u00e0 gran protagonisme amb concerts de la Banda Simf\u00f2nica del Conservatori \u201cSant Rafael\u201d, la Kansas City Wind Band, aix\u00ed com agrupacions de corda, percussi\u00f3 i cors locals. Tamb\u00e9 participaran la CIM L&#8217;Harm\u00f2nica i el grup \u201cLa Senyera\u201d de Val\u00e8ncia dins de la XXI Campanya d&#8217;Intercanvis Musicals.<\/p>\n\n\n\n<p>El cicle \u201cViure de Cinema 2025\u201d oferir\u00e0 projeccions com Emilia P\u00e9rez, L&#8217;Estrela Blava i el cl\u00e0ssic de Chaplin La Quimera de l&#8217;Or, a m\u00e9s d&#8217;una nit dedicada al curtmetratge valenci\u00e0 el dia 19 a la Sala Raga.<\/p>\n\n\n\n<p>La literatura tamb\u00e9 t\u00e9 el seu espai a la Biblioteca Municipal Molino de Gal\u00e0, amb presentacions de llibres com a \u201cIncert Perfum\u201d de Juan Luis Bedins (5 de juny) i \u201cLa xiqueta que volia passar desapercebuda\u201d de Beatriz Rabasa (18 de juny), aix\u00ed com el club de lectura amb \u201cL&#8217;intens cruixir de la lluna\u201d de Gioconda Belli.<\/p>\n\n\n\n<p>Tancar\u00e0 el mes la representaci\u00f3 teatral de l&#8217;Escola Municipal de Teatre de Bunyol, que presentar\u00e0 \u201cL&#8217;\u00daltim Sopar\u201d el divendres 20 a l&#8217;Auditori de Bunyol, sota la direcci\u00f3 de Rafa Alarc\u00f3n.<\/p>\n\n\n\n<p>L&#8217;agenda completa est\u00e0 disponible en la web municipal i en xarxes socials, sota el nom de \u201cBunyol Actua\u201d, amb el suport de la Diputaci\u00f3 de Val\u00e8ncia, la Generalitat Valenciana i la col\u00b7laboraci\u00f3 d&#8217;entitats locals.<\/p>\n","protected":false},"excerpt":{"rendered":"<div class=\"mh-excerpt\">L&#8217;Ajuntament de Bunyol ha llan\u00e7at la seua programaci\u00f3 cultural \u201cBunyol Actua\u201d per al mes de juny de 2025, amb una variada proposta que abasta teatre, concerts, cinema, literatura, mercats tem\u00e0tics i activitats per a tots <a class=\"mh-excerpt-more\" href=\"https:\/\/www.tucomarca.com\/wordpress\/segunda\/ca\/bunyol-presenta-una-intensa-agenda-cultural-per-al-mes-de-juny-amb-teatre-musica-cinema-i-literatura\/\" title=\"Bunyol presenta una intensa agenda cultural per al mes de juny amb teatre, m\u00fasica, cinema i literatura\">[+] <\/a><\/div>\n","protected":false},"author":12,"featured_media":268170,"comment_status":"open","ping_status":"open","sticky":false,"template":"","format":"standard","meta":{"footnotes":""},"categories":[11019,10911,10894,10912,11007,10896],"tags":[10913,14722,10914],"class_list":{"0":"post-268172","1":"post","2":"type-post","3":"status-publish","4":"format-standard","5":"has-post-thumbnail","7":"category-agenda-ca","8":"category-bunol-ca","9":"category-la-comarca-ca","10":"category-la-hoya-ca","11":"category-ocio-y-cultura-ca","12":"category-seccion-ca","13":"tag-bunol-ca","14":"tag-bunol-actua-ca","15":"tag-la-hoya-de-bunol-chiva-ca"},"_links":{"self":[{"href":"https:\/\/www.tucomarca.com\/wordpress\/segunda\/ca\/wp-json\/wp\/v2\/posts\/268172","targetHints":{"allow":["GET"]}}],"collection":[{"href":"https:\/\/www.tucomarca.com\/wordpress\/segunda\/ca\/wp-json\/wp\/v2\/posts"}],"about":[{"href":"https:\/\/www.tucomarca.com\/wordpress\/segunda\/ca\/wp-json\/wp\/v2\/types\/post"}],"author":[{"embeddable":true,"href":"https:\/\/www.tucomarca.com\/wordpress\/segunda\/ca\/wp-json\/wp\/v2\/users\/12"}],"replies":[{"embeddable":true,"href":"https:\/\/www.tucomarca.com\/wordpress\/segunda\/ca\/wp-json\/wp\/v2\/comments?post=268172"}],"version-history":[{"count":0,"href":"https:\/\/www.tucomarca.com\/wordpress\/segunda\/ca\/wp-json\/wp\/v2\/posts\/268172\/revisions"}],"wp:featuredmedia":[{"embeddable":true,"href":"https:\/\/www.tucomarca.com\/wordpress\/segunda\/ca\/wp-json\/wp\/v2\/media\/268170"}],"wp:attachment":[{"href":"https:\/\/www.tucomarca.com\/wordpress\/segunda\/ca\/wp-json\/wp\/v2\/media?parent=268172"}],"wp:term":[{"taxonomy":"category","embeddable":true,"href":"https:\/\/www.tucomarca.com\/wordpress\/segunda\/ca\/wp-json\/wp\/v2\/categories?post=268172"},{"taxonomy":"post_tag","embeddable":true,"href":"https:\/\/www.tucomarca.com\/wordpress\/segunda\/ca\/wp-json\/wp\/v2\/tags?post=268172"}],"curies":[{"name":"wp","href":"https:\/\/api.w.org\/{rel}","templated":true}]}}