{"id":268186,"date":"2025-06-04T11:00:00","date_gmt":"2025-06-04T09:00:00","guid":{"rendered":"https:\/\/www.tucomarca.com\/wordpress\/segunda\/?p=268186"},"modified":"2025-06-04T12:41:20","modified_gmt":"2025-06-04T10:41:20","slug":"lajuntament-de-turis-installa-nous-tendals-en-el-ceip-joaquin-munoz-i-el-centre-infantil-vicente-quiles-per-a-millorar-el-confort-de-lalumnat","status":"publish","type":"post","link":"https:\/\/www.tucomarca.com\/wordpress\/segunda\/ca\/lajuntament-de-turis-installa-nous-tendals-en-el-ceip-joaquin-munoz-i-el-centre-infantil-vicente-quiles-per-a-millorar-el-confort-de-lalumnat\/","title":{"rendered":"L&#8217;Ajuntament de Tur\u00eds instal\u00b7la nous tendals en el CEIP Joaqu\u00edn Mu\u00f1oz i el Centre Infantil Vicente Quiles per a millorar el confort de l&#8217;alumnat"},"content":{"rendered":"\n<p>En els \u00faltims dies l&#8217;Ajuntament de Tur\u00eds ha instal\u00b7lat nous tendals en el CEIP Joaqu\u00edn Mu\u00f1oz i el Centre Infantil Vicente Quiles per a millorar el confort de l&#8217;alumnat instal\u00b7lat nous tendals als patis del CEIP Joaqu\u00edn Mu\u00f1oz i del Centre Infantil Vicente Quiles, amb l&#8217;objectiu de proporcionar m\u00e9s ombra i millorar les condicions dels espais exteriors per a l&#8217;alumnat.<\/p>\n\n\n\n<p>Aquestes estructures permetran fer front a les altes temperatures, oferint un entorn m\u00e9s c\u00f2mode i saludable durant l&#8217;esbarjo i les activitats a l&#8217;aire lliure. A m\u00e9s, es preveu que resulten especialment \u00fatils durant la pr\u00f2xima escola d&#8217;estiu, afavorint un ambient m\u00e9s segur enfront de l&#8217;exposici\u00f3 solar.<\/p>\n\n\n\n<p>Des de tots dos centres es valora positivament aquesta millora, que contribueix al benestar de l&#8217;alumnat i a l&#8217;adaptaci\u00f3 dels espais educatius a les condicions clim\u00e0tiques actuals.<\/p>\n\n\n\n<figure class=\"wp-block-image size-large\"><img loading=\"lazy\" decoding=\"async\" width=\"1024\" height=\"576\" src=\"http:\/\/www.tucomarca.com\/wordpress\/segunda\/wp-content\/uploads\/2025\/06\/TurisColesToldos1-1024x576.jpeg\" alt=\"\" class=\"wp-image-268181\" srcset=\"https:\/\/www.tucomarca.com\/wordpress\/segunda\/wp-content\/uploads\/2025\/06\/TurisColesToldos1-1024x576.jpeg 1024w, https:\/\/www.tucomarca.com\/wordpress\/segunda\/wp-content\/uploads\/2025\/06\/TurisColesToldos1-300x169.jpeg 300w, https:\/\/www.tucomarca.com\/wordpress\/segunda\/wp-content\/uploads\/2025\/06\/TurisColesToldos1-768x432.jpeg 768w, https:\/\/www.tucomarca.com\/wordpress\/segunda\/wp-content\/uploads\/2025\/06\/TurisColesToldos1-1536x864.jpeg 1536w, https:\/\/www.tucomarca.com\/wordpress\/segunda\/wp-content\/uploads\/2025\/06\/TurisColesToldos1-678x381.jpeg 678w, https:\/\/www.tucomarca.com\/wordpress\/segunda\/wp-content\/uploads\/2025\/06\/TurisColesToldos1.jpeg 1599w\" sizes=\"auto, (max-width: 1024px) 100vw, 1024px\" \/><\/figure>\n","protected":false},"excerpt":{"rendered":"<div class=\"mh-excerpt\">En els \u00faltims dies l&#8217;Ajuntament de Tur\u00eds ha instal\u00b7lat nous tendals en el CEIP Joaqu\u00edn Mu\u00f1oz i el Centre Infantil Vicente Quiles per a millorar el confort de l&#8217;alumnat instal\u00b7lat nous tendals als patis del <a class=\"mh-excerpt-more\" href=\"https:\/\/www.tucomarca.com\/wordpress\/segunda\/ca\/lajuntament-de-turis-installa-nous-tendals-en-el-ceip-joaquin-munoz-i-el-centre-infantil-vicente-quiles-per-a-millorar-el-confort-de-lalumnat\/\" title=\"L&#8217;Ajuntament de Tur\u00eds instal\u00b7la nous tendals en el CEIP Joaqu\u00edn Mu\u00f1oz i el Centre Infantil Vicente Quiles per a millorar el confort de l&#8217;alumnat\">[+] <\/a><\/div>\n","protected":false},"author":12,"featured_media":268184,"comment_status":"open","ping_status":"open","sticky":false,"template":"","format":"image","meta":{"footnotes":""},"categories":[10948,10894,10902,10903,10947,10896,11047],"tags":[11356,11093],"class_list":{"0":"post-268186","1":"post","2":"type-post","3":"status-publish","4":"format-image","5":"has-post-thumbnail","7":"category-infraestructuras-ca","8":"category-la-comarca-ca","9":"category-la-ribera-ca","10":"category-medio-ambiente-la-comarca-ca","11":"category-politica","12":"category-seccion-ca","13":"category-turis-ca","14":"tag-ribera-alta-ca","15":"tag-turis-ca","16":"post_format-post-format-image"},"_links":{"self":[{"href":"https:\/\/www.tucomarca.com\/wordpress\/segunda\/ca\/wp-json\/wp\/v2\/posts\/268186","targetHints":{"allow":["GET"]}}],"collection":[{"href":"https:\/\/www.tucomarca.com\/wordpress\/segunda\/ca\/wp-json\/wp\/v2\/posts"}],"about":[{"href":"https:\/\/www.tucomarca.com\/wordpress\/segunda\/ca\/wp-json\/wp\/v2\/types\/post"}],"author":[{"embeddable":true,"href":"https:\/\/www.tucomarca.com\/wordpress\/segunda\/ca\/wp-json\/wp\/v2\/users\/12"}],"replies":[{"embeddable":true,"href":"https:\/\/www.tucomarca.com\/wordpress\/segunda\/ca\/wp-json\/wp\/v2\/comments?post=268186"}],"version-history":[{"count":0,"href":"https:\/\/www.tucomarca.com\/wordpress\/segunda\/ca\/wp-json\/wp\/v2\/posts\/268186\/revisions"}],"wp:featuredmedia":[{"embeddable":true,"href":"https:\/\/www.tucomarca.com\/wordpress\/segunda\/ca\/wp-json\/wp\/v2\/media\/268184"}],"wp:attachment":[{"href":"https:\/\/www.tucomarca.com\/wordpress\/segunda\/ca\/wp-json\/wp\/v2\/media?parent=268186"}],"wp:term":[{"taxonomy":"category","embeddable":true,"href":"https:\/\/www.tucomarca.com\/wordpress\/segunda\/ca\/wp-json\/wp\/v2\/categories?post=268186"},{"taxonomy":"post_tag","embeddable":true,"href":"https:\/\/www.tucomarca.com\/wordpress\/segunda\/ca\/wp-json\/wp\/v2\/tags?post=268186"}],"curies":[{"name":"wp","href":"https:\/\/api.w.org\/{rel}","templated":true}]}}