{"id":268225,"date":"2025-06-04T09:35:00","date_gmt":"2025-06-04T07:35:00","guid":{"rendered":"https:\/\/www.tucomarca.com\/wordpress\/segunda\/?p=268225"},"modified":"2025-06-04T18:03:06","modified_gmt":"2025-06-04T16:03:06","slug":"el-institut-valencia-de-cultura-presenta-el-programa-dactivitats-de-curt-creixent","status":"publish","type":"post","link":"https:\/\/www.tucomarca.com\/wordpress\/segunda\/ca\/el-institut-valencia-de-cultura-presenta-el-programa-dactivitats-de-curt-creixent\/","title":{"rendered":"El Institut Valenci\u00e0 de Cultura presenta el programa d&#8217;activitats de &#8216;Curt Creixent&#8217;"},"content":{"rendered":"\n<h3 class=\"wp-block-heading\">L&#8217;onzena edici\u00f3 d&#8217;aquestes trobades del curtmetratge se celebra del 23 al 25 de juny de 2025 en el marc de Cinema Jove.<\/h3>\n\n\n\n<p>La Conselleria d&#8217;Educaci\u00f3, Cultura, Universitats i Ocupaci\u00f3, a trav\u00e9s del Institut Valenci\u00e0 de Cultura (IVC), organitza l&#8217;onzena edici\u00f3 de &#8216;Curt Creixent, trobades del curtmetratge&#8217;, que se celebrar\u00e0 del 23 al 25 de juny en el marc de Cinema Jove, amb la col\u00b7laboraci\u00f3 del laboratori Emergent! Cinema Lab i el festival D\u2019A Festival de Cinema de Barcelona.<\/p>\n\n\n\n<p>&#8216;Curt Creixent&#8217; \u00e9s un espai de trobada que promou el potencial creatiu, industrial, social i cultural del curtmetratge. A m\u00e9s, reuneix i relaciona a professionals i estudiants de l&#8217;audiovisual, la cultura i l&#8217;educaci\u00f3, amb sessions de debat, xarrades, projeccions i sessions de \u2018pitch\u2019. Tamb\u00e9 \u00e9s una plataforma per a la formaci\u00f3 sobre el desenvolupament de projectes de curtmetratge.<\/p>\n\n\n\n<p>En aquesta edici\u00f3, &#8216;Curt Creixent&#8217; centra la seua atenci\u00f3 a donar con\u00e9ixer com es pot produir en r\u00e8gim de cooperativa, i a revelar les claus d&#8217;una preproducci\u00f3 accessible. Tamb\u00e9 oferir\u00e0 l&#8217;oportunitat de posar en contacte talent bolcat al curtmetratge des del Conservatori Superior de M\u00fasica de Val\u00e8ncia.<\/p>\n\n\n\n<p>A m\u00e9s, es donaran a con\u00e9ixer les experi\u00e8ncies i consells de professionals tant de la programaci\u00f3 de festivals internacionals com de productores, a trav\u00e9s de sessions de debat i trobades one-to-one amb professionals de la producci\u00f3 i de representants de festivals de cinema. Com en edicions anteriors, estan previstes dues sessions de &#8216;pitch&#8217;: una dedicada a projectes en fase de gui\u00f3 i una altra a curtmetratges ja en fase de postproducci\u00f3.<\/p>\n\n\n\n<p>El Institut Valenci\u00e0 de Cultura obrir\u00e0 les inscripcions, a partir del 16 de juny, que s\u00f3n gratu\u00eftes, per a participar en les activitats d&#8217;enguany. Tota la informaci\u00f3 sobre &#8216;Curt Creixent&#8217; est\u00e0 disponible en la p\u00e0gina web.<\/p>\n\n\n\n<p><strong>Sessions del 23 de juny<\/strong><\/p>\n\n\n\n<p>Les sessions de &#8216;Curt Creixent&#8217; se celebren a la sala 7 de l&#8217;edifici Rialto i s&#8217;inicien el dilluns 23 de juny, a les 10.30 hores, amb la presentaci\u00f3 de les trobades.<\/p>\n\n\n\n<p>A les 11.00 hores se celebra una sessi\u00f3 de \u2018pitching\u2019, amb quatre projectes de curtmetratges, que seran presentats pels seus autors, assessorats per un jurat d&#8217;especialistes conformat per Aitor Arenas d&#8217;Emergent CineLab!, el cineasta Enrique Buleo i la directora d&#8217;animaci\u00f3 Mar\u00eda Manero. A partir de les 13.00 hores tindran lloc les trobades one-to-one entre directors i productors.<\/p>\n\n\n\n<p>En la sessi\u00f3 de vesprada, a les 16.00 hores, se celebra una sessi\u00f3 de \u2018pitching\u2019, amb quatre curtmetratges en proc\u00e9s de postproducci\u00f3, que seran presentats pels seus autors, assessorats per un jurat d&#8217;especialistes conformat per Antonio Arenas del Festival Joves Realitzadors de Granada i de la distribu\u00efdora de la ECAM, la productora i directora Sonia Bautista Alarc\u00f3n d&#8217;Altafulla Film Festival i el director portugu\u00e9s Frederico Llop.<\/p>\n\n\n\n<p>Els dos jurats, a m\u00e9s de donar assessorament professional sobre la seua realitzaci\u00f3, traject\u00f2ria i recorregut per festivals i distribuci\u00f3, seleccionaran un projecte finalista per a cadascuna de les categories.<\/p>\n\n\n\n<p>Com en anteriors edicions, es presentar\u00e0 en sessi\u00f3 privada per als equips dels curtmetratges, el cat\u00e0leg &#8216;Curts 2025 Volum.2&#8217;, una selecci\u00f3 de curtmetratges valencians promoguts pel IVC en festivals. La projecci\u00f3 se celebra en el Teatre Rialto a les 20.00 hores. Acc\u00e9s amb invitaci\u00f3.<\/p>\n\n\n\n<figure class=\"wp-block-image size-large\"><img loading=\"lazy\" decoding=\"async\" width=\"1024\" height=\"683\" src=\"http:\/\/www.tucomarca.com\/wordpress\/segunda\/wp-content\/uploads\/2025\/06\/IVC_CurtCreixent2-1024x683.jpg\" alt=\"\" class=\"wp-image-268224\" srcset=\"https:\/\/www.tucomarca.com\/wordpress\/segunda\/wp-content\/uploads\/2025\/06\/IVC_CurtCreixent2-1024x683.jpg 1024w, https:\/\/www.tucomarca.com\/wordpress\/segunda\/wp-content\/uploads\/2025\/06\/IVC_CurtCreixent2-300x200.jpg 300w, https:\/\/www.tucomarca.com\/wordpress\/segunda\/wp-content\/uploads\/2025\/06\/IVC_CurtCreixent2-768x512.jpg 768w, https:\/\/www.tucomarca.com\/wordpress\/segunda\/wp-content\/uploads\/2025\/06\/IVC_CurtCreixent2.jpg 1181w\" sizes=\"auto, (max-width: 1024px) 100vw, 1024px\" \/><\/figure>\n\n\n\n<p><strong>Sessions del 24 de juny<\/strong><\/p>\n\n\n\n<p>El festival convidat enguany \u00e9s D\u2019A Festival de Cinema de Barcelona. En la primera sessi\u00f3 del dia, el director del festival, Carlos R\u00edos, donar\u00e0 a con\u00e9ixer les activitats del festival i la seua hist\u00f2ria, acompanyat del director de Cinema Jove, Carlos Madrid. A continuaci\u00f3, Carlos R\u00edos, la directora d&#8217;Humanes Fest, Pilar Almenar; l&#8217;ajudant de direcci\u00f3 de la Setmana de Cinema de Medina del Campo, Andrea Di\u00e9guez, i la directora del Festival Internacional de Cinema de Bueu, Mar\u00eda Ru\u00edz-Falc\u00f3, debatran sobre la situaci\u00f3 de la distribuci\u00f3 de curtmetratges en festivals internacionals, en un debat moderat per la directora de Benidorm Skyline Film Festival, Beatriz Hern\u00e1ndez.<\/p>\n\n\n\n<p>La jornada matinal es tanca amb les trobades one-to-one entre els responsables de festivals i els representants dels curts. Aquestes trobades breus de quatre minuts donen la possibilitat als cineastes valencians de presentar els seus projectes perqu\u00e8 siguen programats en festivals.<\/p>\n\n\n\n<p>A la vesprada se celebra un col\u00b7loqui sobre produir en cooperativa amb les intervencions del cofundador de Barret Films Cooperativa, \u00c0lex Badia, i el director de fotografia en la cooperativa Rua Escura de Portugal, Frederico Llop, moderat pel cooperativista i cr\u00edtic de cinema, Santi Hern\u00e1ndez.<\/p>\n\n\n\n<p>La jornada conclour\u00e0, a les 20.00 hores, amb la projecci\u00f3 en la Filmoteca Valenciana d&#8217;una selecci\u00f3 de curts seleccionats pel festival D\u2019A Festival de Cinema de Barcelona: Els curts s\u00f3n \u2018Abans de la vida\u2019 (2025), de Pepa Catal\u00e1 i Adri\u00e0 Pag\u00e8s; \u2018El vent que colpeja la meua finestra\u2019 (2025), d&#8217;Emilio Hupe; \u2018Fredor\u2019 (2024), d&#8217;Andrea S\u00e1nchez; \u2018Bona nit, Rambles\u2019 (2024), de Maria Bareche Baqu\u00e9s i Clara Barfull; i \u2018Ohio Sonata\u2019 (2025), de Llu\u00eds Galter.<\/p>\n\n\n\n<p><strong>Sessions del 25 de juny<\/strong><\/p>\n\n\n\n<p>La jornada del 25 de juny s&#8217;inicia a la Sala 7 amb la confer\u00e8ncia \u2018Preproducci\u00f3 en ordre\u2019 a c\u00e0rrec de Lorena Torres de la productora The Fly Hunter. La sessi\u00f3 matinal es tanca amb una taula redona sobre m\u00fasica en els curtmetratges en la qual intervenen els compositors Arnau Bataller i Isabel Latorre; el compositor i professor de M\u00fasica Audiovisual i Disseny de So de la Universitat Polit\u00e8cnica de Val\u00e8ncia, Francisco de Zulueta Daurat, moderada per la subdirectora del Palau de la M\u00fasica, Nieves Pascual.<\/p>\n\n\n\n<p>&#8216;Curt Creixent&#8217; culmina en la Filmoteca Valenciana, amb una projecci\u00f3, a les 17.30 hores, de tres curtmetratges de la cooperativa Rua Escura: &#8216;Tanganhom&#8217; (2023), de V\u00edtor Covelo; \u2018Quando a terra foge\u2019 (2024), de Frederico Llop; i &#8216;Campos Belos&#8217; (2023), de David Ferreira. La sessi\u00f3 ser\u00e0 presentada per Frederico Llop de Rua Escura.<\/p>\n","protected":false},"excerpt":{"rendered":"<div class=\"mh-excerpt\">L&#8217;onzena edici\u00f3 d&#8217;aquestes trobades del curtmetratge se celebra del 23 al 25 de juny de 2025 en el marc de Cinema Jove. La Conselleria d&#8217;Educaci\u00f3, Cultura, Universitats i Ocupaci\u00f3, a trav\u00e9s del Institut Valenci\u00e0 de <a class=\"mh-excerpt-more\" href=\"https:\/\/www.tucomarca.com\/wordpress\/segunda\/ca\/el-institut-valencia-de-cultura-presenta-el-programa-dactivitats-de-curt-creixent\/\" title=\"El Institut Valenci\u00e0 de Cultura presenta el programa d&#8217;activitats de &#8216;Curt Creixent&#8217;\">[+] <\/a><\/div>\n","protected":false},"author":12,"featured_media":268222,"comment_status":"open","ping_status":"open","sticky":false,"template":"","format":"standard","meta":{"footnotes":""},"categories":[11019,10894,10904,11007,10896],"tags":[22446,22280,13274,17761],"class_list":{"0":"post-268225","1":"post","2":"type-post","3":"status-publish","4":"format-standard","5":"has-post-thumbnail","7":"category-agenda-ca","8":"category-la-comarca-ca","9":"category-sin-categorizar-ca","10":"category-ocio-y-cultura-ca","11":"category-seccion-ca","12":"tag-cinema-jove-ca","13":"tag-curt-creixent-ca","14":"tag-institut-valencia-de-cultura-ca","15":"tag-ivc-ca"},"_links":{"self":[{"href":"https:\/\/www.tucomarca.com\/wordpress\/segunda\/ca\/wp-json\/wp\/v2\/posts\/268225","targetHints":{"allow":["GET"]}}],"collection":[{"href":"https:\/\/www.tucomarca.com\/wordpress\/segunda\/ca\/wp-json\/wp\/v2\/posts"}],"about":[{"href":"https:\/\/www.tucomarca.com\/wordpress\/segunda\/ca\/wp-json\/wp\/v2\/types\/post"}],"author":[{"embeddable":true,"href":"https:\/\/www.tucomarca.com\/wordpress\/segunda\/ca\/wp-json\/wp\/v2\/users\/12"}],"replies":[{"embeddable":true,"href":"https:\/\/www.tucomarca.com\/wordpress\/segunda\/ca\/wp-json\/wp\/v2\/comments?post=268225"}],"version-history":[{"count":0,"href":"https:\/\/www.tucomarca.com\/wordpress\/segunda\/ca\/wp-json\/wp\/v2\/posts\/268225\/revisions"}],"wp:featuredmedia":[{"embeddable":true,"href":"https:\/\/www.tucomarca.com\/wordpress\/segunda\/ca\/wp-json\/wp\/v2\/media\/268222"}],"wp:attachment":[{"href":"https:\/\/www.tucomarca.com\/wordpress\/segunda\/ca\/wp-json\/wp\/v2\/media?parent=268225"}],"wp:term":[{"taxonomy":"category","embeddable":true,"href":"https:\/\/www.tucomarca.com\/wordpress\/segunda\/ca\/wp-json\/wp\/v2\/categories?post=268225"},{"taxonomy":"post_tag","embeddable":true,"href":"https:\/\/www.tucomarca.com\/wordpress\/segunda\/ca\/wp-json\/wp\/v2\/tags?post=268225"}],"curies":[{"name":"wp","href":"https:\/\/api.w.org\/{rel}","templated":true}]}}