{"id":268234,"date":"2025-06-04T09:40:00","date_gmt":"2025-06-04T07:40:00","guid":{"rendered":"https:\/\/www.tucomarca.com\/wordpress\/segunda\/?p=268234"},"modified":"2025-06-04T18:10:07","modified_gmt":"2025-06-04T16:10:07","slug":"xiva-semociona-amb-lestrena-de-la-tercera-simfonia-jalupe-de-luis-serrano-alarcon","status":"publish","type":"post","link":"https:\/\/www.tucomarca.com\/wordpress\/segunda\/ca\/xiva-semociona-amb-lestrena-de-la-tercera-simfonia-jalupe-de-luis-serrano-alarcon\/","title":{"rendered":"Xiva s&#8217;emociona amb l&#8217;estrena de la Tercera Simfonia &#8216;Jalupe&#8217; de Luis Serrano Alarc\u00f3n"},"content":{"rendered":"\n<h3 class=\"wp-block-heading\"><strong>El Teatro Astoria de la localitat natal del compositor registra un ple absolut per a assistir a la interpretaci\u00f3 de l&#8217;obra que Serrano Alarc\u00f3n dedica al seu germ\u00e0 Fernando, dirigint a la S. M. La Art\u00edstica del municipi<\/strong>.<\/h3>\n\n\n\n<h3 class=\"wp-block-heading\"><strong>Amb aquest concert, el director i compositor tanca una gira mundial per escenaris de Madrid, el Jap\u00f3, els Estats Units i Col\u00f2mbia<\/strong>.<\/h3>\n\n\n\n<p>Un emotiu concert en el Teatro Astoria de Chiva ha posat fi a la gira mundial de Luis Serrano Alarc\u00f3n per a la presentaci\u00f3 de la seua Simfonia n\u00fam. 3 &#8216;Jalupe&#8221;, una obra que el compositor ha dedicat a la mem\u00f2ria del seu germ\u00e0 Fernando.<\/p>\n\n\n\n<p>El mateix Serrano Alarc\u00f3n explica: &#8220;des del primer moment en el qual comen\u00e7\u00e0rem a viatjar pel m\u00f3n per a l&#8217;estrena de l&#8217;obra, vaig saber que tot adquiriria sentit amb el concert final a Chiva, perqu\u00e8 \u00e9s el poble en el qual vaig cr\u00e9ixer al costat del meu germ\u00e0 Fernando, on vaig comen\u00e7ar tant la meua formaci\u00f3 musical com els meus primers passos professionals i on, en definitiva, em sent a casa&#8221;.<\/p>\n\n\n\n<p>Per a l&#8217;ocasi\u00f3, el compositor valenci\u00e0 es va posar al capdavant de la Societat Musical L&#8217;Art\u00edstica de Chiva, a la qual es van unir diferents m\u00fasics amb els quals Luis Serrano Alarc\u00f3n ha compartit escenari al llarg de la seua traject\u00f2ria professional, en el que, segons les seues pr\u00f2pies paraules, &#8220;ha sigut el concert amb major c\u00e0rrega emocional de tota la meua vida&#8221;.<\/p>\n\n\n\n<p>L&#8217;ajuntament de Chiva va estar representat pel seu alcalde, Ernesto Navarro, el regidor d&#8217;Educaci\u00f3, Cultura i Joventut, H\u00e9ctor Tar\u00edn, aix\u00ed com altres membres de la corporaci\u00f3 municipal.<\/p>\n\n\n\n<p>L&#8217;alcalde va lliurar al compositor d&#8217;una imatge commemorativa del concert, i va manifestar que &#8220;per a Chiva, que tradicionalment ha sigut una terra de grans m\u00fasics, comptar amb una figura de prestigi internacional com Luis Serrano Alarc\u00f3n suposa un verdader luxe perqu\u00e8 porta el nom del nostre poble pels escenaris m\u00e9s prestigiosos del panorama musical&#8221;.<\/p>\n\n\n\n<p>La jornada va culminar amb la interpretaci\u00f3 d&#8217;una de les obres m\u00e9s conegudes de Luis Serrano Alarc\u00f3n, &#8216;El Torico de la Corda&#8217;, &#8220;probablement la que m\u00e9s vegades s&#8217;ha interpretat de tot el meu repertori&#8221;, explica el mateix autor.&nbsp;<\/p>\n\n\n\n<p><strong>Concerts a Europa, \u00c0sia i Am\u00e8rica<\/strong><\/p>\n\n\n\n<p>Este concert ha suposat la culminaci\u00f3 d&#8217;una gira que va comen\u00e7ar el mes de desembre passat del Jap\u00f3, al costat de la Senzoku Gakuen College of Music de Kawasaki; per a continuaci\u00f3 procedir a la seua estrena europea en el Teatro Monumental de Madrid, amb la interpretaci\u00f3 de la Banda Simf\u00f2nica Municipal de la capital d&#8217;Espanya.<\/p>\n\n\n\n<p>Este cicle de concerts va continuar als Estats Units, on Serrano Alarc\u00f3n va dirigir a la prestigiosa Cleveland Winds; i a la ciutat de Lexington, en l&#8217;estat de Kentucky, posant-se al capdavant de la University of Kentucky Wind Symphony. La gira americana va fer tamb\u00e9 parada a Medell\u00edn per a dirigir la Banda Simf\u00f2nica Nacional de Col\u00f2mbia, abans d&#8217;emprendre el retorn a Espanya.&nbsp;<\/p>\n\n\n\n<p><strong>Traject\u00f2ria internacional<\/strong><\/p>\n\n\n\n<p>Nascut a Val\u00e8ncia en 1972, Luis Serrano Alarc\u00f3n ha desenrotllat una \u00e0mplia traject\u00f2ria com a compositor i director de bandes simf\u00f2niques, amb obres interpretades en m\u00e9s de 30 pa\u00efsos. El seu treball ha sigut reconegut en diferents cert\u00e0mens internacionals i forma part del repertori de prestigioses agrupacions musicals.&nbsp;<\/p>\n\n\n\n<p>Entre els guardons rebuts, figura el Primer Premi en el Concurs Internacional de Composici\u00f3 de M\u00fasica per a Banda de Corciano (It\u00e0lia), aconseguit en dos ocasions (2006 i 2009). En 2010 va ser distingit amb el Premi Euterpe de la Federaci\u00f3 de Societats Musicals de la Comunitat Valenciana a la Millor Composici\u00f3 de M\u00fasica Simf\u00f2nica, i en 2011 la seua obra \u2018Duende va ser premiada com la Millor Edici\u00f3 d&#8217;Obra Cl\u00e0ssica en els Premis de la M\u00fasica.<\/p>\n\n\n\n<p>En l&#8217;actualitat, compagina la seua labor com a director de la Banda Simf\u00f2nica de l&#8217;Ateneu Musical del Port de Val\u00e8ncia amb la seua activitat docent en el Conservatori Superior de M\u00fasica \u2018Joaqu\u00edn Rodrigo\u2019 de Val\u00e8ncia, des d&#8217;on continua impulsant la creaci\u00f3 i difusi\u00f3 de la m\u00fasica per a banda a nivell global.<\/p>\n","protected":false},"excerpt":{"rendered":"<div class=\"mh-excerpt\">El Teatro Astoria de la localitat natal del compositor registra un ple absolut per a assistir a la interpretaci\u00f3 de l&#8217;obra que Serrano Alarc\u00f3n dedica al seu germ\u00e0 Fernando, dirigint a la S. M. La <a class=\"mh-excerpt-more\" href=\"https:\/\/www.tucomarca.com\/wordpress\/segunda\/ca\/xiva-semociona-amb-lestrena-de-la-tercera-simfonia-jalupe-de-luis-serrano-alarcon\/\" title=\"Xiva s&#8217;emociona amb l&#8217;estrena de la Tercera Simfonia &#8216;Jalupe&#8217; de Luis Serrano Alarc\u00f3n\">[+] <\/a><\/div>\n","protected":false},"author":12,"featured_media":268233,"comment_status":"open","ping_status":"open","sticky":false,"template":"","format":"standard","meta":{"footnotes":""},"categories":[11005,10894,10912,11007,10896,10975],"tags":[11195,22476,10914,21954,14188],"class_list":{"0":"post-268234","1":"post","2":"type-post","3":"status-publish","4":"format-standard","5":"has-post-thumbnail","7":"category-canal-musica","8":"category-la-comarca-ca","9":"category-la-hoya-ca","10":"category-ocio-y-cultura-ca","11":"category-seccion-ca","12":"category-chiva-ca","13":"tag-chiva-ca","14":"tag-jalupe-ca","15":"tag-la-hoya-de-bunol-chiva-ca","16":"tag-luis-serrano-alarcon-ca","17":"tag-sm-la-artistica-de-chiva-2-ca"},"_links":{"self":[{"href":"https:\/\/www.tucomarca.com\/wordpress\/segunda\/ca\/wp-json\/wp\/v2\/posts\/268234","targetHints":{"allow":["GET"]}}],"collection":[{"href":"https:\/\/www.tucomarca.com\/wordpress\/segunda\/ca\/wp-json\/wp\/v2\/posts"}],"about":[{"href":"https:\/\/www.tucomarca.com\/wordpress\/segunda\/ca\/wp-json\/wp\/v2\/types\/post"}],"author":[{"embeddable":true,"href":"https:\/\/www.tucomarca.com\/wordpress\/segunda\/ca\/wp-json\/wp\/v2\/users\/12"}],"replies":[{"embeddable":true,"href":"https:\/\/www.tucomarca.com\/wordpress\/segunda\/ca\/wp-json\/wp\/v2\/comments?post=268234"}],"version-history":[{"count":0,"href":"https:\/\/www.tucomarca.com\/wordpress\/segunda\/ca\/wp-json\/wp\/v2\/posts\/268234\/revisions"}],"wp:featuredmedia":[{"embeddable":true,"href":"https:\/\/www.tucomarca.com\/wordpress\/segunda\/ca\/wp-json\/wp\/v2\/media\/268233"}],"wp:attachment":[{"href":"https:\/\/www.tucomarca.com\/wordpress\/segunda\/ca\/wp-json\/wp\/v2\/media?parent=268234"}],"wp:term":[{"taxonomy":"category","embeddable":true,"href":"https:\/\/www.tucomarca.com\/wordpress\/segunda\/ca\/wp-json\/wp\/v2\/categories?post=268234"},{"taxonomy":"post_tag","embeddable":true,"href":"https:\/\/www.tucomarca.com\/wordpress\/segunda\/ca\/wp-json\/wp\/v2\/tags?post=268234"}],"curies":[{"name":"wp","href":"https:\/\/api.w.org\/{rel}","templated":true}]}}