{"id":268289,"date":"2025-06-04T09:55:00","date_gmt":"2025-06-04T07:55:00","guid":{"rendered":"https:\/\/www.tucomarca.com\/wordpress\/segunda\/?p=268289"},"modified":"2025-06-04T22:02:23","modified_gmt":"2025-06-04T20:02:23","slug":"la-diputacio-i-la-fundacio-valencia-cf-porten-a-gavarda-lexposicio-sobre-la-llegenda-valencianista-puchades","status":"publish","type":"post","link":"https:\/\/www.tucomarca.com\/wordpress\/segunda\/ca\/la-diputacio-i-la-fundacio-valencia-cf-porten-a-gavarda-lexposicio-sobre-la-llegenda-valencianista-puchades\/","title":{"rendered":"La Diputaci\u00f3 i la Fundaci\u00f3 Val\u00e8ncia CF porten a Gavarda l&#8217;exposici\u00f3 sobre la llegenda valencianista Puchades"},"content":{"rendered":"\n<h3 class=\"wp-block-heading\"><strong>La mostra \u2018Els nostres \u00eddols. Puchades\u2019, que commemora els 100 anys del naixement del futbolista, s&#8217;inaugura este dimecres i podr\u00e0 visitar-se fins al 20 de juny a l&#8217;ajuntament de la localitat<\/strong>.<\/h3>\n\n\n\n<h3 class=\"wp-block-heading\"><strong>Despr\u00e9s del seu pas pel Palau dels Scala de la Diputaci\u00f3 a Val\u00e8ncia, i per la Casa de la Cultura d&#8217;Utiel, l&#8217;exposici\u00f3 itinerant arriba a Gavarda abans de rec\u00f3rrer Alfafar i Sueca, municipi de naixement de l&#8217;estrela che<\/strong>.<\/h3>\n\n\n\n<p>La Diputaci\u00f3 de Val\u00e8ncia i la Fundaci\u00f3 Val\u00e8ncia CF continuen portant l&#8217;exposici\u00f3 sobre la llegenda valencianista Antonio Puchades a diferents municipis de la prov\u00edncia. \u2018Els nostres \u00eddols. Puchades\u2019 s&#8217;inaugura este dimecres, just el dia en qu\u00e8 el futbolista nascut a Sueca compliria 100 anys, a l&#8217;Ajuntament de Gavarda, on permaneixer\u00e0 oberta fins al pr\u00f2xim 20 de juny.<\/p>\n\n\n<div class=\"wp-block-image\">\n<figure class=\"alignleft size-large is-resized\"><img loading=\"lazy\" decoding=\"async\" width=\"728\" height=\"1024\" src=\"http:\/\/www.tucomarca.com\/wordpress\/segunda\/wp-content\/uploads\/2025\/06\/GavardaPuchades-728x1024.jpg\" alt=\"\" class=\"wp-image-268285\" style=\"width:396px;height:auto\" srcset=\"https:\/\/www.tucomarca.com\/wordpress\/segunda\/wp-content\/uploads\/2025\/06\/GavardaPuchades-728x1024.jpg 728w, https:\/\/www.tucomarca.com\/wordpress\/segunda\/wp-content\/uploads\/2025\/06\/GavardaPuchades-213x300.jpg 213w, https:\/\/www.tucomarca.com\/wordpress\/segunda\/wp-content\/uploads\/2025\/06\/GavardaPuchades-768x1080.jpg 768w, https:\/\/www.tucomarca.com\/wordpress\/segunda\/wp-content\/uploads\/2025\/06\/GavardaPuchades.jpg 886w\" sizes=\"auto, (max-width: 728px) 100vw, 728px\" \/><\/figure>\n<\/div>\n\n\n<p>La mostra s&#8217;engloba dins dels actes que estan tenint lloc per l&#8217;Any Puchades que celebra l&#8217;Ajuntament de Sueca, localitat natal de la llegenda valencianista, en commemoraci\u00f3 pels 100 anys del seu naixement. Despr\u00e9s de passar per la seu central de la Diputaci\u00f3 a Val\u00e8ncia i per la Casa de la Cultura d&#8217;Utiel, l&#8217;exposici\u00f3 arriba a Gavarda. Est\u00e0 previst que tamb\u00e9 s&#8217;instal\u00b7le en el municipi d&#8217;Alfafar, abans de finalitzar el seu recorregut a Sueca a l&#8217;octubre, on tancar\u00e0 l&#8217;Any Puchades coincidint amb la Setmana de l&#8217;Esport.<\/p>\n\n\n\n<p>L&#8217;acte d&#8217;inauguraci\u00f3 comptar\u00e0 amb la pres\u00e8ncia del president de la instituci\u00f3 provincial i alcalde de Gavarda, Vicent Momp\u00f3; els exfutbolistes Juan Giner i Ricardo Arias; la directora de la Fundaci\u00f3 Val\u00e8ncia CF, Inma Ib\u00e1\u00f1ez; les nebodes del mateix Antonio Puchades; el president de l&#8217;Agrupaci\u00f3 de Penyes del Val\u00e8ncia, Fede Sagreras; i la regidora de Sueca, Carolina Torres.<\/p>\n\n\n\n<p>El president de la Diputaci\u00f3 de Val\u00e8ncia i alcalde de Gavarda, Vicent Momp\u00f3, expressa la seua alegria per \u201cl&#8217;oportunitat que t\u00e9 Gavarda d&#8217;acollir esta exposici\u00f3. Els ve\u00efns d&#8217;este i altres pobles de la zona podran disfrutar d&#8217;una mostra itinerant sobre la vida de Tonico Puchades, un exemple de comprom\u00eds i amor pels seus colors i per la seua terra. Una vegada m\u00e9s la Diputaci\u00f3 porta la cultura als municipis perqu\u00e8 tots els habitants de la prov\u00edncia coneguen les seues activitats sense necessitat de despla\u00e7ar-se fins a la capital\u201d.<\/p>\n\n\n\n<p>L&#8217;exposici\u00f3 recorre la traject\u00f2ria personal i esportiva d&#8217;Antonio Puchades, \u201cla qual cosa ens permet, a tots el que no hem tingut la sort de veure-ho jugar en directe, comprendre la magnitud de la seua figura, d&#8217;un futbolista que ho donava tot en el camp, amb coratge, intel\u00b7lig\u00e8ncia i, sobretot, amb un sentiment de pertinen\u00e7a indestructible\u201d, subratlla Momp\u00f3.<\/p>\n\n\n\n<p>Entre els objectes i peces hist\u00f2riques que es poden contemplar en la mostra \u2018Els nostres \u00eddols. Puchades\u2019, destaquen la samarreta amb el sis a l&#8217;esquena que va lluir amb Espa\u00f1a, la torxa ol\u00edmpica que va portar en 1992, el seu primer contracte amb el Val\u00e8ncia CF o cromos amb l&#8217;escut del ratpenat.<\/p>\n\n\n\n<p><strong>El Valencia CF i la Selecci\u00f3n<\/strong><\/p>\n\n\n\n<p>Antonio Puchades, nascut a Sueca l&#8217;any 1925, va fitxar pel Val\u00e8ncia CF en l&#8217;estiu de 1946 procedent de la Societat Esportiva Sueca, que va rebre 5.000 pessetes pel trasp\u00e0s. En la seua primera temporada en el club a penes va tindre minuts en un equip que va acabar guanyant la Lliga, l&#8217;\u00faltim gran triomf de la davantera el\u00e8ctrica que va marcar una de les etapes daurades de l&#8217;entitat. Puchades va jugar 300 partits oficials amb el Val\u00e8ncia CF, en els quals va conquistar la Lliga del 47 i les Copes del 49 i el 54.<\/p>\n\n\n\n<p>El m\u00edtic \u20186\u2019 blanc-i-negre, que va marcar el cam\u00ed a Claramunt, Albelda o Mendieta, entre altres, va vestir en 23 ocasions la samarreta de la Selecci\u00f3n i va ser reconegut com el millor migcampista del m\u00f3n en el Mundial de 1950 al Brasil. La parella de ball de Pasieguito en la medul\u00b7lar che de finals dels 40 i principis dels 50 va poder jugar en el Real Madrid i l&#8217;FC Barcelona, per\u00f2 sempre va tindre molt clar que \u201cl&#8217;honor d&#8217;un xic suecano \u00e9s jugar al Val\u00e8ncia\u201d. I aix\u00ed ho va fer fins que va penjar les botes en 1958 per un problema de ci\u00e0tica.<\/p>\n\n\n\n<p>Antonio Puchades Casanova forma part de l&#8217;imaginari valencianista. Des de la seua defunci\u00f3 al maig de 2013, Tonico es troba en el m\u00e9s alt de l&#8217;olimp de Mestalla, representant en tota la seua magnitud la categoria de llegenda. Una llegenda forjada en la humilitat i la quotidianitat de la valencian\u00eda, com ho va reflectir el pintor Conrado Meseguer, amb la seua indument\u00e0ria de futbolista i envoltat de camps d&#8217;arr\u00f2s, dels camps que va cultivar en el seu Sueca natal.<\/p>\n","protected":false},"excerpt":{"rendered":"<div class=\"mh-excerpt\">La mostra \u2018Els nostres \u00eddols. Puchades\u2019, que commemora els 100 anys del naixement del futbolista, s&#8217;inaugura este dimecres i podr\u00e0 visitar-se fins al 20 de juny a l&#8217;ajuntament de la localitat. Despr\u00e9s del seu pas <a class=\"mh-excerpt-more\" href=\"https:\/\/www.tucomarca.com\/wordpress\/segunda\/ca\/la-diputacio-i-la-fundacio-valencia-cf-porten-a-gavarda-lexposicio-sobre-la-llegenda-valencianista-puchades\/\" title=\"La Diputaci\u00f3 i la Fundaci\u00f3 Val\u00e8ncia CF porten a Gavarda l&#8217;exposici\u00f3 sobre la llegenda valencianista Puchades\">[+] <\/a><\/div>\n","protected":false},"author":12,"featured_media":268284,"comment_status":"open","ping_status":"open","sticky":false,"template":"","format":"standard","meta":{"footnotes":""},"categories":[11015,11003,10898,10993,10894,10902,10896],"tags":[11246,21046,22585,11356,12606,16563],"class_list":{"0":"post-268289","1":"post","2":"type-post","3":"status-publish","4":"format-standard","5":"has-post-thumbnail","7":"category-canal-futbol","8":"category-sports","9":"category-ventana-ca","10":"category-gavarda-ca","11":"category-la-comarca-ca","12":"category-la-ribera-ca","13":"category-seccion-ca","14":"tag-diputacio-de-valencia-ca","15":"tag-gavarda-ca","16":"tag-puchades-ca","17":"tag-ribera-alta-ca","18":"tag-valencia-cf-ca","19":"tag-vicente-mompo-ca"},"_links":{"self":[{"href":"https:\/\/www.tucomarca.com\/wordpress\/segunda\/ca\/wp-json\/wp\/v2\/posts\/268289","targetHints":{"allow":["GET"]}}],"collection":[{"href":"https:\/\/www.tucomarca.com\/wordpress\/segunda\/ca\/wp-json\/wp\/v2\/posts"}],"about":[{"href":"https:\/\/www.tucomarca.com\/wordpress\/segunda\/ca\/wp-json\/wp\/v2\/types\/post"}],"author":[{"embeddable":true,"href":"https:\/\/www.tucomarca.com\/wordpress\/segunda\/ca\/wp-json\/wp\/v2\/users\/12"}],"replies":[{"embeddable":true,"href":"https:\/\/www.tucomarca.com\/wordpress\/segunda\/ca\/wp-json\/wp\/v2\/comments?post=268289"}],"version-history":[{"count":0,"href":"https:\/\/www.tucomarca.com\/wordpress\/segunda\/ca\/wp-json\/wp\/v2\/posts\/268289\/revisions"}],"wp:featuredmedia":[{"embeddable":true,"href":"https:\/\/www.tucomarca.com\/wordpress\/segunda\/ca\/wp-json\/wp\/v2\/media\/268284"}],"wp:attachment":[{"href":"https:\/\/www.tucomarca.com\/wordpress\/segunda\/ca\/wp-json\/wp\/v2\/media?parent=268289"}],"wp:term":[{"taxonomy":"category","embeddable":true,"href":"https:\/\/www.tucomarca.com\/wordpress\/segunda\/ca\/wp-json\/wp\/v2\/categories?post=268289"},{"taxonomy":"post_tag","embeddable":true,"href":"https:\/\/www.tucomarca.com\/wordpress\/segunda\/ca\/wp-json\/wp\/v2\/tags?post=268289"}],"curies":[{"name":"wp","href":"https:\/\/api.w.org\/{rel}","templated":true}]}}