{"id":268328,"date":"2025-06-05T09:50:00","date_gmt":"2025-06-05T07:50:00","guid":{"rendered":"https:\/\/www.tucomarca.com\/wordpress\/segunda\/?p=268328"},"modified":"2025-06-05T09:51:51","modified_gmt":"2025-06-05T07:51:51","slug":"la-guardia-civil-desmantella-una-dotzena-de-plantacions-de-marihuana-a-la-ribera-alta","status":"publish","type":"post","link":"https:\/\/www.tucomarca.com\/wordpress\/segunda\/ca\/la-guardia-civil-desmantella-una-dotzena-de-plantacions-de-marihuana-a-la-ribera-alta\/","title":{"rendered":"La Gu\u00e0rdia Civil desmantella una dotzena de plantacions de marihuana a la Ribera Alta"},"content":{"rendered":"\n<h3 class=\"wp-block-heading\">S&#8217;han confiscat prop de 2.000 plantes de c\u00e0nnabis, m\u00e9s de set quilograms de cabdells secs preparats per a la venda i una arma de foc municionada i llista per a ser usada.<\/h3>\n\n\n\n<p>La Gu\u00e0rdia Civil ha detingut, en el marc de l&#8217;operaci\u00f3 \u2018HighBank 38\u2019, a quatre persones com a responsables de mitja dotzena de plantacions de marihuana situades en localitats de la Ribera Alta.<\/p>\n\n\n\n<p>A la fi de l&#8217;any passat, els agents van iniciar una investigaci\u00f3 per a comprovar la possible exist\u00e8ncia de cultius il\u00b7legals de c\u00e0nnabis a l&#8217;interior de diversos habitatges de la localitat d&#8217;Alc\u00e0ntera de X\u00faquer. Les perquisicions, desenvolupades per efectius de la Gu\u00e0rdia Civil de Carlet i X\u00e0tiva, van permetre identificar als membres de l&#8217;organitzaci\u00f3 i confirmar que comptaven amb diverses instal\u00b7lacions destinades al cultiu.<\/p>\n\n\n\n<p>Despr\u00e9s de l&#8217;autoritzaci\u00f3 per part del jutjat, es va procedir a principis del mes de maig a l&#8217;entrada i registre de sis immobles situats a Carlet, Benimodo, Alc\u00e0ntera de X\u00faquer i C\u00e0rcer. En total es van desmantellar dotze estades habilitades per al cultiu interior de plantes de marihuana.<\/p>\n\n\n\n<figure class=\"wp-block-gallery has-nested-images columns-default is-cropped wp-block-gallery-1 is-layout-flex wp-block-gallery-is-layout-flex\">\n<figure class=\"wp-block-image size-large\"><img loading=\"lazy\" decoding=\"async\" width=\"1024\" height=\"576\" data-id=\"268325\" src=\"https:\/\/www.tucomarca.com\/wordpress\/segunda\/wp-content\/uploads\/2025\/06\/GC3-1024x576.jpg\" alt=\"\" class=\"wp-image-268325\" srcset=\"https:\/\/www.tucomarca.com\/wordpress\/segunda\/wp-content\/uploads\/2025\/06\/GC3-1024x576.jpg 1024w, https:\/\/www.tucomarca.com\/wordpress\/segunda\/wp-content\/uploads\/2025\/06\/GC3-300x169.jpg 300w, https:\/\/www.tucomarca.com\/wordpress\/segunda\/wp-content\/uploads\/2025\/06\/GC3-768x432.jpg 768w, https:\/\/www.tucomarca.com\/wordpress\/segunda\/wp-content\/uploads\/2025\/06\/GC3-1536x864.jpg 1536w, https:\/\/www.tucomarca.com\/wordpress\/segunda\/wp-content\/uploads\/2025\/06\/GC3-678x381.jpg 678w, https:\/\/www.tucomarca.com\/wordpress\/segunda\/wp-content\/uploads\/2025\/06\/GC3.jpg 1920w\" sizes=\"auto, (max-width: 1024px) 100vw, 1024px\" \/><\/figure>\n\n\n\n<figure class=\"wp-block-image size-large\"><img loading=\"lazy\" decoding=\"async\" width=\"1024\" height=\"576\" data-id=\"268323\" src=\"https:\/\/www.tucomarca.com\/wordpress\/segunda\/wp-content\/uploads\/2025\/06\/GC2-1024x576.jpg\" alt=\"\" class=\"wp-image-268323\" srcset=\"https:\/\/www.tucomarca.com\/wordpress\/segunda\/wp-content\/uploads\/2025\/06\/GC2-1024x576.jpg 1024w, https:\/\/www.tucomarca.com\/wordpress\/segunda\/wp-content\/uploads\/2025\/06\/GC2-300x169.jpg 300w, https:\/\/www.tucomarca.com\/wordpress\/segunda\/wp-content\/uploads\/2025\/06\/GC2-768x432.jpg 768w, https:\/\/www.tucomarca.com\/wordpress\/segunda\/wp-content\/uploads\/2025\/06\/GC2-1536x864.jpg 1536w, https:\/\/www.tucomarca.com\/wordpress\/segunda\/wp-content\/uploads\/2025\/06\/GC2-678x381.jpg 678w, https:\/\/www.tucomarca.com\/wordpress\/segunda\/wp-content\/uploads\/2025\/06\/GC2.jpg 1920w\" sizes=\"auto, (max-width: 1024px) 100vw, 1024px\" \/><\/figure>\n<\/figure>\n\n\n\n<p>Durant els registres es van localitzar una arma de foc curta municionada i llista per al seu \u00fas, cartutxos de diferents calibres, 1.989 plantes de c\u00e0nnabis, 7,63 quilograms de cabdells de c\u00e0nnabis sec preparats per a la venda, 3,79 quilograms de picada de c\u00e0nnabis i 6.495 euros en efectiu. Tamb\u00e9 es van trobar nombrosos equips destinats al cultiu: 205 panells led d&#8217;\u00faltima generaci\u00f3, aparells d&#8217;aire condicionat, filtres de carboni i altres dispositius necessaris per a mantindre les plantacions actives.<\/p>\n\n\n\n<p>L&#8217;arma trobada figurava com sostreta a Cro\u00e0cia per la qual cosa va ser remesa al Laboratori de Policia Judicial per a investigar la seua possible implicaci\u00f3 en altres fets delictius.<\/p>\n\n\n\n<p>Per aquests fets han sigut detinguts tres homes de 57,53 i 45 anys i una dona de 44 anys, entre els quals es troba el l\u00edder de l&#8217;organitzaci\u00f3. Se&#8217;ls atribueixen delictes de tr\u00e0fic de drogues, cultiu de subst\u00e0ncies estupefaents, defraudaci\u00f3 del fluid el\u00e8ctric, pertinen\u00e7a a grup criminal i tinen\u00e7a il\u00b7l\u00edcita d&#8217;armes.<\/p>\n","protected":false},"excerpt":{"rendered":"<div class=\"mh-excerpt\">S&#8217;han confiscat prop de 2.000 plantes de c\u00e0nnabis, m\u00e9s de set quilograms de cabdells secs preparats per a la venda i una arma de foc municionada i llista per a ser usada. La Gu\u00e0rdia Civil <a class=\"mh-excerpt-more\" href=\"https:\/\/www.tucomarca.com\/wordpress\/segunda\/ca\/la-guardia-civil-desmantella-una-dotzena-de-plantacions-de-marihuana-a-la-ribera-alta\/\" title=\"La Gu\u00e0rdia Civil desmantella una dotzena de plantacions de marihuana a la Ribera Alta\">[+] <\/a><\/div>\n","protected":false},"author":12,"featured_media":268322,"comment_status":"open","ping_status":"open","sticky":false,"template":"","format":"gallery","meta":{"footnotes":""},"categories":[10981,10988,11053,10990,10898,10948,10894,10902,10896,10897],"tags":[13152,11118,11356],"class_list":{"0":"post-268328","1":"post","2":"type-post","3":"status-publish","4":"format-gallery","5":"has-post-thumbnail","7":"category-alcantera-de-xuquer-ca","8":"category-benimodo-ca","9":"category-carcer-ca","10":"category-carlet-ca","11":"category-ventana-ca","12":"category-infraestructuras-ca","13":"category-la-comarca-ca","14":"category-la-ribera-ca","15":"category-seccion-ca","16":"category-sucesos-la-comarca-ca","17":"tag-drogas-ca","18":"tag-guardia-civil-ca","19":"tag-ribera-alta-ca","20":"post_format-post-format-gallery"},"_links":{"self":[{"href":"https:\/\/www.tucomarca.com\/wordpress\/segunda\/ca\/wp-json\/wp\/v2\/posts\/268328","targetHints":{"allow":["GET"]}}],"collection":[{"href":"https:\/\/www.tucomarca.com\/wordpress\/segunda\/ca\/wp-json\/wp\/v2\/posts"}],"about":[{"href":"https:\/\/www.tucomarca.com\/wordpress\/segunda\/ca\/wp-json\/wp\/v2\/types\/post"}],"author":[{"embeddable":true,"href":"https:\/\/www.tucomarca.com\/wordpress\/segunda\/ca\/wp-json\/wp\/v2\/users\/12"}],"replies":[{"embeddable":true,"href":"https:\/\/www.tucomarca.com\/wordpress\/segunda\/ca\/wp-json\/wp\/v2\/comments?post=268328"}],"version-history":[{"count":0,"href":"https:\/\/www.tucomarca.com\/wordpress\/segunda\/ca\/wp-json\/wp\/v2\/posts\/268328\/revisions"}],"wp:featuredmedia":[{"embeddable":true,"href":"https:\/\/www.tucomarca.com\/wordpress\/segunda\/ca\/wp-json\/wp\/v2\/media\/268322"}],"wp:attachment":[{"href":"https:\/\/www.tucomarca.com\/wordpress\/segunda\/ca\/wp-json\/wp\/v2\/media?parent=268328"}],"wp:term":[{"taxonomy":"category","embeddable":true,"href":"https:\/\/www.tucomarca.com\/wordpress\/segunda\/ca\/wp-json\/wp\/v2\/categories?post=268328"},{"taxonomy":"post_tag","embeddable":true,"href":"https:\/\/www.tucomarca.com\/wordpress\/segunda\/ca\/wp-json\/wp\/v2\/tags?post=268328"}],"curies":[{"name":"wp","href":"https:\/\/api.w.org\/{rel}","templated":true}]}}