{"id":268391,"date":"2025-06-05T09:55:00","date_gmt":"2025-06-05T07:55:00","guid":{"rendered":"https:\/\/www.tucomarca.com\/wordpress\/segunda\/?p=268391"},"modified":"2025-06-05T14:42:47","modified_gmt":"2025-06-05T12:42:47","slug":"millars-acull-el-desafiament-terres-del-xuquer-amb-proves-de-gravel-i-mtb","status":"publish","type":"post","link":"https:\/\/www.tucomarca.com\/wordpress\/segunda\/ca\/millars-acull-el-desafiament-terres-del-xuquer-amb-proves-de-gravel-i-mtb\/","title":{"rendered":"Millars acull el \u201cDesafiament Terres del X\u00faquer\u201d amb proves de Gravel i MTB"},"content":{"rendered":"\n<p>El pr\u00f2xim 15 de juny, el municipi de Millars ser\u00e0 escenari del \u201cDesafiament Terres del X\u00faquer &#8211; La Val\u00e8ncia Gravely\u201d, una jornada esportiva que reunir\u00e0 ciclistes en dues modalitats: Gravel i MTB (BTT).<\/p>\n\n\n\n<p>La prova, organitzada per \u00c0rea Sports 11 en col\u00b7laboraci\u00f3 amb l&#8217;Ajuntament de Millars, comptar\u00e0 amb recorreguts exclusius per a cada disciplina, la qual cosa permetr\u00e0 als participants gaudir de l&#8217;entorn natural de Millars adaptat a cada tipus de bicicleta.<\/p>\n\n\n\n<p>L&#8217;esdeveniment promet ser un referent per als amants del ciclisme d&#8217;aventura, combinant esport, naturalesa i desafiament f\u00edsic en un dels paratges m\u00e9s emblem\u00e0tics de l&#8217;interior valenci\u00e0.<\/p>\n","protected":false},"excerpt":{"rendered":"<div class=\"mh-excerpt\">El pr\u00f2xim 15 de juny, el municipi de Millars ser\u00e0 escenari del \u201cDesafiament Terres del X\u00faquer &#8211; La Val\u00e8ncia Gravely\u201d, una jornada esportiva que reunir\u00e0 ciclistes en dues modalitats: Gravel i MTB (BTT). La prova, <a class=\"mh-excerpt-more\" href=\"https:\/\/www.tucomarca.com\/wordpress\/segunda\/ca\/millars-acull-el-desafiament-terres-del-xuquer-amb-proves-de-gravel-i-mtb\/\" title=\"Millars acull el \u201cDesafiament Terres del X\u00faquer\u201d amb proves de Gravel i MTB\">[+] <\/a><\/div>\n","protected":false},"author":12,"featured_media":268390,"comment_status":"open","ping_status":"open","sticky":false,"template":"","format":"standard","meta":{"footnotes":""},"categories":[11019,11013,11003,10963,10894,10970,10896],"tags":[13353,22595,11186],"class_list":{"0":"post-268391","1":"post","2":"type-post","3":"status-publish","4":"format-standard","5":"has-post-thumbnail","7":"category-agenda-ca","8":"category-ciclismo-ca","9":"category-sports","10":"category-la-canal-de-navarres-ca","11":"category-la-comarca-ca","12":"category-millares-ca","13":"category-seccion-ca","14":"tag-canal-de-navarres-ca","15":"tag-desafio-tierras-del-jucar","16":"tag-millares-ca"},"_links":{"self":[{"href":"https:\/\/www.tucomarca.com\/wordpress\/segunda\/ca\/wp-json\/wp\/v2\/posts\/268391","targetHints":{"allow":["GET"]}}],"collection":[{"href":"https:\/\/www.tucomarca.com\/wordpress\/segunda\/ca\/wp-json\/wp\/v2\/posts"}],"about":[{"href":"https:\/\/www.tucomarca.com\/wordpress\/segunda\/ca\/wp-json\/wp\/v2\/types\/post"}],"author":[{"embeddable":true,"href":"https:\/\/www.tucomarca.com\/wordpress\/segunda\/ca\/wp-json\/wp\/v2\/users\/12"}],"replies":[{"embeddable":true,"href":"https:\/\/www.tucomarca.com\/wordpress\/segunda\/ca\/wp-json\/wp\/v2\/comments?post=268391"}],"version-history":[{"count":0,"href":"https:\/\/www.tucomarca.com\/wordpress\/segunda\/ca\/wp-json\/wp\/v2\/posts\/268391\/revisions"}],"wp:featuredmedia":[{"embeddable":true,"href":"https:\/\/www.tucomarca.com\/wordpress\/segunda\/ca\/wp-json\/wp\/v2\/media\/268390"}],"wp:attachment":[{"href":"https:\/\/www.tucomarca.com\/wordpress\/segunda\/ca\/wp-json\/wp\/v2\/media?parent=268391"}],"wp:term":[{"taxonomy":"category","embeddable":true,"href":"https:\/\/www.tucomarca.com\/wordpress\/segunda\/ca\/wp-json\/wp\/v2\/categories?post=268391"},{"taxonomy":"post_tag","embeddable":true,"href":"https:\/\/www.tucomarca.com\/wordpress\/segunda\/ca\/wp-json\/wp\/v2\/tags?post=268391"}],"curies":[{"name":"wp","href":"https:\/\/api.w.org\/{rel}","templated":true}]}}