{"id":268491,"date":"2025-06-06T13:00:00","date_gmt":"2025-06-06T11:00:00","guid":{"rendered":"https:\/\/www.tucomarca.com\/wordpress\/segunda\/?p=268491"},"modified":"2025-06-06T14:53:38","modified_gmt":"2025-06-06T12:53:38","slug":"video-la-reobertura-del-pont-de-la-cv-425-danyat-per-la-dana-retorna-la-normalitat-a-aquesta-via-a-lespera-de-la-reconstruccio-de-la-resta-de-ponts-danyats-a-bunyol","status":"publish","type":"post","link":"https:\/\/www.tucomarca.com\/wordpress\/segunda\/ca\/video-la-reobertura-del-pont-de-la-cv-425-danyat-per-la-dana-retorna-la-normalitat-a-aquesta-via-a-lespera-de-la-reconstruccio-de-la-resta-de-ponts-danyats-a-bunyol\/","title":{"rendered":"V\u00eddeo: la reobertura del pont de la CV-425 danyat per la DANA retorna la normalitat a aquesta via a l&#8217;espera de la reconstrucci\u00f3 de la resta de ponts afectats a Bunyol"},"content":{"rendered":"\n<figure class=\"wp-block-embed is-type-video is-provider-youtube wp-block-embed-youtube wp-embed-aspect-16-9 wp-has-aspect-ratio\"><div class=\"wp-block-embed__wrapper\">\n<iframe loading=\"lazy\" title=\"V\u00eddeo: la reapertura del puente de la CV-425 da\u00f1ado por la DANA devuelve la normalidad a esta v\u00eda\" width=\"500\" height=\"281\" src=\"https:\/\/www.youtube.com\/embed\/uH3XRfBrZ14?feature=oembed\" frameborder=\"0\" allow=\"accelerometer; autoplay; clipboard-write; encrypted-media; gyroscope; picture-in-picture; web-share\" referrerpolicy=\"strict-origin-when-cross-origin\" allowfullscreen><\/iframe>\n<\/div><\/figure>\n\n\n\n<p>La Diputaci\u00f3 ha reobert aquesta setmana el pont de la CV-425 sobre el riu Bunyol danyat per la DANA; una important via de comunicaci\u00f3 que connecta els pobles de La Foia amb Bunyol i en la reparaci\u00f3 de la qual s&#8217;han invertit m\u00e9s de 3 milions d&#8217;euros.<\/p>\n\n\n\n<p><strong>tucomarca televisi\u00f3<\/strong> ha arreplegat el testimoniatge del president de la Diputaci\u00f3 de Val\u00e8ncia, Vicent Momp\u00f3; aix\u00ed com de la vicepresidenta segona i responsable de l&#8217;\u00e0rea de Carreteres de la Diputaci\u00f3 de Val\u00e8ncia, Reme Mazzolari; i de l&#8217;alcaldessa de Bunyol, Virg\u00ednia Sanz.<\/p>\n\n\n\n<p>Tots ells han valorat la recuperaci\u00f3 d&#8217;aquesta infraestructura i han avan\u00e7at l&#8217;estat en el qual es troben les obres de la resta de ponts danyats per la DANA en la localitat aix\u00ed com el projecte de remodelaci\u00f3 i millora de la CV-425 entre els municipis de Bunyol i Alboraig, que inclou la rotonda a l&#8217;altura de la cova Turche.<\/p>\n","protected":false},"excerpt":{"rendered":"<div class=\"mh-excerpt\">La Diputaci\u00f3 ha reobert aquesta setmana el pont de la CV-425 sobre el riu Bunyol danyat per la DANA; una important via de comunicaci\u00f3 que connecta els pobles de La Foia amb Bunyol i en <a class=\"mh-excerpt-more\" href=\"https:\/\/www.tucomarca.com\/wordpress\/segunda\/ca\/video-la-reobertura-del-pont-de-la-cv-425-danyat-per-la-dana-retorna-la-normalitat-a-aquesta-via-a-lespera-de-la-reconstruccio-de-la-resta-de-ponts-danyats-a-bunyol\/\" title=\"V\u00eddeo: la reobertura del pont de la CV-425 danyat per la DANA retorna la normalitat a aquesta via a l&#8217;espera de la reconstrucci\u00f3 de la resta de ponts afectats a Bunyol\">[+] <\/a><\/div>\n","protected":false},"author":1,"featured_media":268488,"comment_status":"open","ping_status":"open","sticky":false,"template":"","format":"video","meta":{"footnotes":""},"categories":[10973,10911,21466,10976,10898,10977,10980,10948,10894,10904,10912,10978,10903,10947,10896,10897,11062],"tags":[10913,13667,15409,11246,10914,21976],"class_list":{"0":"post-268491","1":"post","2":"type-post","3":"status-publish","4":"format-video","5":"has-post-thumbnail","7":"category-alborache-ca","8":"category-bunol-ca","9":"category-dana-ca","10":"category-dos-aguas-ca","11":"category-ventana-ca","12":"category-godelleta-ca","13":"category-yatova-ca","14":"category-infraestructuras-ca","15":"category-la-comarca-ca","16":"category-sin-categorizar-ca","17":"category-la-hoya-ca","18":"category-macastre-ca","19":"category-medio-ambiente-la-comarca-ca","20":"category-politica","21":"category-seccion-ca","22":"category-sucesos-la-comarca-ca","23":"category-videos","24":"tag-bunol-ca","25":"tag-cv-425-ca","26":"tag-dana-2-ca","27":"tag-diputacio-de-valencia-ca","28":"tag-la-hoya-de-bunol-chiva-ca","29":"tag-reconstruccion-ca","30":"post_format-post-format-video"},"_links":{"self":[{"href":"https:\/\/www.tucomarca.com\/wordpress\/segunda\/ca\/wp-json\/wp\/v2\/posts\/268491","targetHints":{"allow":["GET"]}}],"collection":[{"href":"https:\/\/www.tucomarca.com\/wordpress\/segunda\/ca\/wp-json\/wp\/v2\/posts"}],"about":[{"href":"https:\/\/www.tucomarca.com\/wordpress\/segunda\/ca\/wp-json\/wp\/v2\/types\/post"}],"author":[{"embeddable":true,"href":"https:\/\/www.tucomarca.com\/wordpress\/segunda\/ca\/wp-json\/wp\/v2\/users\/1"}],"replies":[{"embeddable":true,"href":"https:\/\/www.tucomarca.com\/wordpress\/segunda\/ca\/wp-json\/wp\/v2\/comments?post=268491"}],"version-history":[{"count":0,"href":"https:\/\/www.tucomarca.com\/wordpress\/segunda\/ca\/wp-json\/wp\/v2\/posts\/268491\/revisions"}],"wp:featuredmedia":[{"embeddable":true,"href":"https:\/\/www.tucomarca.com\/wordpress\/segunda\/ca\/wp-json\/wp\/v2\/media\/268488"}],"wp:attachment":[{"href":"https:\/\/www.tucomarca.com\/wordpress\/segunda\/ca\/wp-json\/wp\/v2\/media?parent=268491"}],"wp:term":[{"taxonomy":"category","embeddable":true,"href":"https:\/\/www.tucomarca.com\/wordpress\/segunda\/ca\/wp-json\/wp\/v2\/categories?post=268491"},{"taxonomy":"post_tag","embeddable":true,"href":"https:\/\/www.tucomarca.com\/wordpress\/segunda\/ca\/wp-json\/wp\/v2\/tags?post=268491"}],"curies":[{"name":"wp","href":"https:\/\/api.w.org\/{rel}","templated":true}]}}