{"id":268511,"date":"2025-06-09T08:50:00","date_gmt":"2025-06-09T06:50:00","guid":{"rendered":"https:\/\/www.tucomarca.com\/wordpress\/segunda\/?p=268511"},"modified":"2025-06-09T22:57:59","modified_gmt":"2025-06-09T20:57:59","slug":"setaigues-es-prepara-per-a-celebrar-el-seu-xlv-festival-de-bandes","status":"publish","type":"post","link":"https:\/\/www.tucomarca.com\/wordpress\/segunda\/ca\/setaigues-es-prepara-per-a-celebrar-el-seu-xlv-festival-de-bandes\/","title":{"rendered":"Setaig\u00fces es prepara per a celebrar el seu XLV Festival de Bandes"},"content":{"rendered":"<div class=\"wp-block-image\">\n<figure class=\"alignleft size-large is-resized\"><img loading=\"lazy\" decoding=\"async\" width=\"723\" height=\"1024\" src=\"http:\/\/www.tucomarca.com\/wordpress\/segunda\/wp-content\/uploads\/2025\/06\/Festival7Aguas-723x1024.jpg\" alt=\"\" class=\"wp-image-268508\" style=\"width:265px;height:auto\" srcset=\"https:\/\/www.tucomarca.com\/wordpress\/segunda\/wp-content\/uploads\/2025\/06\/Festival7Aguas-723x1024.jpg 723w, https:\/\/www.tucomarca.com\/wordpress\/segunda\/wp-content\/uploads\/2025\/06\/Festival7Aguas-212x300.jpg 212w, https:\/\/www.tucomarca.com\/wordpress\/segunda\/wp-content\/uploads\/2025\/06\/Festival7Aguas-768x1087.jpg 768w, https:\/\/www.tucomarca.com\/wordpress\/segunda\/wp-content\/uploads\/2025\/06\/Festival7Aguas.jpg 1080w\" sizes=\"auto, (max-width: 723px) 100vw, 723px\" \/><\/figure>\n<\/div>\n\n\n<p>La m\u00fasica torna a omplir els carrers de Setaig\u00fces amb motiu del XLV Festival de Bandes, que tindr\u00e0 lloc el dissabte 14 de juny a les 19.30 h en la Pla\u00e7a de la Constituci\u00f3.<br>L&#8217;esdeveniment comptar\u00e0 amb la participaci\u00f3 de l&#8217;Associaci\u00f3 Musical Mote\u00f1a de Mota de Corb i l&#8217;amfitriona, la Societat Musical La Paz de Setaig\u00fces.<br>Una cita imprescindible per als amants de la m\u00fasica de banda i la tradici\u00f3 cultural. No t&#8217;ho perdes!<\/p>\n","protected":false},"excerpt":{"rendered":"<div class=\"mh-excerpt\">La m\u00fasica torna a omplir els carrers de Setaig\u00fces amb motiu del XLV Festival de Bandes, que tindr\u00e0 lloc el dissabte 14 de juny a les 19.30 h en la Pla\u00e7a de la Constituci\u00f3.L&#8217;esdeveniment comptar\u00e0 <a class=\"mh-excerpt-more\" href=\"https:\/\/www.tucomarca.com\/wordpress\/segunda\/ca\/setaigues-es-prepara-per-a-celebrar-el-seu-xlv-festival-de-bandes\/\" title=\"Setaig\u00fces es prepara per a celebrar el seu XLV Festival de Bandes\">[+] <\/a><\/div>\n","protected":false},"author":12,"featured_media":268509,"comment_status":"open","ping_status":"open","sticky":false,"template":"","format":"standard","meta":{"footnotes":""},"categories":[11019,11005,10894,10912,11007,10896,10979],"tags":[10914,11157,22605],"class_list":{"0":"post-268511","1":"post","2":"type-post","3":"status-publish","4":"format-standard","5":"has-post-thumbnail","7":"category-agenda-ca","8":"category-canal-musica","9":"category-la-comarca-ca","10":"category-la-hoya-ca","11":"category-ocio-y-cultura-ca","12":"category-seccion-ca","13":"category-siete-aguas-ca","14":"tag-la-hoya-de-bunol-chiva-ca","15":"tag-siete-aguas-ca","16":"tag-xlv-festival-de-bandas-2"},"_links":{"self":[{"href":"https:\/\/www.tucomarca.com\/wordpress\/segunda\/ca\/wp-json\/wp\/v2\/posts\/268511","targetHints":{"allow":["GET"]}}],"collection":[{"href":"https:\/\/www.tucomarca.com\/wordpress\/segunda\/ca\/wp-json\/wp\/v2\/posts"}],"about":[{"href":"https:\/\/www.tucomarca.com\/wordpress\/segunda\/ca\/wp-json\/wp\/v2\/types\/post"}],"author":[{"embeddable":true,"href":"https:\/\/www.tucomarca.com\/wordpress\/segunda\/ca\/wp-json\/wp\/v2\/users\/12"}],"replies":[{"embeddable":true,"href":"https:\/\/www.tucomarca.com\/wordpress\/segunda\/ca\/wp-json\/wp\/v2\/comments?post=268511"}],"version-history":[{"count":0,"href":"https:\/\/www.tucomarca.com\/wordpress\/segunda\/ca\/wp-json\/wp\/v2\/posts\/268511\/revisions"}],"wp:featuredmedia":[{"embeddable":true,"href":"https:\/\/www.tucomarca.com\/wordpress\/segunda\/ca\/wp-json\/wp\/v2\/media\/268509"}],"wp:attachment":[{"href":"https:\/\/www.tucomarca.com\/wordpress\/segunda\/ca\/wp-json\/wp\/v2\/media?parent=268511"}],"wp:term":[{"taxonomy":"category","embeddable":true,"href":"https:\/\/www.tucomarca.com\/wordpress\/segunda\/ca\/wp-json\/wp\/v2\/categories?post=268511"},{"taxonomy":"post_tag","embeddable":true,"href":"https:\/\/www.tucomarca.com\/wordpress\/segunda\/ca\/wp-json\/wp\/v2\/tags?post=268511"}],"curies":[{"name":"wp","href":"https:\/\/api.w.org\/{rel}","templated":true}]}}