{"id":268540,"date":"2025-06-06T10:15:00","date_gmt":"2025-06-06T08:15:00","guid":{"rendered":"https:\/\/www.tucomarca.com\/wordpress\/segunda\/?p=268540"},"modified":"2025-06-06T15:35:56","modified_gmt":"2025-06-06T13:35:56","slug":"serafin-zubiri-porta-a-setaigues-el-seu-homenatge-a-nino-bravo-en-les-festes-patronals-2025","status":"publish","type":"post","link":"https:\/\/www.tucomarca.com\/wordpress\/segunda\/ca\/serafin-zubiri-porta-a-setaigues-el-seu-homenatge-a-nino-bravo-en-les-festes-patronals-2025\/","title":{"rendered":"Seraf\u00edn Zubiri porta a Setaig\u00fces el seu homenatge a Nino Bravo en les Festes Patronals 2025"},"content":{"rendered":"<div class=\"wp-block-image\">\n<figure class=\"alignleft size-large is-resized\"><img loading=\"lazy\" decoding=\"async\" width=\"683\" height=\"1024\" src=\"https:\/\/www.tucomarca.com\/wordpress\/segunda\/wp-content\/uploads\/2025\/06\/NinoBravo7Aguas-683x1024.jpg\" alt=\"\" class=\"wp-image-268537\" style=\"width:407px;height:auto\" srcset=\"https:\/\/www.tucomarca.com\/wordpress\/segunda\/wp-content\/uploads\/2025\/06\/NinoBravo7Aguas-683x1024.jpg 683w, https:\/\/www.tucomarca.com\/wordpress\/segunda\/wp-content\/uploads\/2025\/06\/NinoBravo7Aguas-200x300.jpg 200w, https:\/\/www.tucomarca.com\/wordpress\/segunda\/wp-content\/uploads\/2025\/06\/NinoBravo7Aguas-768x1152.jpg 768w, https:\/\/www.tucomarca.com\/wordpress\/segunda\/wp-content\/uploads\/2025\/06\/NinoBravo7Aguas-1024x1536.jpg 1024w, https:\/\/www.tucomarca.com\/wordpress\/segunda\/wp-content\/uploads\/2025\/06\/NinoBravo7Aguas.jpg 1080w\" sizes=\"auto, (max-width: 683px) 100vw, 683px\" \/><\/figure>\n<\/div>\n\n\n<p>Setaig\u00fces calfa motors per a la celebraci\u00f3 de les seues Festes Patronals 2025 i ho fa amb un anunci molt especial: Seraf\u00edn Zubiri actuar\u00e0 en la localitat dimarts que ve 24 de juny, amb el seu espectacle \u201cNino Bravo en ess\u00e8ncia\u201d, un emotiu i vibrant homenatge a l&#8217;ic\u00f2nic cantant valenci\u00e0.<\/p>\n\n\n\n<p>Ser\u00e0 a les 23.00 hores en la Pla\u00e7a de la Constituci\u00f3, amb entrada lliure, dins del programa de festes en honor a Sant Joan.<\/p>\n\n\n\n<p>El propi Zubiri ha volgut enviar un missatge d&#8217;avan\u00e7ament als seus seguidors, animant a tot el poble i visitants a gaudir d&#8217;una nit inoblidable, on reviurem els grans \u00e8xits de Nino Bravo amb una veu que ha emocionat a generacions.<\/p>\n\n\n\n<p>Un concert gratu\u00eft, a l&#8217;aire lliure i carregat d&#8217;emoci\u00f3 que promet ser un dels moments m\u00e9s destacats de les festes.<\/p>\n\n\n<div class=\"wp-block-image\">\n<figure class=\"alignleft size-large is-resized\"><img loading=\"lazy\" decoding=\"async\" width=\"1024\" height=\"697\" src=\"https:\/\/www.tucomarca.com\/wordpress\/segunda\/wp-content\/uploads\/2025\/06\/ZubiriNinoBravo-1024x697.jpg\" alt=\"\" class=\"wp-image-268534\" style=\"width:407px;height:auto\" srcset=\"https:\/\/www.tucomarca.com\/wordpress\/segunda\/wp-content\/uploads\/2025\/06\/ZubiriNinoBravo-1024x697.jpg 1024w, https:\/\/www.tucomarca.com\/wordpress\/segunda\/wp-content\/uploads\/2025\/06\/ZubiriNinoBravo-300x204.jpg 300w, https:\/\/www.tucomarca.com\/wordpress\/segunda\/wp-content\/uploads\/2025\/06\/ZubiriNinoBravo-768x523.jpg 768w, https:\/\/www.tucomarca.com\/wordpress\/segunda\/wp-content\/uploads\/2025\/06\/ZubiriNinoBravo.jpg 1181w\" sizes=\"auto, (max-width: 1024px) 100vw, 1024px\" \/><\/figure>\n<\/div>","protected":false},"excerpt":{"rendered":"<div class=\"mh-excerpt\">Setaig\u00fces calfa motors per a la celebraci\u00f3 de les seues Festes Patronals 2025 i ho fa amb un anunci molt especial: Seraf\u00edn Zubiri actuar\u00e0 en la localitat dimarts que ve 24 de juny, amb el <a class=\"mh-excerpt-more\" href=\"https:\/\/www.tucomarca.com\/wordpress\/segunda\/ca\/serafin-zubiri-porta-a-setaigues-el-seu-homenatge-a-nino-bravo-en-les-festes-patronals-2025\/\" title=\"Seraf\u00edn Zubiri porta a Setaig\u00fces el seu homenatge a Nino Bravo en les Festes Patronals 2025\">[+] <\/a><\/div>\n","protected":false},"author":12,"featured_media":268538,"comment_status":"open","ping_status":"open","sticky":false,"template":"","format":"standard","meta":{"footnotes":""},"categories":[11019,10894,10912,11007,10896,10979],"tags":[10914,22607,14631,11157],"class_list":{"0":"post-268540","1":"post","2":"type-post","3":"status-publish","4":"format-standard","5":"has-post-thumbnail","7":"category-agenda-ca","8":"category-la-comarca-ca","9":"category-la-hoya-ca","10":"category-ocio-y-cultura-ca","11":"category-seccion-ca","12":"category-siete-aguas-ca","13":"tag-la-hoya-de-bunol-chiva-ca","14":"tag-nino-bravo-en-esencia-ca","15":"tag-serafin-zubiri-ca","16":"tag-siete-aguas-ca"},"_links":{"self":[{"href":"https:\/\/www.tucomarca.com\/wordpress\/segunda\/ca\/wp-json\/wp\/v2\/posts\/268540","targetHints":{"allow":["GET"]}}],"collection":[{"href":"https:\/\/www.tucomarca.com\/wordpress\/segunda\/ca\/wp-json\/wp\/v2\/posts"}],"about":[{"href":"https:\/\/www.tucomarca.com\/wordpress\/segunda\/ca\/wp-json\/wp\/v2\/types\/post"}],"author":[{"embeddable":true,"href":"https:\/\/www.tucomarca.com\/wordpress\/segunda\/ca\/wp-json\/wp\/v2\/users\/12"}],"replies":[{"embeddable":true,"href":"https:\/\/www.tucomarca.com\/wordpress\/segunda\/ca\/wp-json\/wp\/v2\/comments?post=268540"}],"version-history":[{"count":0,"href":"https:\/\/www.tucomarca.com\/wordpress\/segunda\/ca\/wp-json\/wp\/v2\/posts\/268540\/revisions"}],"wp:featuredmedia":[{"embeddable":true,"href":"https:\/\/www.tucomarca.com\/wordpress\/segunda\/ca\/wp-json\/wp\/v2\/media\/268538"}],"wp:attachment":[{"href":"https:\/\/www.tucomarca.com\/wordpress\/segunda\/ca\/wp-json\/wp\/v2\/media?parent=268540"}],"wp:term":[{"taxonomy":"category","embeddable":true,"href":"https:\/\/www.tucomarca.com\/wordpress\/segunda\/ca\/wp-json\/wp\/v2\/categories?post=268540"},{"taxonomy":"post_tag","embeddable":true,"href":"https:\/\/www.tucomarca.com\/wordpress\/segunda\/ca\/wp-json\/wp\/v2\/tags?post=268540"}],"curies":[{"name":"wp","href":"https:\/\/api.w.org\/{rel}","templated":true}]}}