{"id":268552,"date":"2025-06-06T11:00:00","date_gmt":"2025-06-06T09:00:00","guid":{"rendered":"https:\/\/www.tucomarca.com\/wordpress\/segunda\/?p=268552"},"modified":"2025-06-06T15:28:08","modified_gmt":"2025-06-06T13:28:08","slug":"finalitza-el-curs-de-persones-cuidadores-no-professionals-impartit-per-la-mancomunitat-foia-de-bunyol-xiva","status":"publish","type":"post","link":"https:\/\/www.tucomarca.com\/wordpress\/segunda\/ca\/finalitza-el-curs-de-persones-cuidadores-no-professionals-impartit-per-la-mancomunitat-foia-de-bunyol-xiva\/","title":{"rendered":"Finalitza el curs de persones cuidadores no professionals impartit per la Mancomunitat Foia de Bunyol Xiva"},"content":{"rendered":"\n<h3 class=\"wp-block-heading\">M\u00e9s de 40 persones han finalitzat amb \u00e8xit les sessions del curs de Persones Cuidadores No Professionals.<\/h3>\n\n\n\n<p>El curs de formaci\u00f3 per a Persones Cuidadores No Professionals, organitzat per l&#8217;\u00e0rea de Serveis Socials de la Mancomunitat Foia de Bunyol-Xiva en col\u00b7laboraci\u00f3 amb la Conselleria de Serveis Socials, Igualtat i Habitatge, ha celebrat hui la seua \u00faltima sessi\u00f3 en la seu de la Mancomunitat, situada a I\u00e0tova.<br>\u2028Durant totes les jornades formatives, les persones participants han rebut formaci\u00f3 especialitzada impartida per personal professional que ha abordat diferents continguts clau per a millorar l&#8217;atenci\u00f3 di\u00e0ria a persones en situaci\u00f3 de depend\u00e8ncia.<br>\u2028En aquesta \u00faltima sessi\u00f3 les representants de l&#8217;associaci\u00f3 fam\u00edlies Valentes, han impartit una nova xarrada en la qual han presentat l&#8217;associaci\u00f3 al mateix temps que han aportat experi\u00e8ncia i coneixement als assistents. De la mateixa manera, els representants del Campus Diversia han impartit la xarrada \u201cCuidar al cuidador\u201d, concloent les sessions amb l&#8217;equip de la \u201cAula Respir\u201d que ha realitzat una sessi\u00f3 de ter\u00e0pia amb tots els assistents.<\/p>\n\n\n\n<p>El curs, impartit durant cinc setmanes, ha tingut una duraci\u00f3 total de 25 hores lectives<br>\u2028L&#8217;acc\u00e9s a aquestes sessions ha sigut de car\u00e0cter gratu\u00eft i respon a l&#8217;objectiu marcat per la Mancomunitat d&#8217;oferir serveis que donen resposta efica\u00e7 a les necessitats de la ciutadania en el seu entorn d&#8217;influ\u00e8ncia.<\/p>\n","protected":false},"excerpt":{"rendered":"<div class=\"mh-excerpt\">M\u00e9s de 40 persones han finalitzat amb \u00e8xit les sessions del curs de Persones Cuidadores No Professionals. El curs de formaci\u00f3 per a Persones Cuidadores No Professionals, organitzat per l&#8217;\u00e0rea de Serveis Socials de la <a class=\"mh-excerpt-more\" href=\"https:\/\/www.tucomarca.com\/wordpress\/segunda\/ca\/finalitza-el-curs-de-persones-cuidadores-no-professionals-impartit-per-la-mancomunitat-foia-de-bunyol-xiva\/\" title=\"Finalitza el curs de persones cuidadores no professionals impartit per la Mancomunitat Foia de Bunyol Xiva\">[+] <\/a><\/div>\n","protected":false},"author":12,"featured_media":268551,"comment_status":"open","ping_status":"open","sticky":false,"template":"","format":"standard","meta":{"footnotes":""},"categories":[11010,10980,10948,10894,10912,10947,10896],"tags":[10914,11514,11141],"class_list":{"0":"post-268552","1":"post","2":"type-post","3":"status-publish","4":"format-standard","5":"has-post-thumbnail","7":"category-canal-salud","8":"category-yatova-ca","9":"category-infraestructuras-ca","10":"category-la-comarca-ca","11":"category-la-hoya-ca","12":"category-politica","13":"category-seccion-ca","14":"tag-la-hoya-de-bunol-chiva-ca","15":"tag-mancomunidad-de-la-hoya-de-bunol-chiva-ca","16":"tag-yatova-ca"},"_links":{"self":[{"href":"https:\/\/www.tucomarca.com\/wordpress\/segunda\/ca\/wp-json\/wp\/v2\/posts\/268552","targetHints":{"allow":["GET"]}}],"collection":[{"href":"https:\/\/www.tucomarca.com\/wordpress\/segunda\/ca\/wp-json\/wp\/v2\/posts"}],"about":[{"href":"https:\/\/www.tucomarca.com\/wordpress\/segunda\/ca\/wp-json\/wp\/v2\/types\/post"}],"author":[{"embeddable":true,"href":"https:\/\/www.tucomarca.com\/wordpress\/segunda\/ca\/wp-json\/wp\/v2\/users\/12"}],"replies":[{"embeddable":true,"href":"https:\/\/www.tucomarca.com\/wordpress\/segunda\/ca\/wp-json\/wp\/v2\/comments?post=268552"}],"version-history":[{"count":0,"href":"https:\/\/www.tucomarca.com\/wordpress\/segunda\/ca\/wp-json\/wp\/v2\/posts\/268552\/revisions"}],"wp:featuredmedia":[{"embeddable":true,"href":"https:\/\/www.tucomarca.com\/wordpress\/segunda\/ca\/wp-json\/wp\/v2\/media\/268551"}],"wp:attachment":[{"href":"https:\/\/www.tucomarca.com\/wordpress\/segunda\/ca\/wp-json\/wp\/v2\/media?parent=268552"}],"wp:term":[{"taxonomy":"category","embeddable":true,"href":"https:\/\/www.tucomarca.com\/wordpress\/segunda\/ca\/wp-json\/wp\/v2\/categories?post=268552"},{"taxonomy":"post_tag","embeddable":true,"href":"https:\/\/www.tucomarca.com\/wordpress\/segunda\/ca\/wp-json\/wp\/v2\/tags?post=268552"}],"curies":[{"name":"wp","href":"https:\/\/api.w.org\/{rel}","templated":true}]}}