{"id":268650,"date":"2025-06-07T11:00:00","date_gmt":"2025-06-07T09:00:00","guid":{"rendered":"https:\/\/www.tucomarca.com\/wordpress\/segunda\/?p=268650"},"modified":"2025-06-07T11:03:47","modified_gmt":"2025-06-07T09:03:47","slug":"video-entrevista-amb-lalcalde-de-turis-ismael-corell-pit-a-escassos-dies-de-cedir-la-vara-de-comandament-a-paco-ricau-pp-en-la-localitat","status":"publish","type":"post","link":"https:\/\/www.tucomarca.com\/wordpress\/segunda\/ca\/video-entrevista-amb-lalcalde-de-turis-ismael-corell-pit-a-escassos-dies-de-cedir-la-vara-de-comandament-a-paco-ricau-pp-en-la-localitat\/","title":{"rendered":"V\u00eddeo entrevista amb l&#8217;alcalde de Tur\u00eds, Ismael Corell (PIT), a escassos dies de cedir la vara de comandament a Paco Ricau (PP) en la localitat"},"content":{"rendered":"\n<figure class=\"wp-block-embed is-type-video is-provider-youtube wp-block-embed-youtube wp-embed-aspect-16-9 wp-has-aspect-ratio\"><div class=\"wp-block-embed__wrapper\">\n<iframe loading=\"lazy\" title=\"V\u00eddeoentrevista con Ismael Corell (PIT) a pocos d\u00edas de ceder la alcald\u00eda a Paco Ricau (PP) en Tur\u00eds\" width=\"500\" height=\"281\" src=\"https:\/\/www.youtube.com\/embed\/2JsD-qskUAM?feature=oembed\" frameborder=\"0\" allow=\"accelerometer; autoplay; clipboard-write; encrypted-media; gyroscope; picture-in-picture; web-share\" referrerpolicy=\"strict-origin-when-cross-origin\" allowfullscreen><\/iframe>\n<\/div><\/figure>\n\n\n\n<p>L&#8217;alcalde de Tur\u00eds, Ismael Corell (PIT), explica en aquesta v\u00eddeo entrevista realitzada per <strong>tucomarca televisi\u00f3<\/strong> com s&#8217;han desenvolupat aquests dos primers anys de legislatura en la localitat a escassos dies de tindre lloc el ple extraordinari en el qual cedir\u00e0 la vara de comandament a Paco Ricau (PP) en virtut del pacte de govern municipal subscrit per totes dues formacions pol\u00edtiques. <\/p>\n\n\n\n<p>Dos anys de legislatura que estan marcats per la greu afecci\u00f3 de la catastr\u00f2fica DANA que tamb\u00e9 va danyar enormement al terme municipal de la localitat.<\/p>\n","protected":false},"excerpt":{"rendered":"<div class=\"mh-excerpt\">L&#8217;alcalde de Tur\u00eds, Ismael Corell (PIT), explica en aquesta v\u00eddeo entrevista realitzada per tucomarca televisi\u00f3 com s&#8217;han desenvolupat aquests dos primers anys de legislatura en la localitat a escassos dies de tindre lloc el ple <a class=\"mh-excerpt-more\" href=\"https:\/\/www.tucomarca.com\/wordpress\/segunda\/ca\/video-entrevista-amb-lalcalde-de-turis-ismael-corell-pit-a-escassos-dies-de-cedir-la-vara-de-comandament-a-paco-ricau-pp-en-la-localitat\/\" title=\"V\u00eddeo entrevista amb l&#8217;alcalde de Tur\u00eds, Ismael Corell (PIT), a escassos dies de cedir la vara de comandament a Paco Ricau (PP) en la localitat\">[+] <\/a><\/div>\n","protected":false},"author":1,"featured_media":268645,"comment_status":"open","ping_status":"open","sticky":false,"template":"","format":"video","meta":{"footnotes":""},"categories":[21466,10898,10904,10902,11047,11062],"tags":[14843,22617,11077,22616,11344,11093],"class_list":{"0":"post-268650","1":"post","2":"type-post","3":"status-publish","4":"format-video","5":"has-post-thumbnail","7":"category-dana-ca","8":"category-ventana-ca","9":"category-sin-categorizar-ca","10":"category-la-ribera-ca","11":"category-turis-ca","12":"category-videos","13":"tag-alcaldia-ca","14":"tag-cambio-2","15":"tag-la-ribera-alta-ca","16":"tag-pit-ca","17":"tag-pp-ca","18":"tag-turis-ca","19":"post_format-post-format-video"},"_links":{"self":[{"href":"https:\/\/www.tucomarca.com\/wordpress\/segunda\/ca\/wp-json\/wp\/v2\/posts\/268650","targetHints":{"allow":["GET"]}}],"collection":[{"href":"https:\/\/www.tucomarca.com\/wordpress\/segunda\/ca\/wp-json\/wp\/v2\/posts"}],"about":[{"href":"https:\/\/www.tucomarca.com\/wordpress\/segunda\/ca\/wp-json\/wp\/v2\/types\/post"}],"author":[{"embeddable":true,"href":"https:\/\/www.tucomarca.com\/wordpress\/segunda\/ca\/wp-json\/wp\/v2\/users\/1"}],"replies":[{"embeddable":true,"href":"https:\/\/www.tucomarca.com\/wordpress\/segunda\/ca\/wp-json\/wp\/v2\/comments?post=268650"}],"version-history":[{"count":0,"href":"https:\/\/www.tucomarca.com\/wordpress\/segunda\/ca\/wp-json\/wp\/v2\/posts\/268650\/revisions"}],"wp:featuredmedia":[{"embeddable":true,"href":"https:\/\/www.tucomarca.com\/wordpress\/segunda\/ca\/wp-json\/wp\/v2\/media\/268645"}],"wp:attachment":[{"href":"https:\/\/www.tucomarca.com\/wordpress\/segunda\/ca\/wp-json\/wp\/v2\/media?parent=268650"}],"wp:term":[{"taxonomy":"category","embeddable":true,"href":"https:\/\/www.tucomarca.com\/wordpress\/segunda\/ca\/wp-json\/wp\/v2\/categories?post=268650"},{"taxonomy":"post_tag","embeddable":true,"href":"https:\/\/www.tucomarca.com\/wordpress\/segunda\/ca\/wp-json\/wp\/v2\/tags?post=268650"}],"curies":[{"name":"wp","href":"https:\/\/api.w.org\/{rel}","templated":true}]}}