{"id":268765,"date":"2025-06-10T11:50:00","date_gmt":"2025-06-10T09:50:00","guid":{"rendered":"https:\/\/www.tucomarca.com\/wordpress\/segunda\/?p=268765"},"modified":"2025-06-10T14:02:52","modified_gmt":"2025-06-10T12:02:52","slug":"la-imatge-pelegrina-de-la-verge-dels-desemparats-recorrera-a-partir-daquest-divendres-i-durant-el-cap-de-setmana-les-zones-afectades-per-la-dana-a-xiva","status":"publish","type":"post","link":"https:\/\/www.tucomarca.com\/wordpress\/segunda\/ca\/la-imatge-pelegrina-de-la-verge-dels-desemparats-recorrera-a-partir-daquest-divendres-i-durant-el-cap-de-setmana-les-zones-afectades-per-la-dana-a-xiva\/","title":{"rendered":"La imatge pelegrina de la Verge dels Desemparats recorrer\u00e0 a partir d&#8217;aquest divendres i durant el cap de setmana les zones afectades per la DANA a Xiva\u00a0"},"content":{"rendered":"\n<h3 class=\"wp-block-heading\">Rector, Jos\u00e9 Javier Costa: \u201cLa Mare de D\u00e9u ens acompanyar\u00e0 espiritualment donant esperan\u00e7a i consol a tantes fam\u00edlies i damnificats\u201d.<\/h3>\n\n\n\n<h3 class=\"wp-block-heading\">Professionals del Centre Dioces\u00e0 d&#8217;Escolta realitzen atencions a afectats i voluntaris \u201cper a traure tamb\u00e9 el fang de les \u00e0nimes\u201d.<\/h3>\n\n\n\n<p>La imatge pelegrina de la Verge dels Desemparats visitar\u00e0 a partir d&#8217;aquest divendres i durant el cap de setmana la localitat valenciana de Xiva on recorrer\u00e0 zones afectades per la DANA, acompanyada per la imatge de la Verge del Castell, despr\u00e9s de la seua arribada a les 17 hores.<br>La imatge de la Mare de D\u00e9u passar\u00e0 pels voltants del pont, cases i el barranc que travessa el centre de la poblaci\u00f3 i que va quedar desbordat per les inundacions del passat mes d&#8217;octubre.<br>Segons el rector, Jos\u00e9 Javier Costa, els treballs de reconstrucci\u00f3 estan avan\u00e7ant i agraeix la labor i les ajudes fonamentalment de C\u00e0ritas i Creu Roja. Amb aquesta visita, la Mare de D\u00e9u ens acompanyar\u00e0 tamb\u00e9 espiritualment donant esperan\u00e7a i consol a tantes fam\u00edlies i damnificats, assegura.<br>Coincidint amb la pres\u00e8ncia de la Mare de D\u00e9u, diversos professionals del Centre Dioces\u00e0 d&#8217;Escolta s&#8217;estan despla\u00e7ant aquesta setmana -i les dues pr\u00f2ximes- a Xiva per a impartir xarrades i realitzar atencions individuals a persones afectades i voluntaris, amb la finalitat de \u201ctraure tamb\u00e9 el fang de les \u00e0nimes\u201d, afirma.<br>A les 19 hores del divendres, el Bisbe auxiliar de Val\u00e8ncia monsenyor Arturo Javier Garc\u00eda presidir\u00e0 una missa en la parr\u00f2quia Sant Joan Baptista amenitzada amb els cants de Ema\u00fas. Posteriorment, se celebrar\u00e0 una Vig\u00edlia d&#8217;oraci\u00f3, a les 20.30 hores.<\/p>\n\n\n\n<p><strong>Celebracions el dissabte i el diumenge<\/strong><\/p>\n\n\n\n<p>El dissabte, 14 de juny, al mat\u00ed, tindr\u00e0 lloc una romeria a les 10.30 hores per alguns carrers de la poblaci\u00f3, amb parada en la resid\u00e8ncia de majors, on hi haur\u00e0 un moment d&#8217;oraci\u00f3, i de nou la imatge tornar\u00e0 a l&#8217;esgl\u00e9sia. A la vesprada se celebrar\u00e0 una Ofrena, a les 19 hores.<br>El diumenge 15 de juny, se celebrar\u00e0 Missa solemne a les 12 hores, i seran presentats els xiquets i xiquetes a la Verge. A la vesprada a les 17 hores, es desenvolupar\u00e0 la process\u00f3 de comiat amb la imatge de la Verge dels Desemparats i es realitzar\u00e0 la pujada de la Verge del Castell.<\/p>\n","protected":false},"excerpt":{"rendered":"<div class=\"mh-excerpt\">Rector, Jos\u00e9 Javier Costa: \u201cLa Mare de D\u00e9u ens acompanyar\u00e0 espiritualment donant esperan\u00e7a i consol a tantes fam\u00edlies i damnificats\u201d. Professionals del Centre Dioces\u00e0 d&#8217;Escolta realitzen atencions a afectats i voluntaris \u201cper a traure tamb\u00e9 <a class=\"mh-excerpt-more\" href=\"https:\/\/www.tucomarca.com\/wordpress\/segunda\/ca\/la-imatge-pelegrina-de-la-verge-dels-desemparats-recorrera-a-partir-daquest-divendres-i-durant-el-cap-de-setmana-les-zones-afectades-per-la-dana-a-xiva\/\" title=\"La imatge pelegrina de la Verge dels Desemparats recorrer\u00e0 a partir d&#8217;aquest divendres i durant el cap de setmana les zones afectades per la DANA a Xiva\u00a0\">[+] <\/a><\/div>\n","protected":false},"author":12,"featured_media":268764,"comment_status":"open","ping_status":"open","sticky":false,"template":"","format":"standard","meta":{"footnotes":""},"categories":[10894,10912,10896,10975],"tags":[11195,10914,19477,22631],"class_list":{"0":"post-268765","1":"post","2":"type-post","3":"status-publish","4":"format-standard","5":"has-post-thumbnail","7":"category-la-comarca-ca","8":"category-la-hoya-ca","9":"category-seccion-ca","10":"category-chiva-ca","11":"tag-chiva-ca","12":"tag-la-hoya-de-bunol-chiva-ca","13":"tag-virgen-de-los-desamparados-ca","14":"tag-virgen-peregrina-ca"},"_links":{"self":[{"href":"https:\/\/www.tucomarca.com\/wordpress\/segunda\/ca\/wp-json\/wp\/v2\/posts\/268765","targetHints":{"allow":["GET"]}}],"collection":[{"href":"https:\/\/www.tucomarca.com\/wordpress\/segunda\/ca\/wp-json\/wp\/v2\/posts"}],"about":[{"href":"https:\/\/www.tucomarca.com\/wordpress\/segunda\/ca\/wp-json\/wp\/v2\/types\/post"}],"author":[{"embeddable":true,"href":"https:\/\/www.tucomarca.com\/wordpress\/segunda\/ca\/wp-json\/wp\/v2\/users\/12"}],"replies":[{"embeddable":true,"href":"https:\/\/www.tucomarca.com\/wordpress\/segunda\/ca\/wp-json\/wp\/v2\/comments?post=268765"}],"version-history":[{"count":0,"href":"https:\/\/www.tucomarca.com\/wordpress\/segunda\/ca\/wp-json\/wp\/v2\/posts\/268765\/revisions"}],"wp:featuredmedia":[{"embeddable":true,"href":"https:\/\/www.tucomarca.com\/wordpress\/segunda\/ca\/wp-json\/wp\/v2\/media\/268764"}],"wp:attachment":[{"href":"https:\/\/www.tucomarca.com\/wordpress\/segunda\/ca\/wp-json\/wp\/v2\/media?parent=268765"}],"wp:term":[{"taxonomy":"category","embeddable":true,"href":"https:\/\/www.tucomarca.com\/wordpress\/segunda\/ca\/wp-json\/wp\/v2\/categories?post=268765"},{"taxonomy":"post_tag","embeddable":true,"href":"https:\/\/www.tucomarca.com\/wordpress\/segunda\/ca\/wp-json\/wp\/v2\/tags?post=268765"}],"curies":[{"name":"wp","href":"https:\/\/api.w.org\/{rel}","templated":true}]}}